{"id":100293,"date":"2023-09-18T18:07:00","date_gmt":"2023-09-18T14:07:00","guid":{"rendered":"https:\/\/fedai.az\/?p=100293"},"modified":"2024-09-18T18:11:08","modified_gmt":"2024-09-18T14:11:08","slug":"kitabxanaya-uzeyir-hacib%c9%99yli-az%c9%99rbaycan-milli-b%c9%99st%c9%99karliq-m%c9%99kt%c9%99binin-t%c9%99m%c9%99l-sutunudur-adli-m%c9%99qal%c9%99-t%c9%99qdim-olunub","status":"publish","type":"post","link":"https:\/\/fedai.az\/?p=100293","title":{"rendered":"Kitabxanaya \u201c\u00dczeyir Hac\u0131b\u0259yli Az\u0259rbaycan milli b\u0259st\u0259karl\u0131q m\u0259kt\u0259binin t\u0259m\u0259l s\u00fctunudur\u201d adl\u0131 m\u0259qal\u0259 t\u0259qdim olunub"},"content":{"rendered":"\n<p>Bak\u0131 \u015e\u0259h\u0259r M\u0259d\u0259niyy\u0259t Ba\u015f \u0130dar\u0259sinin tabeliyind\u0259 olan Yasamal rayon M\u0259rk\u0259zl\u0259\u015fdirilmi\u015f Kitabxana Sisteminin M\u0259rk\u0259zi Kitabxanas\u0131n\u0131n F\u0259xri oxucusu Cavan\u015fir Feyziyev \u201c\u00dczeyir Hac\u0131b\u0259yli Az\u0259rbaycan milli b\u0259st\u0259karl\u0131q m\u0259kt\u0259binin t\u0259m\u0259l s\u00fctunudur\u201d adl\u0131 m\u0259qal\u0259ni oxuculara t\u0259qdim edib.<\/p>\n\n\n\n<p>\u00dczeyir Hac\u0131b\u0259yliy\u0259 h\u0259sr olunan m\u0259qal\u0259d\u0259 onun h\u0259yat v\u0259 f\u0259aliyy\u0259ti, \u00e7ox\u015fax\u0259li yarad\u0131c\u0131l\u0131\u011f\u0131 v\u0259 \u0259rs\u0259y\u0259 g\u0259tirdiyi s\u0259n\u0259t incil\u0259ri bar\u0259d\u0259 m\u0259lumat verilib.<\/p>\n\n\n\n<p>A\u015fa\u011f\u0131dak\u0131 ke\u00e7id\u0259 daxil olaraq m\u0259qal\u0259 il\u0259 tan\u0131\u015f ola bil\u0259rsiniz:<\/p>\n\n\n\n<p><a href=\"https:\/\/drive.google.com\/file\/d\/1Jd0TIDC2hW7vgCAoK9RRYZuSpIiRuvfF\/view\">https:\/\/drive.google.com\/file\/d\/1Jd0TIDC2hW7vgCAoK9RRYZuSpIiRuvfF\/view<\/a><\/p>\n","protected":false},"excerpt":{"rendered":"<p>Bak\u0131 \u015e\u0259h\u0259r M\u0259d\u0259niyy\u0259t Ba\u015f \u0130dar\u0259sinin tabeliyind\u0259 olan Yasamal rayon M\u0259rk\u0259zl\u0259\u015fdirilmi\u015f Kitabxana Sisteminin M\u0259rk\u0259zi Kitabxanas\u0131n\u0131n F\u0259xri oxucusu Cavan\u015fir Feyziyev \u201c\u00dczeyir Hac\u0131b\u0259yli Az\u0259rbaycan milli b\u0259st\u0259karl\u0131q m\u0259kt\u0259binin<\/p>\n","protected":false},"author":2,"featured_media":100294,"comment_status":"closed","ping_status":"closed","sticky":false,"template":"","format":"standard","meta":{"footnotes":""},"categories":[3],"tags":[],"class_list":["post-100293","post","type-post","status-publish","format-standard","has-post-thumbnail","hentry","category-gundm"],"aioseo_notices":[],"_links":{"self":[{"href":"https:\/\/fedai.az\/index.php?rest_route=\/wp\/v2\/posts\/100293","targetHints":{"allow":["GET"]}}],"collection":[{"href":"https:\/\/fedai.az\/index.php?rest_route=\/wp\/v2\/posts"}],"about":[{"href":"https:\/\/fedai.az\/index.php?rest_route=\/wp\/v2\/types\/post"}],"author":[{"embeddable":true,"href":"https:\/\/fedai.az\/index.php?rest_route=\/wp\/v2\/users\/2"}],"replies":[{"embeddable":true,"href":"https:\/\/fedai.az\/index.php?rest_route=%2Fwp%2Fv2%2Fcomments&post=100293"}],"version-history":[{"count":3,"href":"https:\/\/fedai.az\/index.php?rest_route=\/wp\/v2\/posts\/100293\/revisions"}],"predecessor-version":[{"id":100297,"href":"https:\/\/fedai.az\/index.php?rest_route=\/wp\/v2\/posts\/100293\/revisions\/100297"}],"wp:featuredmedia":[{"embeddable":true,"href":"https:\/\/fedai.az\/index.php?rest_route=\/wp\/v2\/media\/100294"}],"wp:attachment":[{"href":"https:\/\/fedai.az\/index.php?rest_route=%2Fwp%2Fv2%2Fmedia&parent=100293"}],"wp:term":[{"taxonomy":"category","embeddable":true,"href":"https:\/\/fedai.az\/index.php?rest_route=%2Fwp%2Fv2%2Fcategories&post=100293"},{"taxonomy":"post_tag","embeddable":true,"href":"https:\/\/fedai.az\/index.php?rest_route=%2Fwp%2Fv2%2Ftags&post=100293"}],"curies":[{"name":"wp","href":"https:\/\/api.w.org\/{rel}","templated":true}]}}