{"id":100361,"date":"2024-09-22T14:25:50","date_gmt":"2024-09-22T10:25:50","guid":{"rendered":"https:\/\/fedai.az\/?p=100361"},"modified":"2024-09-23T14:32:18","modified_gmt":"2024-09-23T10:32:18","slug":"daha-iki-veteranimizin-dogum-gunu-qeyd-olundu","status":"publish","type":"post","link":"https:\/\/fedai.az\/?p=100361","title":{"rendered":"Daha iki veteran\u0131m\u0131z\u0131n do\u011fum g\u00fcn\u00fc qeyd olundu"},"content":{"rendered":"\n<p class=\"wp-block-paragraph\">22.09.2024-c\u00fc ild\u0259 daha iki veteran\u0131m\u0131z\u0131n do\u011fum g\u00fcn\u00fc qeyd edilmi\u015fdir.<\/p>\n\n\n\n<p class=\"wp-block-paragraph\">Veteranlar\u0131m\u0131zdan &#171;Az\u0259rbaycan bayra\u011f\u0131&#187; ordeni il\u0259 t\u0259ltif olunmu\u015f polkovnik-leytenant Ba\u011f\u0131rov Eynullan\u0131n 62 ya\u015f\u0131 tamam olmu\u015fdur.<\/p>\n\n\n\n<p class=\"wp-block-paragraph\">Dig\u0259r veteran\u0131m\u0131z, ehtiyatda olan zabit Vahid Pirv\u0259liyevin is\u0259 yubileyi ke\u00e7irilmi\u015fdir. Vahid m\u00fc\u0259llimin 65 ya\u015f\u0131 tamam olmu\u015fdur.<\/p>\n\n\n\n<p class=\"wp-block-paragraph\">Az\u0259rbaycan V\u0259t\u0259n M\u00fcharib\u0259si Veteranlar\u0131 \u0130ctimai Birliyinin (AVMV\u0130B) r\u0259hb\u0259rliyi h\u0259r iki veteran\u0131m\u0131z\u0131 do\u011fum g\u00fcn\u00fc m\u00fcnasib\u0259ti il\u0259 t\u0259brik edir, ona uzun \u00f6m\u00fcr, cansa\u011fl\u0131\u011f\u0131 arzu edir.<\/p>\n\n\n\n<p class=\"wp-block-paragraph\"><strong>AVMV\u0130B M\u0259tbuat xidm\u0259ti<\/strong><\/p>\n","protected":false},"excerpt":{"rendered":"<p>22.09.2024-c\u00fc ild\u0259 daha iki veteran\u0131m\u0131z\u0131n do\u011fum g\u00fcn\u00fc qeyd edilmi\u015fdir. Veteranlar\u0131m\u0131zdan &#171;Az\u0259rbaycan bayra\u011f\u0131&#187; ordeni il\u0259 t\u0259ltif olunmu\u015f polkovnik-leytenant Ba\u011f\u0131rov Eynullan\u0131n 62 ya\u015f\u0131 tamam olmu\u015fdur. Dig\u0259r<\/p>\n","protected":false},"author":2,"featured_media":100362,"comment_status":"closed","ping_status":"closed","sticky":false,"template":"","format":"standard","meta":{"footnotes":""},"categories":[11],"tags":[],"class_list":["post-100361","post","type-post","status-publish","format-standard","has-post-thumbnail","hentry","category-tbrik"],"aioseo_notices":[],"aioseo_head":"\n\t\t<!-- All in One SEO 5.0.0.1 - aioseo.com -->\n\t<meta name=\"description\" content=\"22.09.2024-c\u00fc ild\u0259 daha iki veteran\u0131m\u0131z\u0131n do\u011fum g\u00fcn\u00fc qeyd edilmi\u015fdir. Veteranlar\u0131m\u0131zdan &quot;Az\u0259rbaycan bayra\u011f\u0131&quot; ordeni il\u0259 t\u0259ltif olunmu\u015f polkovnik-leytenant Ba\u011f\u0131rov Eynullan\u0131n 62 ya\u015f\u0131 tamam olmu\u015fdur. Dig\u0259r veteran\u0131m\u0131z, ehtiyatda olan zabit Vahid Pirv\u0259liyevin is\u0259 yubileyi ke\u00e7irilmi\u015fdir. Vahid m\u00fc\u0259llimin 65 ya\u015f\u0131 tamam olmu\u015fdur. Az\u0259rbaycan V\u0259t\u0259n M\u00fcharib\u0259si Veteranlar\u0131 \u0130ctimai Birliyinin (AVMV\u0130B) r\u0259hb\u0259rliyi h\u0259r iki veteran\u0131m\u0131z\u0131 do\u011fum g\u00fcn\u00fc m\u00fcnasib\u0259ti il\u0259 t\u0259brik\" \/>\n\t<meta name=\"robots\" content=\"max-image-preview:large\" \/>\n\t<meta name=\"author\" content=\"www.Fedai.az\"\/>\n\t<link rel=\"canonical\" href=\"https:\/\/fedai.az\/?p=100361\" \/>\n\t<meta name=\"generator\" content=\"All in One SEO (AIOSEO) 5.0.0.1\" \/>\n\t\t<meta property=\"og:locale\" content=\"ru_RU\" \/>\n\t\t<meta property=\"og:site_name\" content=\"&quot;F\u0259dai&quot; q\u0259zeti\" \/>\n\t\t<meta property=\"og:type\" content=\"article\" \/>\n\t\t<meta property=\"og:title\" content=\"Daha iki veteran\u0131m\u0131z\u0131n do\u011fum g\u00fcn\u00fc qeyd olundu | &quot;F\u0259dai&quot; q\u0259zeti\" \/>\n\t\t<meta property=\"og:description\" content=\"22.09.2024-c\u00fc ild\u0259 daha iki veteran\u0131m\u0131z\u0131n do\u011fum g\u00fcn\u00fc qeyd edilmi\u015fdir. Veteranlar\u0131m\u0131zdan &quot;Az\u0259rbaycan bayra\u011f\u0131&quot; ordeni il\u0259 t\u0259ltif olunmu\u015f polkovnik-leytenant Ba\u011f\u0131rov Eynullan\u0131n 62 ya\u015f\u0131 tamam olmu\u015fdur. Dig\u0259r veteran\u0131m\u0131z, ehtiyatda olan zabit Vahid Pirv\u0259liyevin is\u0259 yubileyi ke\u00e7irilmi\u015fdir. Vahid m\u00fc\u0259llimin 65 ya\u015f\u0131 tamam olmu\u015fdur. Az\u0259rbaycan V\u0259t\u0259n M\u00fcharib\u0259si Veteranlar\u0131 \u0130ctimai Birliyinin (AVMV\u0130B) r\u0259hb\u0259rliyi h\u0259r iki veteran\u0131m\u0131z\u0131 do\u011fum g\u00fcn\u00fc m\u00fcnasib\u0259ti il\u0259 t\u0259brik\" \/>\n\t\t<meta property=\"og:url\" content=\"https:\/\/fedai.az\/?p=100361\" \/>\n\t\t<meta property=\"fb:app_id\" content=\"696809432257740\" \/>\n\t\t<meta property=\"og:image\" content=\"https:\/\/fedai.az\/wp-content\/uploads\/2024\/09\/hg67-1.jpeg\" \/>\n\t\t<meta property=\"og:image:secure_url\" content=\"https:\/\/fedai.az\/wp-content\/uploads\/2024\/09\/hg67-1.jpeg\" \/>\n\t\t<meta property=\"og:image:width\" content=\"1600\" \/>\n\t\t<meta property=\"og:image:height\" content=\"739\" \/>\n\t\t<meta property=\"article:published_time\" content=\"2024-09-22T10:25:50+00:00\" \/>\n\t\t<meta property=\"article:modified_time\" content=\"2024-09-23T10:32:18+00:00\" \/>\n\t\t<meta property=\"article:publisher\" content=\"https:\/\/facebook.com\/fedai.az\" \/>\n\t\t<meta name=\"twitter:card\" content=\"summary\" \/>\n\t\t<meta name=\"twitter:site\" content=\"@fedai.az\" \/>\n\t\t<meta name=\"twitter:title\" content=\"Daha iki veteran\u0131m\u0131z\u0131n do\u011fum g\u00fcn\u00fc qeyd olundu | &quot;F\u0259dai&quot; q\u0259zeti\" \/>\n\t\t<meta name=\"twitter:description\" content=\"22.09.2024-c\u00fc ild\u0259 daha iki veteran\u0131m\u0131z\u0131n do\u011fum g\u00fcn\u00fc qeyd edilmi\u015fdir. Veteranlar\u0131m\u0131zdan &quot;Az\u0259rbaycan bayra\u011f\u0131&quot; ordeni il\u0259 t\u0259ltif olunmu\u015f polkovnik-leytenant Ba\u011f\u0131rov Eynullan\u0131n 62 ya\u015f\u0131 tamam olmu\u015fdur. Dig\u0259r veteran\u0131m\u0131z, ehtiyatda olan zabit Vahid Pirv\u0259liyevin is\u0259 yubileyi ke\u00e7irilmi\u015fdir. Vahid m\u00fc\u0259llimin 65 ya\u015f\u0131 tamam olmu\u015fdur. Az\u0259rbaycan V\u0259t\u0259n M\u00fcharib\u0259si Veteranlar\u0131 \u0130ctimai Birliyinin (AVMV\u0130B) r\u0259hb\u0259rliyi h\u0259r iki veteran\u0131m\u0131z\u0131 do\u011fum g\u00fcn\u00fc m\u00fcnasib\u0259ti il\u0259 t\u0259brik\" \/>\n\t\t<meta name=\"twitter:image\" content=\"https:\/\/fedai.az\/wp-content\/uploads\/2024\/09\/hg67-1.jpeg\" \/>\n\t\t<script type=\"application\/ld+json\" class=\"aioseo-schema\">\n\t\t\t{\"@context\":\"https:\\\/\\\/schema.org\",\"@graph\":[{\"@type\":\"Article\",\"@id\":\"https:\\\/\\\/fedai.az\\\/?p=100361#article\",\"name\":\"Daha iki veteran\\u0131m\\u0131z\\u0131n do\\u011fum g\\u00fcn\\u00fc qeyd olundu | \\\"F\\u0259dai\\\" q\\u0259zeti\",\"headline\":\"Daha iki veteran\\u0131m\\u0131z\\u0131n do\\u011fum g\\u00fcn\\u00fc qeyd olundu\",\"author\":{\"@id\":\"https:\\\/\\\/fedai.az\\\/?author=2#author\"},\"publisher\":{\"@id\":\"https:\\\/\\\/fedai.az\\\/#organization\"},\"image\":{\"@type\":\"ImageObject\",\"url\":\"https:\\\/\\\/fedai.az\\\/wp-content\\\/uploads\\\/2024\\\/09\\\/hg67-1.jpeg\",\"width\":1600,\"height\":739},\"datePublished\":\"2024-09-22T14:25:50+04:00\",\"dateModified\":\"2024-09-23T14:32:18+04:00\",\"inLanguage\":\"ru-RU\",\"mainEntityOfPage\":{\"@id\":\"https:\\\/\\\/fedai.az\\\/?p=100361#webpage\"},\"isPartOf\":{\"@id\":\"https:\\\/\\\/fedai.az\\\/?p=100361#webpage\"},\"articleSection\":\"T\\u0259brik\"},{\"@type\":\"BreadcrumbList\",\"@id\":\"https:\\\/\\\/fedai.az\\\/?p=100361#breadcrumblist\",\"itemListElement\":[{\"@type\":\"ListItem\",\"@id\":\"https:\\\/\\\/fedai.az#listItem\",\"position\":1,\"name\":\"Home\",\"item\":\"https:\\\/\\\/fedai.az\",\"nextItem\":{\"@type\":\"ListItem\",\"@id\":\"https:\\\/\\\/fedai.az\\\/?cat=11#listItem\",\"name\":\"T\\u0259brik\"}},{\"@type\":\"ListItem\",\"@id\":\"https:\\\/\\\/fedai.az\\\/?cat=11#listItem\",\"position\":2,\"name\":\"T\\u0259brik\",\"item\":\"https:\\\/\\\/fedai.az\\\/?cat=11\",\"nextItem\":{\"@type\":\"ListItem\",\"@id\":\"https:\\\/\\\/fedai.az\\\/?p=100361#listItem\",\"name\":\"Daha iki veteran\\u0131m\\u0131z\\u0131n do\\u011fum g\\u00fcn\\u00fc qeyd olundu\"},\"previousItem\":{\"@type\":\"ListItem\",\"@id\":\"https:\\\/\\\/fedai.az#listItem\",\"name\":\"Home\"}},{\"@type\":\"ListItem\",\"@id\":\"https:\\\/\\\/fedai.az\\\/?p=100361#listItem\",\"position\":3,\"name\":\"Daha iki veteran\\u0131m\\u0131z\\u0131n do\\u011fum g\\u00fcn\\u00fc qeyd olundu\",\"previousItem\":{\"@type\":\"ListItem\",\"@id\":\"https:\\\/\\\/fedai.az\\\/?cat=11#listItem\",\"name\":\"T\\u0259brik\"}}]},{\"@type\":\"Organization\",\"@id\":\"https:\\\/\\\/fedai.az\\\/#organization\",\"name\":\"\\\"F\\u0259dai\\\" q\\u0259zeti\",\"description\":\"Az\\u0259rbaycan V\\u0259t\\u0259n M\\u00fcharib\\u0259si Veteranlar\\u0131 \\u0130ctimai Birliyi\",\"url\":\"https:\\\/\\\/fedai.az\\\/\",\"logo\":{\"@type\":\"ImageObject\",\"url\":\"https:\\\/\\\/fedai.az\\\/wp-content\\\/uploads\\\/2022\\\/09\\\/logo3.png\",\"@id\":\"https:\\\/\\\/fedai.az\\\/?p=100361\\\/#organizationLogo\",\"width\":500,\"height\":100},\"image\":{\"@id\":\"https:\\\/\\\/fedai.az\\\/?p=100361\\\/#organizationLogo\"},\"sameAs\":[\"https:\\\/\\\/instagram.com\\\/fedai.az\",\"https:\\\/\\\/pinterest.com\\\/fedai.az\",\"https:\\\/\\\/youtube.com\\\/fedai.az\",\"https:\\\/\\\/linkedin.com\\\/in\\\/fedai.az\"]},{\"@type\":\"Person\",\"@id\":\"https:\\\/\\\/fedai.az\\\/?author=2#author\",\"url\":\"https:\\\/\\\/fedai.az\\\/?author=2\",\"name\":\"www.Fedai.az\",\"image\":{\"@type\":\"ImageObject\",\"@id\":\"https:\\\/\\\/fedai.az\\\/?p=100361#authorImage\",\"url\":\"https:\\\/\\\/secure.gravatar.com\\\/avatar\\\/d861e138a4bd3ce6812a7aa95e796aa05e165f28ecde9a972c6789a09fcd1daa?s=96&d=mm&r=g\",\"width\":96,\"height\":96,\"caption\":\"www.Fedai.az\"}},{\"@type\":\"WebPage\",\"@id\":\"https:\\\/\\\/fedai.az\\\/?p=100361#webpage\",\"url\":\"https:\\\/\\\/fedai.az\\\/?p=100361\",\"name\":\"Daha iki veteran\\u0131m\\u0131z\\u0131n do\\u011fum g\\u00fcn\\u00fc qeyd olundu | \\\"F\\u0259dai\\\" q\\u0259zeti\",\"description\":\"22.09.2024-c\\u00fc ild\\u0259 daha iki veteran\\u0131m\\u0131z\\u0131n do\\u011fum g\\u00fcn\\u00fc qeyd edilmi\\u015fdir. Veteranlar\\u0131m\\u0131zdan \\\"Az\\u0259rbaycan bayra\\u011f\\u0131\\\" ordeni il\\u0259 t\\u0259ltif olunmu\\u015f polkovnik-leytenant Ba\\u011f\\u0131rov Eynullan\\u0131n 62 ya\\u015f\\u0131 tamam olmu\\u015fdur. Dig\\u0259r veteran\\u0131m\\u0131z, ehtiyatda olan zabit Vahid Pirv\\u0259liyevin is\\u0259 yubileyi ke\\u00e7irilmi\\u015fdir. Vahid m\\u00fc\\u0259llimin 65 ya\\u015f\\u0131 tamam olmu\\u015fdur. Az\\u0259rbaycan V\\u0259t\\u0259n M\\u00fcharib\\u0259si Veteranlar\\u0131 \\u0130ctimai Birliyinin (AVMV\\u0130B) r\\u0259hb\\u0259rliyi h\\u0259r iki veteran\\u0131m\\u0131z\\u0131 do\\u011fum g\\u00fcn\\u00fc m\\u00fcnasib\\u0259ti il\\u0259 t\\u0259brik\",\"inLanguage\":\"ru-RU\",\"isPartOf\":{\"@id\":\"https:\\\/\\\/fedai.az\\\/#website\"},\"breadcrumb\":{\"@id\":\"https:\\\/\\\/fedai.az\\\/?p=100361#breadcrumblist\"},\"author\":{\"@id\":\"https:\\\/\\\/fedai.az\\\/?author=2#author\"},\"creator\":{\"@id\":\"https:\\\/\\\/fedai.az\\\/?author=2#author\"},\"image\":{\"@type\":\"ImageObject\",\"url\":\"https:\\\/\\\/fedai.az\\\/wp-content\\\/uploads\\\/2024\\\/09\\\/hg67-1.jpeg\",\"@id\":\"https:\\\/\\\/fedai.az\\\/?p=100361\\\/#mainImage\",\"width\":1600,\"height\":739},\"primaryImageOfPage\":{\"@id\":\"https:\\\/\\\/fedai.az\\\/?p=100361#mainImage\"},\"datePublished\":\"2024-09-22T14:25:50+04:00\",\"dateModified\":\"2024-09-23T14:32:18+04:00\"},{\"@type\":\"WebSite\",\"@id\":\"https:\\\/\\\/fedai.az\\\/#website\",\"url\":\"https:\\\/\\\/fedai.az\\\/\",\"name\":\"\\\"F\\u0259dai\\\" q\\u0259zeti\",\"description\":\"Az\\u0259rbaycan V\\u0259t\\u0259n M\\u00fcharib\\u0259si Veteranlar\\u0131 \\u0130ctimai Birliyi\",\"inLanguage\":\"ru-RU\",\"publisher\":{\"@id\":\"https:\\\/\\\/fedai.az\\\/#organization\"}}]}\n\t\t<\/script>\n\t\t<!-- All in One SEO -->\n\n","aioseo_head_json":{"title":"Daha iki veteran\u0131m\u0131z\u0131n do\u011fum g\u00fcn\u00fc qeyd olundu | \"F\u0259dai\" q\u0259zeti","description":"22.09.2024-c\u00fc ild\u0259 daha iki veteran\u0131m\u0131z\u0131n do\u011fum g\u00fcn\u00fc qeyd edilmi\u015fdir. Veteranlar\u0131m\u0131zdan \"Az\u0259rbaycan bayra\u011f\u0131\" ordeni il\u0259 t\u0259ltif olunmu\u015f polkovnik-leytenant Ba\u011f\u0131rov Eynullan\u0131n 62 ya\u015f\u0131 tamam olmu\u015fdur. Dig\u0259r veteran\u0131m\u0131z, ehtiyatda olan zabit Vahid Pirv\u0259liyevin is\u0259 yubileyi ke\u00e7irilmi\u015fdir. Vahid m\u00fc\u0259llimin 65 ya\u015f\u0131 tamam olmu\u015fdur. Az\u0259rbaycan V\u0259t\u0259n M\u00fcharib\u0259si Veteranlar\u0131 \u0130ctimai Birliyinin (AVMV\u0130B) r\u0259hb\u0259rliyi h\u0259r iki veteran\u0131m\u0131z\u0131 do\u011fum g\u00fcn\u00fc m\u00fcnasib\u0259ti il\u0259 t\u0259brik","canonical_url":"https:\/\/fedai.az\/?p=100361","robots":"max-image-preview:large","keywords":"","webmasterTools":{"miscellaneous":""},"schema":{"@context":"https:\/\/schema.org","@graph":[{"@type":"Article","@id":"https:\/\/fedai.az\/?p=100361#article","name":"Daha iki veteran\u0131m\u0131z\u0131n do\u011fum g\u00fcn\u00fc qeyd olundu | \"F\u0259dai\" q\u0259zeti","headline":"Daha iki veteran\u0131m\u0131z\u0131n do\u011fum g\u00fcn\u00fc qeyd olundu","author":{"@id":"https:\/\/fedai.az\/?author=2#author"},"publisher":{"@id":"https:\/\/fedai.az\/#organization"},"image":{"@type":"ImageObject","url":"https:\/\/fedai.az\/wp-content\/uploads\/2024\/09\/hg67-1.jpeg","width":1600,"height":739},"datePublished":"2024-09-22T14:25:50+04:00","dateModified":"2024-09-23T14:32:18+04:00","inLanguage":"ru-RU","mainEntityOfPage":{"@id":"https:\/\/fedai.az\/?p=100361#webpage"},"isPartOf":{"@id":"https:\/\/fedai.az\/?p=100361#webpage"},"articleSection":"T\u0259brik"},{"@type":"BreadcrumbList","@id":"https:\/\/fedai.az\/?p=100361#breadcrumblist","itemListElement":[{"@type":"ListItem","@id":"https:\/\/fedai.az#listItem","position":1,"name":"Home","item":"https:\/\/fedai.az","nextItem":{"@type":"ListItem","@id":"https:\/\/fedai.az\/?cat=11#listItem","name":"T\u0259brik"}},{"@type":"ListItem","@id":"https:\/\/fedai.az\/?cat=11#listItem","position":2,"name":"T\u0259brik","item":"https:\/\/fedai.az\/?cat=11","nextItem":{"@type":"ListItem","@id":"https:\/\/fedai.az\/?p=100361#listItem","name":"Daha iki veteran\u0131m\u0131z\u0131n do\u011fum g\u00fcn\u00fc qeyd olundu"},"previousItem":{"@type":"ListItem","@id":"https:\/\/fedai.az#listItem","name":"Home"}},{"@type":"ListItem","@id":"https:\/\/fedai.az\/?p=100361#listItem","position":3,"name":"Daha iki veteran\u0131m\u0131z\u0131n do\u011fum g\u00fcn\u00fc qeyd olundu","previousItem":{"@type":"ListItem","@id":"https:\/\/fedai.az\/?cat=11#listItem","name":"T\u0259brik"}}]},{"@type":"Organization","@id":"https:\/\/fedai.az\/#organization","name":"\"F\u0259dai\" q\u0259zeti","description":"Az\u0259rbaycan V\u0259t\u0259n M\u00fcharib\u0259si Veteranlar\u0131 \u0130ctimai Birliyi","url":"https:\/\/fedai.az\/","logo":{"@type":"ImageObject","url":"https:\/\/fedai.az\/wp-content\/uploads\/2022\/09\/logo3.png","@id":"https:\/\/fedai.az\/?p=100361\/#organizationLogo","width":500,"height":100},"image":{"@id":"https:\/\/fedai.az\/?p=100361\/#organizationLogo"},"sameAs":["https:\/\/instagram.com\/fedai.az","https:\/\/pinterest.com\/fedai.az","https:\/\/youtube.com\/fedai.az","https:\/\/linkedin.com\/in\/fedai.az"]},{"@type":"Person","@id":"https:\/\/fedai.az\/?author=2#author","url":"https:\/\/fedai.az\/?author=2","name":"www.Fedai.az","image":{"@type":"ImageObject","@id":"https:\/\/fedai.az\/?p=100361#authorImage","url":"https:\/\/secure.gravatar.com\/avatar\/d861e138a4bd3ce6812a7aa95e796aa05e165f28ecde9a972c6789a09fcd1daa?s=96&d=mm&r=g","width":96,"height":96,"caption":"www.Fedai.az"}},{"@type":"WebPage","@id":"https:\/\/fedai.az\/?p=100361#webpage","url":"https:\/\/fedai.az\/?p=100361","name":"Daha iki veteran\u0131m\u0131z\u0131n do\u011fum g\u00fcn\u00fc qeyd olundu | \"F\u0259dai\" q\u0259zeti","description":"22.09.2024-c\u00fc ild\u0259 daha iki veteran\u0131m\u0131z\u0131n do\u011fum g\u00fcn\u00fc qeyd edilmi\u015fdir. Veteranlar\u0131m\u0131zdan \"Az\u0259rbaycan bayra\u011f\u0131\" ordeni il\u0259 t\u0259ltif olunmu\u015f polkovnik-leytenant Ba\u011f\u0131rov Eynullan\u0131n 62 ya\u015f\u0131 tamam olmu\u015fdur. Dig\u0259r veteran\u0131m\u0131z, ehtiyatda olan zabit Vahid Pirv\u0259liyevin is\u0259 yubileyi ke\u00e7irilmi\u015fdir. Vahid m\u00fc\u0259llimin 65 ya\u015f\u0131 tamam olmu\u015fdur. Az\u0259rbaycan V\u0259t\u0259n M\u00fcharib\u0259si Veteranlar\u0131 \u0130ctimai Birliyinin (AVMV\u0130B) r\u0259hb\u0259rliyi h\u0259r iki veteran\u0131m\u0131z\u0131 do\u011fum g\u00fcn\u00fc m\u00fcnasib\u0259ti il\u0259 t\u0259brik","inLanguage":"ru-RU","isPartOf":{"@id":"https:\/\/fedai.az\/#website"},"breadcrumb":{"@id":"https:\/\/fedai.az\/?p=100361#breadcrumblist"},"author":{"@id":"https:\/\/fedai.az\/?author=2#author"},"creator":{"@id":"https:\/\/fedai.az\/?author=2#author"},"image":{"@type":"ImageObject","url":"https:\/\/fedai.az\/wp-content\/uploads\/2024\/09\/hg67-1.jpeg","@id":"https:\/\/fedai.az\/?p=100361\/#mainImage","width":1600,"height":739},"primaryImageOfPage":{"@id":"https:\/\/fedai.az\/?p=100361#mainImage"},"datePublished":"2024-09-22T14:25:50+04:00","dateModified":"2024-09-23T14:32:18+04:00"},{"@type":"WebSite","@id":"https:\/\/fedai.az\/#website","url":"https:\/\/fedai.az\/","name":"\"F\u0259dai\" q\u0259zeti","description":"Az\u0259rbaycan V\u0259t\u0259n M\u00fcharib\u0259si Veteranlar\u0131 \u0130ctimai Birliyi","inLanguage":"ru-RU","publisher":{"@id":"https:\/\/fedai.az\/#organization"}}]},"og:locale":"ru_RU","og:site_name":"&quot;F\u0259dai&quot; q\u0259zeti","og:type":"article","og:title":"Daha iki veteran\u0131m\u0131z\u0131n do\u011fum g\u00fcn\u00fc qeyd olundu | &quot;F\u0259dai&quot; q\u0259zeti","og:description":"22.09.2024-c\u00fc ild\u0259 daha iki veteran\u0131m\u0131z\u0131n do\u011fum g\u00fcn\u00fc qeyd edilmi\u015fdir. Veteranlar\u0131m\u0131zdan &quot;Az\u0259rbaycan bayra\u011f\u0131&quot; ordeni il\u0259 t\u0259ltif olunmu\u015f polkovnik-leytenant Ba\u011f\u0131rov Eynullan\u0131n 62 ya\u015f\u0131 tamam olmu\u015fdur. Dig\u0259r veteran\u0131m\u0131z, ehtiyatda olan zabit Vahid Pirv\u0259liyevin is\u0259 yubileyi ke\u00e7irilmi\u015fdir. Vahid m\u00fc\u0259llimin 65 ya\u015f\u0131 tamam olmu\u015fdur. Az\u0259rbaycan V\u0259t\u0259n M\u00fcharib\u0259si Veteranlar\u0131 \u0130ctimai Birliyinin (AVMV\u0130B) r\u0259hb\u0259rliyi h\u0259r iki veteran\u0131m\u0131z\u0131 do\u011fum g\u00fcn\u00fc m\u00fcnasib\u0259ti il\u0259 t\u0259brik","og:url":"https:\/\/fedai.az\/?p=100361","fb:app_id":"696809432257740","og:image":"https:\/\/fedai.az\/wp-content\/uploads\/2024\/09\/hg67-1.jpeg","og:image:secure_url":"https:\/\/fedai.az\/wp-content\/uploads\/2024\/09\/hg67-1.jpeg","og:image:width":1600,"og:image:height":739,"article:published_time":"2024-09-22T10:25:50+00:00","article:modified_time":"2024-09-23T10:32:18+00:00","article:publisher":"https:\/\/facebook.com\/fedai.az","twitter:card":"summary","twitter:site":"@fedai.az","twitter:title":"Daha iki veteran\u0131m\u0131z\u0131n do\u011fum g\u00fcn\u00fc qeyd olundu | &quot;F\u0259dai&quot; q\u0259zeti","twitter:description":"22.09.2024-c\u00fc ild\u0259 daha iki veteran\u0131m\u0131z\u0131n do\u011fum g\u00fcn\u00fc qeyd edilmi\u015fdir. Veteranlar\u0131m\u0131zdan &quot;Az\u0259rbaycan bayra\u011f\u0131&quot; ordeni il\u0259 t\u0259ltif olunmu\u015f polkovnik-leytenant Ba\u011f\u0131rov Eynullan\u0131n 62 ya\u015f\u0131 tamam olmu\u015fdur. Dig\u0259r veteran\u0131m\u0131z, ehtiyatda olan zabit Vahid Pirv\u0259liyevin is\u0259 yubileyi ke\u00e7irilmi\u015fdir. Vahid m\u00fc\u0259llimin 65 ya\u015f\u0131 tamam olmu\u015fdur. Az\u0259rbaycan V\u0259t\u0259n M\u00fcharib\u0259si Veteranlar\u0131 \u0130ctimai Birliyinin (AVMV\u0130B) r\u0259hb\u0259rliyi h\u0259r iki veteran\u0131m\u0131z\u0131 do\u011fum g\u00fcn\u00fc m\u00fcnasib\u0259ti il\u0259 t\u0259brik","twitter:image":"https:\/\/fedai.az\/wp-content\/uploads\/2024\/09\/hg67-1.jpeg"},"aioseo_meta_data":{"post_id":"100361","title":null,"description":null,"keywords":null,"keyphrases":{"focus":{"keyphrase":"","score":0,"analysis":{"keyphraseInTitle":{"score":0,"maxScore":9,"error":1}}},"additional":[]},"primary_term":null,"canonical_url":null,"og_title":null,"og_description":null,"og_object_type":"default","og_image_type":"default","og_image_url":null,"og_image_width":null,"og_image_height":null,"og_image_custom_url":null,"og_image_custom_fields":null,"og_video":"","og_custom_url":null,"og_article_section":null,"og_article_tags":null,"twitter_use_og":false,"twitter_card":"default","twitter_image_type":"default","twitter_image_url":null,"twitter_image_custom_url":null,"twitter_image_custom_fields":null,"twitter_title":null,"twitter_description":null,"schema":{"blockGraphs":[],"customGraphs":[],"default":{"data":{"Article":[],"Course":[],"Dataset":[],"FAQPage":[],"Movie":[],"Person":[],"Product":[],"ProductReview":[],"Car":[],"Recipe":[],"Service":[],"SoftwareApplication":[],"WebPage":[]},"graphName":"Article","isEnabled":true},"graphs":[]},"schema_type":"default","schema_type_options":null,"pillar_content":false,"robots_default":true,"robots_noindex":false,"robots_noarchive":false,"robots_nosnippet":false,"robots_nofollow":false,"robots_noimageindex":false,"robots_noodp":false,"robots_notranslate":false,"robots_max_snippet":"-1","robots_max_videopreview":"-1","robots_max_imagepreview":"large","priority":null,"frequency":"default","local_seo":null,"breadcrumb_settings":null,"limit_modified_date":false,"ai":null,"created":"2024-09-23 10:25:52","updated":"2025-06-08 23:51:23","seo_analyzer_scan_date":null,"focus_keyword":null,"additional_keywords":null,"truseo_locale":null},"aioseo_breadcrumb":"<div class=\"aioseo-breadcrumbs\"><span class=\"aioseo-breadcrumb\">\n\t\t\t<a href=\"https:\/\/fedai.az\" title=\"Home\">Home<\/a>\n\t\t<\/span><span class=\"aioseo-breadcrumb-separator\">\u00bb<\/span><span class=\"aioseo-breadcrumb\">\n\t\t\t<a href=\"https:\/\/fedai.az\/?cat=11\" title=\"T\u0259brik\">T\u0259brik<\/a>\n\t\t<\/span><span class=\"aioseo-breadcrumb-separator\">\u00bb<\/span><span class=\"aioseo-breadcrumb\">\n\t\t\tDaha iki veteran\u0131m\u0131z\u0131n do\u011fum g\u00fcn\u00fc qeyd olundu\n\t\t<\/span><\/div>","aioseo_breadcrumb_json":[{"label":"Home","link":"https:\/\/fedai.az"},{"label":"T\u0259brik","link":"https:\/\/fedai.az\/?cat=11"},{"label":"Daha iki veteran\u0131m\u0131z\u0131n do\u011fum g\u00fcn\u00fc qeyd olundu","link":"https:\/\/fedai.az\/?p=100361"}],"_links":{"self":[{"href":"https:\/\/fedai.az\/index.php?rest_route=\/wp\/v2\/posts\/100361","targetHints":{"allow":["GET"]}}],"collection":[{"href":"https:\/\/fedai.az\/index.php?rest_route=\/wp\/v2\/posts"}],"about":[{"href":"https:\/\/fedai.az\/index.php?rest_route=\/wp\/v2\/types\/post"}],"author":[{"embeddable":true,"href":"https:\/\/fedai.az\/index.php?rest_route=\/wp\/v2\/users\/2"}],"replies":[{"embeddable":true,"href":"https:\/\/fedai.az\/index.php?rest_route=%2Fwp%2Fv2%2Fcomments&post=100361"}],"version-history":[{"count":1,"href":"https:\/\/fedai.az\/index.php?rest_route=\/wp\/v2\/posts\/100361\/revisions"}],"predecessor-version":[{"id":100363,"href":"https:\/\/fedai.az\/index.php?rest_route=\/wp\/v2\/posts\/100361\/revisions\/100363"}],"wp:featuredmedia":[{"embeddable":true,"href":"https:\/\/fedai.az\/index.php?rest_route=\/wp\/v2\/media\/100362"}],"wp:attachment":[{"href":"https:\/\/fedai.az\/index.php?rest_route=%2Fwp%2Fv2%2Fmedia&parent=100361"}],"wp:term":[{"taxonomy":"category","embeddable":true,"href":"https:\/\/fedai.az\/index.php?rest_route=%2Fwp%2Fv2%2Fcategories&post=100361"},{"taxonomy":"post_tag","embeddable":true,"href":"https:\/\/fedai.az\/index.php?rest_route=%2Fwp%2Fv2%2Ftags&post=100361"}],"curies":[{"name":"wp","href":"https:\/\/api.w.org\/{rel}","templated":true}]}}