{"id":10037,"date":"2020-07-15T04:21:53","date_gmt":"2020-07-15T00:21:53","guid":{"rendered":"http:\/\/fedai.az\/?p=10037"},"modified":"2020-07-15T04:22:04","modified_gmt":"2020-07-15T00:22:04","slug":"sumqayitda-s%c9%99hid-generala-gor%c9%99-boyuk-izdiham-video","status":"publish","type":"post","link":"https:\/\/fedai.az\/?p=10037","title":{"rendered":"Sumqay\u0131tda \u015f\u0259hid generala g\u00f6r\u0259 b\u00f6y\u00fck izdiham &#8212; V\u0130DEO"},"content":{"rendered":"\n<p>Sumqay\u0131t sakinl\u0259ri ayaqda \u015f\u0259hidini g\u00f6zl\u0259yir.&nbsp;<\/p>\n\n\n\n<p><strong>Oxu.Az<\/strong>&nbsp;x\u0259b\u0259r verir ki, sakinl\u0259r \u015f\u0259hid general-mayor Polad H\u0259\u015fimovun ya\u015fad\u0131\u011f\u0131 Sumqay\u0131t \u015f\u0259h\u0259r bina 43-\u00fcn qar\u015f\u0131s\u0131nda b\u00f6y\u00fck izdiham yarad\u0131b.&nbsp;<\/p>\n\n\n\n<p>Sakinl\u0259r v\u0259t\u0259np\u0259rv\u0259r ruhda \u00e7a\u011f\u0131r\u0131\u015flar edir, \u015f\u0259hidl\u0259rimiz\u0259 Allahdan r\u0259hm\u0259t dil\u0259yirl\u0259r.&nbsp;<\/p>\n\n\n\n<p>\u018fld\u0259 etdiyimiz m\u0259lumata g\u00f6r\u0259, \u015f\u0259hid general-mayor Polad H\u0259\u015fimovun n\u0259\u015fini bir ne\u00e7\u0259 saat sonra anas\u0131n\u0131n ya\u015fad\u0131\u011f\u0131 ev\u0259 g\u0259tir\u0259c\u0259kl\u0259r.<\/p>\n\n\n\n<figure><iframe loading=\"lazy\" allowfullscreen=\"\" height=\"315\" src=\"https:\/\/player.baku.tv\/embed\/21820\" width=\"560\"><\/iframe><\/figure>\n\n\n\n<p><strong>K\u00f6n\u00fcl C\u0259f\u0259rli<\/strong><\/p>\n","protected":false},"excerpt":{"rendered":"<p>Sumqay\u0131t sakinl\u0259ri ayaqda \u015f\u0259hidini g\u00f6zl\u0259yir.&nbsp; Oxu.Az&nbsp;x\u0259b\u0259r verir ki, sakinl\u0259r \u015f\u0259hid general-mayor Polad H\u0259\u015fimovun ya\u015fad\u0131\u011f\u0131 Sumqay\u0131t \u015f\u0259h\u0259r bina 43-\u00fcn qar\u015f\u0131s\u0131nda b\u00f6y\u00fck izdiham yarad\u0131b.&nbsp; Sakinl\u0259r v\u0259t\u0259np\u0259rv\u0259r<\/p>\n","protected":false},"author":2,"featured_media":10038,"comment_status":"closed","ping_status":"closed","sticky":false,"template":"","format":"standard","meta":{"footnotes":""},"categories":[4],"tags":[],"class_list":["post-10037","post","type-post","status-publish","format-standard","has-post-thumbnail","hentry","category-qarabag"],"aioseo_notices":[],"_links":{"self":[{"href":"https:\/\/fedai.az\/index.php?rest_route=\/wp\/v2\/posts\/10037","targetHints":{"allow":["GET"]}}],"collection":[{"href":"https:\/\/fedai.az\/index.php?rest_route=\/wp\/v2\/posts"}],"about":[{"href":"https:\/\/fedai.az\/index.php?rest_route=\/wp\/v2\/types\/post"}],"author":[{"embeddable":true,"href":"https:\/\/fedai.az\/index.php?rest_route=\/wp\/v2\/users\/2"}],"replies":[{"embeddable":true,"href":"https:\/\/fedai.az\/index.php?rest_route=%2Fwp%2Fv2%2Fcomments&post=10037"}],"version-history":[{"count":1,"href":"https:\/\/fedai.az\/index.php?rest_route=\/wp\/v2\/posts\/10037\/revisions"}],"predecessor-version":[{"id":10039,"href":"https:\/\/fedai.az\/index.php?rest_route=\/wp\/v2\/posts\/10037\/revisions\/10039"}],"wp:featuredmedia":[{"embeddable":true,"href":"https:\/\/fedai.az\/index.php?rest_route=\/wp\/v2\/media\/10038"}],"wp:attachment":[{"href":"https:\/\/fedai.az\/index.php?rest_route=%2Fwp%2Fv2%2Fmedia&parent=10037"}],"wp:term":[{"taxonomy":"category","embeddable":true,"href":"https:\/\/fedai.az\/index.php?rest_route=%2Fwp%2Fv2%2Fcategories&post=10037"},{"taxonomy":"post_tag","embeddable":true,"href":"https:\/\/fedai.az\/index.php?rest_route=%2Fwp%2Fv2%2Ftags&post=10037"}],"curies":[{"name":"wp","href":"https:\/\/api.w.org\/{rel}","templated":true}]}}