{"id":100413,"date":"2024-09-28T18:08:49","date_gmt":"2024-09-28T14:08:49","guid":{"rendered":"https:\/\/fedai.az\/?p=100413"},"modified":"2024-09-28T18:08:49","modified_gmt":"2024-09-28T14:08:49","slug":"avmvib-t%c9%99rt%c9%99r-rayon-sob%c9%99si-27-sentyabr-anim-gunu-il%c9%99-%c9%99laq%c9%99dar-t%c9%99dbir-kecirmisdir","status":"publish","type":"post","link":"https:\/\/fedai.az\/?p=100413","title":{"rendered":"AVMV\u0130B T\u0259rt\u0259r rayon \u015f\u00f6b\u0259si 27 sentyabr An\u0131m G\u00fcn\u00fc il\u0259 \u0259laq\u0259dar t\u0259dbir ke\u00e7irmi\u015fdir"},"content":{"rendered":"\n<p>2024 c\u00fc il 27 Sentyabr An\u0131m g\u00fcn\u00fcnd\u0259 Az\u0259rbaycan V\u0259t\u0259n M\u00fcharib\u0259si Veteranlar\u0131 \u0130ctimai Birliyinin T\u0259rt\u0259r rayon \u015f\u00f6b\u0259si, T\u0259rt\u0259r rayonunda yerl\u0259\u015f\u0259n \u015e\u0259hidl\u0259r abid\u0259sini ziyar\u0259t edibl\u0259r. An\u0131m g\u00fcn\u00fcn\u00fcnd\u0259 Rayon \u0130cra hakimiyy\u0259ti, h\u00fcquq m\u00fchafiz\u0259 orqanlar\u0131, \u015f\u0259hid ail\u0259l\u0259ri, qazil\u0259r, veteranlar v\u0259 dig\u0259r qurumlar\u0131n n\u00fcmay\u0259nd\u0259l\u0259ri i\u015ftirak edibl\u0259r. \u018fvv\u0259lc\u0259 \u00f6lk\u0259mizin \u0259razi b\u00fct\u00f6vl\u00fcy\u00fc u\u011frunda canlar\u0131n\u0131 f\u0259da ed\u0259n \u0259sg\u0259r v\u0259 zabitl\u0259rimizin xatir\u0259si yad edilib.Rayon r\u0259hb\u0259ri \u00e7\u0131x\u0131\u015f\u0131nda qeyd edib ki, 44 g\u00fcnl\u00fck V\u0259t\u0259n m\u00fcharib\u0259sind\u0259 q\u0259hr\u0259man t\u0259rt\u0259rlil\u0259r y\u00fcks\u0259k d\u00f6z\u00fcm, d\u0259yan\u0259t n\u00fcmayi\u015f erdirdil\u0259r. \u00d6n c\u0259bh\u0259d\u0259 oldu\u011fu kimi arxa c\u0259bh\u0259d\u0259 d\u0259 m\u00fclki insanlar \u015f\u0259hid oldu, ya\u015fay\u0131\u015f m\u0259nt\u0259q\u0259l\u0259rimiz at\u0259\u015f\u0259 tutuldu, ancaq d\u00fc\u015fm\u0259n\u0259 bir qar\u0131\u015f da torpaq verilm\u0259di. V\u0259t\u0259n m\u00fcharib\u0259sind\u0259 Erm\u0259nistan silahl\u0131 birl\u0259\u015fm\u0259l\u0259ri beyn\u0259lxalq h\u00fcquq normalar\u0131 il\u0259 m\u00fc\u0259yy\u0259n olunmu\u015f qaydalar\u0131 pozaraq, T\u0259rt\u0259r \u015f\u0259h\u0259ri d\u0259 daxil olmaqla rayonun ya\u015fay\u0131\u015f m\u0259nt\u0259q\u0259l\u0259rin\u0259 16 min 277 top, tank, qrad m\u0259rmisi, 21 qada\u011fan olunmu\u015f raket at\u0131b, b\u0259zi g\u00fcnl\u0259rd\u0259 T\u0259rt\u0259r\u0259 2000-d\u0259n \u00e7ox m\u0259rmi at\u0131l\u0131b. \u201cT\u0259rt\u0259r \u015f\u0259h\u0259ri II D\u00fcnya m\u00fcharib\u0259sind\u0259n sonra Avropan\u0131n \u0259n \u00e7ox bombalar v\u0259 raketl\u0259rin at\u0131llm\u0131\u015f oldu\u011fu \u015f\u0259h\u0259rl\u0259rind\u0259n biridir!\u201d<\/p>\n\n\n\n<p>Erm\u0259nistan\u0131n silahl\u0131 birl\u0259\u015fm\u0259l\u0259ri t\u0259r\u0259find\u0259n m\u00fclki \u015f\u0259xsl\u0259rin \u00e7oxsayl\u0131 \u0259mlak\u0131na ciddi ziyan vurulmu\u015f, ya\u015fay\u0131\u015f evl\u0259ri, \u00e7oxm\u0259nzilli ya\u015fay\u0131\u015f binalar\u0131, qeyri-ya\u015fay\u0131\u015f sah\u0259l\u0259ri da\u011f\u0131d\u0131lm\u0131\u015fd\u0131. \u00dcmumilikd\u0259, d\u00fc\u015fm\u0259n t\u0259r\u0259fin silahl\u0131 birl\u0259\u015fm\u0259l\u0259rinin dinc \u0259halini at\u0259\u015f\u0259 tutmas\u0131 n\u0259tic\u0259sind\u0259 16 n\u0259f\u0259r q\u0259tl\u0259 yetirilmi\u015f, 63 n\u0259f\u0259r m\u00fcxt\u0259lif d\u0259r\u0259c\u0259li b\u0259d\u0259n x\u0259sar\u0259tl\u0259ri al\u0131b ki, onlar\u0131n aras\u0131nda qad\u0131n v\u0259 u\u015faqlar da var.<\/p>\n\n\n\n<p>V\u0259t\u0259n m\u00fcharib\u0259sind\u0259 rayonumuzda 46 h\u0259rbi qulluq\u00e7u \u015f\u0259hid olub, 57 n\u0259f\u0259r h\u0259rbi qulluq\u00e7umuz is\u0259 yaralanaraq sa\u011flaml\u0131\u011f\u0131n\u0131 itirib. 1554 n\u0259f\u0259r V\u0259t\u0259n m\u00fcharib\u0259si veteran\u0131m\u0131z var.<\/p>\n\n\n\n<p>\u0130\u015f\u011fal alt\u0131nda olan torpaqlar\u0131m\u0131z q\u0259hr\u0259man \u015f\u0259hidl\u0259rimizin, \u0259sg\u0259r v\u0259 zabitl\u0259rimizin, qazil\u0259rimizin qan\u0131 v\u0259 can\u0131 bahas\u0131na azad olundu.<\/p>\n\n\n\n<p>Sonra V\u0259t\u0259n M\u00fcharib\u0259si Q\u0259hr\u0259man\u0131, \u015f\u0259hid polkovnik-leytenant Anar \u018fliyevin atas\u0131 Vaqif \u018fliyev \u00e7\u0131x\u0131\u015f edib, \u015f\u0259h\u0259r 1 sayl\u0131 tam orta m\u0259kt\u0259binin 7-V sinifinin , sinif R\u0259hb\u0259ri G\u00fclnar H\u0259s\u0259novan\u0131n \u015fagirdl\u0259ri \u015f\u0259hidl\u0259r\u0259, V\u0259t\u0259n\u0259 h\u0259sr edilmi\u015f \u015feirl\u0259r s\u00f6yl\u0259yibl\u0259r.<\/p>\n\n\n\n<p>Sonda ziyar\u0259t\u00e7il\u0259r t\u0259r\u0259find\u0259n \u015e\u0259hidl\u0259r Abid\u0259 Kompleksinin \u00f6n\u00fcn\u0259 g\u00fcl-\u00e7i\u00e7\u0259k d\u0259st\u0259l\u0259ri d\u00fcz\u00fcl\u00fcb, \u015f\u0259hidl\u0259rin xatir\u0259si ehtiramla an\u0131l\u0131b.<\/p>\n\n\n\n<p><strong>AVMV\u0130B M\u0259tbuat xidm\u0259ti<br><em>El\u00e7in Q\u0259dirov<\/em><\/strong><\/p>\n\n\n\n<a href=\"https:\/\/postimages.org\/\" target=\"_blank\" rel=\"noopener\"><img decoding=\"async\" src=\"https:\/\/i.postimg.cc\/jq7Y0xN0\/Whats-App-Image-2024-09-28-at-17-37-18-1.jpg\" alt=\"Whats-App-Image-2024-09-28-at-17-37-18-1\"\/><\/a><br\/><br\/>\n<a href=\"https:\/\/postimg.cc\/FkrCvj72\" target=\"_blank\" rel=\"noopener\"><img decoding=\"async\" src=\"https:\/\/i.postimg.cc\/hvxk9sgP\/Whats-App-Image-2024-09-28-at-17-37-18-2.jpg\" alt=\"Whats-App-Image-2024-09-28-at-17-37-18-2\"\/><\/a><br\/><br\/>\n<a href=\"https:\/\/postimages.org\/\" target=\"_blank\" rel=\"noopener\"><img decoding=\"async\" src=\"https:\/\/i.postimg.cc\/rpZ2czQc\/Whats-App-Image-2024-09-28-at-17-37-19.jpg\" alt=\"Whats-App-Image-2024-09-28-at-17-37-19\"\/><\/a><br\/><br\/>\n<a href=\"https:\/\/postimg.cc\/wyc4nWTX\" target=\"_blank\" rel=\"noopener\"><img decoding=\"async\" src=\"https:\/\/i.postimg.cc\/KzdXkV6H\/Whats-App-Image-2024-09-28-at-17-37-19-1.jpg\" alt=\"Whats-App-Image-2024-09-28-at-17-37-19-1\"\/><\/a><br\/><br\/>\n<a href=\"https:\/\/postimages.org\/\" target=\"_blank\" rel=\"noopener\"><img decoding=\"async\" src=\"https:\/\/i.postimg.cc\/bvwfK103\/Whats-App-Image-2024-09-28-at-17-37-20.jpg\" alt=\"Whats-App-Image-2024-09-28-at-17-37-20\"\/><\/a><br\/><br\/>\n<a href=\"https:\/\/postimages.org\/\" target=\"_blank\" rel=\"noopener\"><img decoding=\"async\" src=\"https:\/\/i.postimg.cc\/26qR5mKW\/Whats-App-Image-2024-09-28-at-17-37-20-1.jpg\" alt=\"Whats-App-Image-2024-09-28-at-17-37-20-1\"\/><\/a><br\/><br\/>\n\n","protected":false},"excerpt":{"rendered":"<p>2024 c\u00fc il 27 Sentyabr An\u0131m g\u00fcn\u00fcnd\u0259 Az\u0259rbaycan V\u0259t\u0259n M\u00fcharib\u0259si Veteranlar\u0131 \u0130ctimai Birliyinin T\u0259rt\u0259r rayon \u015f\u00f6b\u0259si, T\u0259rt\u0259r rayonunda yerl\u0259\u015f\u0259n \u015e\u0259hidl\u0259r abid\u0259sini ziyar\u0259t edibl\u0259r. An\u0131m<\/p>\n","protected":false},"author":2,"featured_media":100414,"comment_status":"closed","ping_status":"closed","sticky":false,"template":"","format":"standard","meta":{"footnotes":""},"categories":[5],"tags":[],"class_list":["post-100413","post","type-post","status-publish","format-standard","has-post-thumbnail","hentry","category-veteran"],"aioseo_notices":[],"_links":{"self":[{"href":"https:\/\/fedai.az\/index.php?rest_route=\/wp\/v2\/posts\/100413","targetHints":{"allow":["GET"]}}],"collection":[{"href":"https:\/\/fedai.az\/index.php?rest_route=\/wp\/v2\/posts"}],"about":[{"href":"https:\/\/fedai.az\/index.php?rest_route=\/wp\/v2\/types\/post"}],"author":[{"embeddable":true,"href":"https:\/\/fedai.az\/index.php?rest_route=\/wp\/v2\/users\/2"}],"replies":[{"embeddable":true,"href":"https:\/\/fedai.az\/index.php?rest_route=%2Fwp%2Fv2%2Fcomments&post=100413"}],"version-history":[{"count":1,"href":"https:\/\/fedai.az\/index.php?rest_route=\/wp\/v2\/posts\/100413\/revisions"}],"predecessor-version":[{"id":100415,"href":"https:\/\/fedai.az\/index.php?rest_route=\/wp\/v2\/posts\/100413\/revisions\/100415"}],"wp:featuredmedia":[{"embeddable":true,"href":"https:\/\/fedai.az\/index.php?rest_route=\/wp\/v2\/media\/100414"}],"wp:attachment":[{"href":"https:\/\/fedai.az\/index.php?rest_route=%2Fwp%2Fv2%2Fmedia&parent=100413"}],"wp:term":[{"taxonomy":"category","embeddable":true,"href":"https:\/\/fedai.az\/index.php?rest_route=%2Fwp%2Fv2%2Fcategories&post=100413"},{"taxonomy":"post_tag","embeddable":true,"href":"https:\/\/fedai.az\/index.php?rest_route=%2Fwp%2Fv2%2Ftags&post=100413"}],"curies":[{"name":"wp","href":"https:\/\/api.w.org\/{rel}","templated":true}]}}