{"id":100433,"date":"2023-09-30T13:32:00","date_gmt":"2023-09-30T09:32:00","guid":{"rendered":"https:\/\/fedai.az\/?p=100433"},"modified":"2024-09-30T23:34:36","modified_gmt":"2024-09-30T19:34:36","slug":"b%c9%99s%c9%99riyy%c9%99tin-ortaq-dili","status":"publish","type":"post","link":"https:\/\/fedai.az\/?p=100433","title":{"rendered":"B\u0259\u015f\u0259riyy\u0259tin ortaq dili"},"content":{"rendered":"\n<p><a href=\"https:\/\/korrespondent.az\/#\">2024-09-30 13:57:06<\/a><\/p>\n\n\n\n<p>M\u00fcxt\u0259lif pe\u015f\u0259 f\u0259aliyy\u0259tl\u0259ri il\u0259 ba\u011fl\u0131 ayr\u0131-ayr\u0131 d\u00f6vl\u0259tl\u0259r v\u0259 beyn\u0259lxalq t\u0259\u015fkilatlar t\u0259r\u0259find\u0259n x\u00fcsusi g\u00fcnl\u0259r t\u0259sis olunub. Bir s\u0131ra pe\u015f\u0259l\u0259r\u0259 x\u00fcsusi m\u00fcnasib\u0259t onlar\u0131n c\u0259miyy\u0259t\u0259 v\u0259 insanl\u0131\u011fa g\u00f6strdiyi xidm\u0259tin \u0259h\u0259miyy\u0259ti il\u0259 ba\u011fl\u0131d\u0131r. Bel\u0259 \u0259h\u0259miyy\u0259tli pe\u015f\u0259l\u0259rd\u0259n biri d\u0259 t\u0259rc\u00fcm\u0259\u00e7ilikdir.&nbsp;&nbsp;<\/p>\n\n\n\n<p>1953-c\u00fc il sentyabr\u0131n 30-da Birl\u0259\u015fmi\u015f Mill\u0259tl\u0259r T\u0259\u015fkilat\u0131 xalqlar aras\u0131nda s\u00fclh, anla\u015fma, bar\u0131\u015f\u0131q v\u0259 inki\u015faf\u0131n t\u0259\u015fviqind\u0259 pe\u015f\u0259kar t\u0259rc\u00fcm\u0259nin rolunu vur\u011fulayan x\u00fcsusi qanun layih\u0259si q\u0259bul etmi\u015f v\u0259 Beyn\u0259lxalq T\u0259rc\u00fcm\u0259 Federasiyas\u0131 yarad\u0131lm\u0131\u015fd\u0131. 1991-ci ild\u0259n etibar\u0259n 30 sentyabr b\u00fct\u00fcn d\u00fcnyada &#171;Beyn\u0259lxalq T\u0259rc\u00fcm\u0259\u00e7il\u0259r g\u00fcn\u00fc&#187; kimi qeyd olunma\u011fa ba\u015flan\u0131b.<\/p>\n\n\n\n<p>T\u0259rc\u00fcm\u0259\u00e7il\u0259r qloballa\u015fan d\u00fcnyada beyn\u0259lxalq siyas\u0259t, m\u0259d\u0259niyy\u0259t, iqtisadiyyat, elm, texnologiya v\u0259 b\u00fct\u00fcn dig\u0259r sah\u0259l\u0259rd\u0259 dil baryerini aradan qald\u0131ran, m\u00fcxt\u0259lif xalqlar\u0131n bir-birini anlamas\u0131na \u015f\u0259rait yaradan f\u0259dakar v\u0259 z\u0259hm\u0259tke\u015f insanlard\u0131r. Onlar\u0131n f\u0259aliyy\u0259ti m\u00fcxt\u0259lif dill\u0259r\u0259, dinl\u0259r\u0259, m\u0259d\u0259niyy\u0259tl\u0259r\u0259 m\u0259nsub olan v\u0259 f\u0259rqli d\u00fcnyag\u00f6r\u00fc\u015f\u00fcn\u0259 malik olan c\u0259miyy\u0259tl\u0259r v\u0259 insanlar aras\u0131nda&nbsp; \u00fcnsiyy\u0259t yaratmaqdan v\u0259 b\u00fct\u00fcn m\u0259nalarda onlar\u0131n bir-birini anlamas\u0131na xidm\u0259t etm\u0259kd\u0259n ibar\u0259tdir. Bir-birini anlamaq v\u0259 \u00f6z m\u00f6vqeyini anlada bilm\u0259k is\u0259 \u0259m\u0259kda\u015fl\u0131\u011fa, s\u00fclh\u0259 v\u0259 bar\u0131\u015fa aparan yolda vacib amill\u0259rdir. Bu bax\u0131mdan, t\u0259rc\u00fcm\u0259 b\u00fct\u00fcn b\u0259\u015f\u0259riyy\u0259tin ortaq dilidir. T\u0259rc\u00fcm\u0259\u00e7il\u0259r informasiyan\u0131 d\u00fczg\u00fcn istiqam\u0259td\u0259 v\u0259 d\u00fczg\u00fcn \u015f\u0259kild\u0259 \u00e7atd\u0131rmaqla h\u0259m d\u0259 d\u00fcnyada s\u00fclh v\u0259 \u0259m\u0259kda\u015fl\u0131\u011fa t\u00f6hf\u0259 vermi\u015f olurlar.<\/p>\n\n\n\n<p>23 may 2012-ci ild\u0259 Az\u0259rbaycan Respublikas\u0131n\u0131n Prezidenti \u0130lham \u018fliyevin S\u0259r\u0259ncam\u0131 il\u0259 Az\u0259rbaycan D\u00f6vl\u0259t T\u0259rc\u00fcm\u0259 M\u0259rk\u0259zi yarad\u0131l\u0131b. M\u0259rk\u0259zin f\u0259aliyy\u0259tinin m\u0259qs\u0259di d\u00f6vl\u0259t dilind\u0259n d\u00fczg\u00fcn istifad\u0259 v\u0259 t\u0259rc\u00fcm\u0259 i\u015finin m\u0259rk\u0259zl\u0259\u015fdirilmi\u015f qaydada t\u0259\u015fkili v\u0259 t\u0259nziml\u0259nm\u0259sind\u0259n, Az\u0259rbaycan \u0259d\u0259biyyat\u0131n\u0131n beyn\u0259lxalq al\u0259md\u0259, xarici \u0259d\u0259biyyat\u0131n Az\u0259rbaycanda tan\u0131d\u0131lmas\u0131ndan v\u0259 t\u0259bli\u011find\u0259n ibar\u0259tdir. Bu m\u0259nada, t\u0259rc\u00fcm\u0259 m\u0259d\u0259niyy\u0259tl\u0259raras\u0131 k\u00f6rp\u00fcd\u00fcr.<\/p>\n\n\n\n<p>\u00d6m\u00fcrl\u0259rini bu pe\u015f\u0259y\u0259 h\u0259sr etmi\u015f ziyal\u0131lar\u0131m\u0131z \u00e7oxsayl\u0131 v\u0259 \u00e7ox istiqam\u0259tli t\u0259rc\u00fcm\u0259l\u0259ri il\u0259 oxucunun d\u00fcnyag\u00f6r\u00fc\u015f\u00fcn\u00fcn z\u0259nginl\u0259\u015fm\u0259sind\u0259, m\u00fctali\u0259 z\u00f6vq\u00fcn\u00fcn formala\u015fmas\u0131nda, el\u0259c\u0259 d\u0259 qlobal miqyasda \u0259ld\u0259 olunan elmi-texniki nailiyy\u0259tl\u0259rin Az\u0259rbaycan dilind\u0259 elmi d\u00f6vriyy\u0259y\u0259 g\u0259tirm\u0259kl\u0259&nbsp; elmimizin v\u0259 m\u0259d\u0259niyy\u0259timizin z\u0259nginl\u0259\u015fm\u0259sind\u0259 f\u0259al \u015f\u0259kild\u0259 i\u015ftirak edirl\u0259r. \u00d6lk\u0259miz \u00fc\u00e7\u00fcn nisb\u0259t\u0259n yeni olan bu f\u0259aliyyt sah\u0259sind\u0259 yorulmadan \u00e7al\u0131\u015fan v\u0259 milli t\u0259rc\u00fcm\u0259\u00e7ilik m\u0259kt\u0259binin formala\u015fmas\u0131na v\u0259 bu pe\u015f\u0259nin ini\u015faf\u0131na x\u00fcsusi t\u00f6hf\u0259l\u0259r ver\u0259n insanlar&nbsp; b\u00f6y\u00fck h\u00f6rm\u0259t\u0259 v\u0259 ehtirama layiqdirl\u0259r.<\/p>\n\n\n\n<p>B\u00fct\u00fcn d\u00fcnyada oldu\u011fu kimi, \u00f6lk\u0259mizd\u0259 d\u0259 t\u0259rc\u00fcm\u0259 i\u015fi inki\u015faf etm\u0259kd\u0259 v\u0259 getdikc\u0259 daha \u00e7ox \u0259h\u0259miyy\u0259t qazanmaqdad\u0131r. \u00d6lk\u0259mizd\u0259 t\u0259rc\u00fcm\u0259\u00e7ilik pe\u015f\u0259si \u00fczr\u0259 ilk ali t\u0259hsil ixtisas\u0131 1986-c\u0131 ild\u0259 o zamank\u0131 Az\u0259rbaycan D\u00f6vl\u0259t Pedaqoji Xarici Dill\u0259r \u0130nstitutunda a\u00e7\u0131lm\u0131\u015f, ingilis, alman v\u0259 frans\u0131z dill\u0259ri \u00fczr\u0259 ilk pe\u015f\u0259kar t\u0259rc\u00fcm\u0259\u00e7il\u0259rin haz\u0131rlanmas\u0131na ba\u015flan\u0131lm\u0131\u015fd\u0131r. T\u0259rc\u00fcm\u0259\u00e7ilik ixtisas\u0131 \u00fczr\u0259 kadr haz\u0131rl\u0131\u011f\u0131na ba\u015flanmas\u0131n\u0131n ilk ilind\u0259 h\u0259r dil \u00fczr\u0259 c\u0259mi alt\u0131 n\u0259f\u0259r t\u0259l\u0259b\u0259 q\u0259bul olunmu\u015fdu v\u0259 m\u0259n&nbsp; d\u0259 t\u0259rc\u00fcm\u0259 fak\u00fclt\u0259sinin ilk t\u0259l\u0259b\u0259l\u0259rind\u0259n biri oldu\u011fumla f\u0259xr edir\u0259m. 1986-1991-ci ill\u0259rd\u0259 m\u0259n\u0259 v\u0259 t\u0259l\u0259b\u0259 yolda\u015flar\u0131ma d\u0259rs vermi\u015f b\u00fct\u00fcn \u0259ziz insanlar\u0131 \u2013 g\u00f6rk\u0259mli aliml\u0259rizi v\u0259 professorlar\u0131m\u0131z\u0131 d\u0259rin minn\u0259tdarl\u0131q hissi il\u0259 xat\u0131rlay\u0131ram.<\/p>\n\n\n\n<p>Bu g\u00fcn Az\u0259rbaycan Dill\u0259r Universtetind\u0259 y\u00fczl\u0259rl\u0259 m\u00fct\u0259x\u0259ssis t\u0259rc\u00fcm\u0259 i\u015finin inc\u0259likl\u0259rini g\u0259nc n\u0259sl\u0259 \u00f6yr\u0259tm\u0259kl\u0259 m\u0259\u015f\u011fuldur.&nbsp; Bizim \u00fc\u00e7\u00fcn x\u00fcsusi \u0259h\u0259miyy\u0259t da\u015f\u0131yan bu g\u00fcnd\u0259 \u00f6z\u00fcm\u0259 do\u011fma hesab etdiyim Az\u0259rbaycan Dill\u0259r Universitetin professor-m\u00fc\u0259llim hey\u0259tini t\u0259brik edir v\u0259 onlara elmi-pedaqoji v\u0259 praktiki yarad\u0131c\u0131l\u0131q f\u0259aliyy\u0259tl\u0259rind\u0259 davaml\u0131 u\u011furlar arzulay\u0131ram. Beyn\u0259lxalq T\u0259rc\u00fcm\u0259\u00e7il\u0259r G\u00fcn\u00fc m\u00fcnasib\u0259ti il\u0259 \u00f6lk\u0259mizd\u0259 v\u0259 \u00f6lk\u0259mizd\u0259n k\u0259narda f\u0259aliyy\u0259t g\u00f6st\u0259r\u0259n b\u00fct\u00fcn&nbsp; t\u0259rc\u00fcm\u0259\u00e7il\u0259ri t\u0259brik edir\u0259m.<\/p>\n\n\n\n<p><strong><em>Cavan\u015fir Feyziyev,&nbsp;Milli M\u0259clisin deputatI<\/em><\/strong><\/p>\n\n\n\n<p><strong><em>30 sentyabr 2024<\/em><\/strong><a href=\"https:\/\/korrespondent.az\/#\"><\/a><\/p>\n","protected":false},"excerpt":{"rendered":"<p>2024-09-30 13:57:06 M\u00fcxt\u0259lif pe\u015f\u0259 f\u0259aliyy\u0259tl\u0259ri il\u0259 ba\u011fl\u0131 ayr\u0131-ayr\u0131 d\u00f6vl\u0259tl\u0259r v\u0259 beyn\u0259lxalq t\u0259\u015fkilatlar t\u0259r\u0259find\u0259n x\u00fcsusi g\u00fcnl\u0259r t\u0259sis olunub. Bir s\u0131ra pe\u015f\u0259l\u0259r\u0259 x\u00fcsusi m\u00fcnasib\u0259t onlar\u0131n c\u0259miyy\u0259t\u0259<\/p>\n","protected":false},"author":2,"featured_media":100434,"comment_status":"closed","ping_status":"closed","sticky":false,"template":"","format":"standard","meta":{"footnotes":""},"categories":[3],"tags":[],"class_list":["post-100433","post","type-post","status-publish","format-standard","has-post-thumbnail","hentry","category-gundm"],"aioseo_notices":[],"_links":{"self":[{"href":"https:\/\/fedai.az\/index.php?rest_route=\/wp\/v2\/posts\/100433","targetHints":{"allow":["GET"]}}],"collection":[{"href":"https:\/\/fedai.az\/index.php?rest_route=\/wp\/v2\/posts"}],"about":[{"href":"https:\/\/fedai.az\/index.php?rest_route=\/wp\/v2\/types\/post"}],"author":[{"embeddable":true,"href":"https:\/\/fedai.az\/index.php?rest_route=\/wp\/v2\/users\/2"}],"replies":[{"embeddable":true,"href":"https:\/\/fedai.az\/index.php?rest_route=%2Fwp%2Fv2%2Fcomments&post=100433"}],"version-history":[{"count":1,"href":"https:\/\/fedai.az\/index.php?rest_route=\/wp\/v2\/posts\/100433\/revisions"}],"predecessor-version":[{"id":100435,"href":"https:\/\/fedai.az\/index.php?rest_route=\/wp\/v2\/posts\/100433\/revisions\/100435"}],"wp:featuredmedia":[{"embeddable":true,"href":"https:\/\/fedai.az\/index.php?rest_route=\/wp\/v2\/media\/100434"}],"wp:attachment":[{"href":"https:\/\/fedai.az\/index.php?rest_route=%2Fwp%2Fv2%2Fmedia&parent=100433"}],"wp:term":[{"taxonomy":"category","embeddable":true,"href":"https:\/\/fedai.az\/index.php?rest_route=%2Fwp%2Fv2%2Fcategories&post=100433"},{"taxonomy":"post_tag","embeddable":true,"href":"https:\/\/fedai.az\/index.php?rest_route=%2Fwp%2Fv2%2Ftags&post=100433"}],"curies":[{"name":"wp","href":"https:\/\/api.w.org\/{rel}","templated":true}]}}