{"id":100447,"date":"2024-10-05T00:39:11","date_gmt":"2024-10-04T20:39:11","guid":{"rendered":"https:\/\/fedai.az\/?p=100447"},"modified":"2024-10-05T00:40:10","modified_gmt":"2024-10-04T20:40:10","slug":"avmvib-s%c9%99drind%c9%99n-mu%c9%99lliml%c9%99r-gunu-munasib%c9%99ti-il%c9%99-t%c9%99brik","status":"publish","type":"post","link":"https:\/\/fedai.az\/?p=100447","title":{"rendered":"AVMV\u0130B s\u0259drind\u0259n M\u00fc\u0259lliml\u0259r G\u00fcn\u00fc m\u00fcnasib\u0259ti il\u0259 t\u0259brik"},"content":{"rendered":"\n<p>Az\u0259rbaycan V\u0259t\u0259n M\u00fcharib\u0259si Veteranlar\u0131 \u0130ctimai Birliyinin (AVMV\u0130B) s\u0259dri F\u00fczuli Rzaquliyev 5 oktyabr &#8212; Beyn\u0259lxalq M\u00fc\u0259lliml\u0259r G\u00fcn\u00fc m\u00fcnasib\u0259ti il\u0259 m\u00fc\u0259lliml\u0259r\u0259 t\u0259brik \u00fcnvanlam\u0131\u015fd\u0131r. T\u0259brikd\u0259 deyilir:<\/p>\n\n\n\n<p>&#171;Ulu \u00d6nd\u0259rimiz Heyd\u0259r \u018fliyev iki pe\u015f\u0259nin &#8212; h\u0259m m\u00fc\u0259lliml\u0259rin, h\u0259m d\u0259 h\u0259rb\u00e7il\u0259rin f\u0259aliyy\u0259tini m\u00fcq\u0259dd\u0259s hesab etmi\u015fdir. Do\u011frudan da, h\u0259rb\u00e7il\u0259r V\u0259t\u0259nin m\u00fcst\u0259qilliyinin, azadl\u0131\u011f\u0131n\u0131n, t\u0259hl\u00fck\u0259sizliyinin &#8212; bu g\u00fcn\u00fcn ke\u015fiyind\u0259 dayan\u0131rsa, m\u00fc\u0259lliml\u0259r d\u0259 g\u0259l\u0259c\u0259yimizin, sabah\u0131m\u0131z\u0131n m\u0259n\u0259vi keyfiyy\u0259tiin, t\u0259rbiy\u0259nin v\u0259 xalq \u00fc\u00e7\u00fcn, d\u00f6vl\u0259t \u00fc\u00e7\u00fcb layiqli v\u0259t\u0259nda\u015flar\u0131n yeti\u015fdirilm\u0259sinin &#8212; sabah\u0131n b\u00fcn\u00f6vr\u0259sinin ke\u015fiyind\u0259 dayan\u0131r.<\/p>\n\n\n\n<p>Buna g\u00f6r\u0259 d\u0259, bu pe\u015f\u0259nin \u0259h\u0259miyy\u0259tini v\u0259 ucal\u0131\u011f\u0131n\u0131 n\u0259z\u0259r\u0259 alaraq b\u00fct\u00fcn m\u00fc\u0259lliml\u0259rimizi M\u00fc\u0259lliml\u0259r G\u00fcn\u00fc m\u00fcnasib\u0259ti il\u0259 t\u0259brik edir, onlara pedaqoji f\u0259aliyy\u0259tl\u0259rind\u0259 u\u011furlar arzulay\u0131ram. Bu g\u00fcn AVMV\u0130B s\u0131ralar\u0131nda minl\u0259rl\u0259 m\u00fc\u0259llim \u00e7al\u0131\u015f\u0131r. Y\u00fczl\u0259rl\u0259 m\u00fc\u0259llim V\u0259t\u0259n m\u00fcharib\u0259si d\u00f6vr\u00fcnd\u0259 \u015f\u0259hidlik zirv\u0259sin\u0259 ucalm\u0131\u015fd\u0131r. Allah b\u00fct\u00fcn \u015f\u0259hidl\u0259rimiz\u0259 r\u0259hm\u0259t etsin. Allah b\u00fct\u00fcn qazil\u0259rimiz\u0259 v\u0259 V\u0259t\u0259n o\u011fullar\u0131m\u0131za can sa\u011fl\u0131\u011f\u0131 versin. Allah Ordumuzu v\u0259 Ali Ba\u015f Komandan\u0131m\u0131z \u0130lham \u018fliyev c\u0259nablar\u0131n\u0131 qorusun!&#187;<\/p>\n\n\n\n<p><strong>AVMV\u0130B M\u0259tbuat xidm\u0259ti<\/strong><\/p>\n","protected":false},"excerpt":{"rendered":"<p>Az\u0259rbaycan V\u0259t\u0259n M\u00fcharib\u0259si Veteranlar\u0131 \u0130ctimai Birliyinin (AVMV\u0130B) s\u0259dri F\u00fczuli Rzaquliyev 5 oktyabr &#8212; Beyn\u0259lxalq M\u00fc\u0259lliml\u0259r G\u00fcn\u00fc m\u00fcnasib\u0259ti il\u0259 m\u00fc\u0259lliml\u0259r\u0259 t\u0259brik \u00fcnvanlam\u0131\u015fd\u0131r. T\u0259brikd\u0259 deyilir: &#171;Ulu<\/p>\n","protected":false},"author":1,"featured_media":98157,"comment_status":"closed","ping_status":"closed","sticky":false,"template":"","format":"standard","meta":{"footnotes":""},"categories":[12],"tags":[],"class_list":["post-100447","post","type-post","status-publish","format-standard","has-post-thumbnail","hentry","category-sosial"],"aioseo_notices":[],"_links":{"self":[{"href":"https:\/\/fedai.az\/index.php?rest_route=\/wp\/v2\/posts\/100447","targetHints":{"allow":["GET"]}}],"collection":[{"href":"https:\/\/fedai.az\/index.php?rest_route=\/wp\/v2\/posts"}],"about":[{"href":"https:\/\/fedai.az\/index.php?rest_route=\/wp\/v2\/types\/post"}],"author":[{"embeddable":true,"href":"https:\/\/fedai.az\/index.php?rest_route=\/wp\/v2\/users\/1"}],"replies":[{"embeddable":true,"href":"https:\/\/fedai.az\/index.php?rest_route=%2Fwp%2Fv2%2Fcomments&post=100447"}],"version-history":[{"count":1,"href":"https:\/\/fedai.az\/index.php?rest_route=\/wp\/v2\/posts\/100447\/revisions"}],"predecessor-version":[{"id":100448,"href":"https:\/\/fedai.az\/index.php?rest_route=\/wp\/v2\/posts\/100447\/revisions\/100448"}],"wp:featuredmedia":[{"embeddable":true,"href":"https:\/\/fedai.az\/index.php?rest_route=\/wp\/v2\/media\/98157"}],"wp:attachment":[{"href":"https:\/\/fedai.az\/index.php?rest_route=%2Fwp%2Fv2%2Fmedia&parent=100447"}],"wp:term":[{"taxonomy":"category","embeddable":true,"href":"https:\/\/fedai.az\/index.php?rest_route=%2Fwp%2Fv2%2Fcategories&post=100447"},{"taxonomy":"post_tag","embeddable":true,"href":"https:\/\/fedai.az\/index.php?rest_route=%2Fwp%2Fv2%2Ftags&post=100447"}],"curies":[{"name":"wp","href":"https:\/\/api.w.org\/{rel}","templated":true}]}}