{"id":10045,"date":"2020-07-15T06:12:08","date_gmt":"2020-07-15T02:12:08","guid":{"rendered":"http:\/\/fedai.az\/?p=10045"},"modified":"2020-07-15T06:13:37","modified_gmt":"2020-07-15T02:13:37","slug":"avmvib-yurus-olaylariyla-bagli-muraci%c9%99t-q%c9%99bul-etdi","status":"publish","type":"post","link":"https:\/\/fedai.az\/?p=10045","title":{"rendered":"AVMV\u0130B y\u00fcr\u00fc\u015f olaylar\u0131yla ba\u011fl\u0131 m\u00fcraci\u0259t q\u0259bul etdi"},"content":{"rendered":"\n<p><strong>C\u0259nab Ali Ba\u015f Komandan!<\/strong><\/p>\n\n\n\n<p><strong>D\u00fc\u015fm\u0259nl\u0259 apard\u0131\u011f\u0131n\u0131z q\u0259tiyy\u0259tli m\u00fcbariz\u0259d\u0259 yan\u0131n\u0131zda v\u0259 \u0259mrinizd\u0259 oldu\u011fumuzu bir daha bildiririk. Do\u011fma Qaraba\u011f\u0131n azad edilm\u0259si \u00fc\u00e7\u00fcn apar\u0131lan h\u0259r bir add\u0131m\u0131 d\u0259st\u0259kl\u0259yir v\u0259 \u00f6n s\u0131ralarda yer tutma\u011f\u0131 \u00f6z v\u0259zif\u0259 borcumuz hesab edirik. V\u0259t\u0259n torpaqlar\u0131n\u0131n m\u00fcdafi\u0259si v\u0259 d\u00fc\u015fm\u0259n i\u015f\u011fal\u0131ndan tezlikl\u0259 azad edilm\u0259si yolunda y\u00fcr\u00fcm\u0259y\u0259 h\u0259r birimiz haz\u0131r\u0131q.<\/strong><\/p>\n\n\n\n<p>Erm\u0259nistan Silahl\u0131 Q\u00fcvv\u0259l\u0259rinin iyul ay\u0131n\u0131n 12-d\u0259n ba\u015flayan t\u0259xribat\u0131 n\u0259tic\u0259sind\u0259 d\u00f6vl\u0259t s\u0259rh\u0259dinin Tovuz rayonu sah\u0259sind\u0259 ged\u0259n d\u00f6y\u00fc\u015fl\u0259rd\u0259 Az\u0259rbaycan\u0131n q\u0259hr\u0259mancas\u0131na h\u0259lak olmu\u015f h\u0259rbi qulluq\u00e7ular\u0131n\u0131n ail\u0259l\u0259rin\u0259, yax\u0131nlar\u0131na v\u0259 b\u00fct\u00fcnl\u00fckd\u0259 Az\u0259rbaycan xalq\u0131na d\u0259rin h\u00fcznl\u0259 ba\u015fsa\u011fl\u0131\u011f\u0131 verir, \u015f\u0259hidl\u0259rimizin ruhuna g\u00f6st\u0259rdikl\u0259ri b\u00f6y\u00fck ehtirama g\u00f6r\u0259 q\u0259dirbil\u0259n xalq\u0131m\u0131za m\u00fcharib\u0259 veteranlar\u0131 olaraq \u00f6z minn\u0259tdarl\u0131\u011f\u0131m\u0131z\u0131 bildiririk.<\/p>\n\n\n\n<p> Lakin t\u0259\u0259ss\u00fcfl\u0259r olsun ki, y\u00fcr\u00fc\u015f\u0259 g\u0259l\u0259n bir qrup t\u0259xribat\u00e7\u0131 l\u00fczumsuz bir halda Milli M\u0259clisin binas\u0131n\u0131n qap\u0131lar\u0131n\u0131 s\u0131nd\u0131raraq, binaya daxil olmu\u015f, i\u011fti\u015fa\u015f\u00e7\u0131lar polis ma\u015f\u0131n\u0131n\u0131 a\u015f\u0131rdaraq polis\u0259 m\u00fcqavim\u0259t g\u00f6st\u0259rmi\u015fl\u0259r. V\u0259ziyy\u0259tin n\u0259zar\u0259td\u0259n \u00e7\u0131xd\u0131\u011f\u0131n\u0131 g\u00f6r\u0259n polis g\u00f6zya\u015fard\u0131c\u0131 qazdan v\u0259 bib\u0259r \u015f\u0131rna\u011f\u0131ndan istifad\u0259 ed\u0259r\u0259k t\u0259xribata c\u0259hd ed\u0259n i\u011fti\u015fa\u015f\u00e7\u0131lar\u0131 hadis\u0259 yerind\u0259n uzaqla\u015fd\u0131rma\u011fa \u00e7al\u0131\u015fm\u0131\u015flar.<\/p>\n\n\n\n<p><br>Bu olay\u0131n yekunu olaraq, 67 minlik m\u00fcharib\u0259 veteran\u0131n\u0131 \u00f6z \u0259traf\u0131nda birl\u0259\u015fdir\u0259n Az\u0259rbaycan V\u0259t\u0259n M\u00fcharib\u0259si Veteranlar\u0131 \u0130ctimai Birliyi olaraq ba\u015f ver\u0259n hadis\u0259l\u0259ri pisl\u0259yir, \u015f\u0259hidl\u0259rimizin ad\u0131ndan istifad\u0259 etm\u0259kl\u0259 yaramaz \u0259m\u0259ll\u0259r\u0259 yol ver\u0259n t\u0259xribat\u00e7\u0131lar\u0131 k\u0259skin \u015f\u0259kild\u0259 q\u0131nay\u0131r v\u0259 h\u0259ssas m\u0259qamda, \u0259sg\u0259rl\u0259rimiz d\u00fc\u015fm\u0259nl\u0259 \u00fczb\u0259\u00fcz durdu\u011fu bir vaxtda bu h\u0259r\u0259k\u0259t\u0259 yol ver\u0259nl\u0259rin ciddi sur\u0259td\u0259 c\u0259zalanmas\u0131n\u0131 t\u0259l\u0259b edirik.<\/p>\n\n\n\n<p><br>Biz bu V\u0259t\u0259n \u00fc\u00e7\u00fcn, bu D\u00f6vl\u0259tin qurulmas\u0131 \u00fc\u00e7\u00fcn \u00f6z can\u0131n\u0131 ortaya qoymu\u015f insanlar olaraq, x\u00fcsus\u0259n g\u0259nc n\u0259sl\u0259 xat\u0131rlatmaq ist\u0259yirik ki, \u00f6t\u0259n \u0259srin sonlar\u0131nda t\u00fcrl\u00fc-t\u00fcrl\u00fc d\u00fc\u015fm\u0259n m\u0259xfi xidm\u0259t orqanlar\u0131na i\u015fl\u0259y\u0259nl\u0259r bizim Qaraba\u011f ist\u0259yimizi al-ver predmetin\u0259 \u00e7evirdil\u0259r. N\u0259tic\u0259 g\u00f6z qaba\u011f\u0131ndad\u0131r. Sizl\u0259ri yenid\u0259n bizim ya\u015fad\u0131\u011f\u0131m\u0131z yanl\u0131\u015flar\u0131 ya\u015fatmalar\u0131na yol ver\u0259 bilm\u0259rik. \u00d6zl\u0259rini 5-ci kolonun n\u00f6k\u0259ri sayanlar\u0131n f\u0259tvas\u0131na getm\u0259yin. Yax\u015f\u0131s\u0131yla, pisiyl\u0259 bu D\u00f6vl\u0259t bizimdir. D\u00f6vl\u0259t ba\u015f\u00e7\u0131s\u0131 c\u0259nab \u0130lham \u018fliyevin bu g\u00fcn y\u00fcr\u00fctd\u00fcy\u00fc siyas\u0259ti d\u0259st\u0259kl\u0259yir v\u0259 korrupsiyaya, 5-ci kolona qar\u015f\u0131 a\u00e7d\u0131\u011f\u0131 sava\u015fda onun yan\u0131nda oldu\u011fumuzu bir daha b\u0259yan edirik. D\u00f6y\u00fc\u015f, Qaraba\u011f, \u015f\u0259hid kimi m\u00fcq\u0259dd\u0259s adlardan \u00f6z \u015f\u0259xsi ambisiyalar\u0131n\u0131 y\u00fcr\u00fctm\u0259k ist\u0259y\u0259nl\u0259r qar\u015f\u0131lar\u0131nda biz d\u00f6y\u00fc\u015f\u00e7\u00fcl\u0259ri g\u00f6r\u0259c\u0259kl\u0259r. Ona g\u00f6r\u0259 d\u0259 sonucuna g\u00f6r\u0259, bu olay\u0131 \u015f\u0259hidl\u0259rimiz\u0259 qar\u015f\u0131 h\u00f6rm\u0259tsizlik kimi q\u0259bul edirik.<\/p>\n\n\n\n<p><br>Koronavirus yoluxma t\u0259hl\u00fck\u0259sini g\u00f6z\u0259 alaraq, \u015f\u0259hidl\u0259rimiz\u0259, qazil\u0259rimiz\u0259 v\u0259 Qaraba\u011f\u0131m\u0131za olan \u00fclv\u00fc hissl\u0259ri, \u00e7a\u011f\u0131r\u0131\u015flar\u0131 v\u0259 ist\u0259kl\u0259ri alq\u0131\u015flay\u0131r\u0131q, amma bu adlardan yenid\u0259n al-ver, siyasi karyera m\u0259qs\u0259dl\u0259ri il\u0259 istifad\u0259 etm\u0259k fikrind\u0259 olanlar\u0131n q\u0259tiyy\u0259tl\u0259 c\u0259zaland\u0131r\u0131lmas\u0131n\u0131 t\u0259l\u0259b edirik! <\/p>\n\n\n\n<p>Bel\u0259 b\u0259d niyy\u0259tl\u0259ri olanlar\u0131n arzular\u0131n\u0131 el\u0259 \u00fcr\u0259kl\u0259rind\u0259 qoymaq laz\u0131md\u0131r. <\/p>\n\n\n\n<p><strong>Bizl\u0259r, h\u0259qiq\u0259t\u0259n d\u0259 birlikd\u0259 g\u00fccl\u00fcy\u00fck!<\/strong><\/p>\n\n\n\n<p><br><strong>AVMV\u0130B \u0130dar\u0259 Hey\u0259ti<\/strong><\/p>\n\n\n\n<p><\/p>\n","protected":false},"excerpt":{"rendered":"<p>C\u0259nab Ali Ba\u015f Komandan! D\u00fc\u015fm\u0259nl\u0259 apard\u0131\u011f\u0131n\u0131z q\u0259tiyy\u0259tli m\u00fcbariz\u0259d\u0259 yan\u0131n\u0131zda v\u0259 \u0259mrinizd\u0259 oldu\u011fumuzu bir daha bildiririk. Do\u011fma Qaraba\u011f\u0131n azad edilm\u0259si \u00fc\u00e7\u00fcn apar\u0131lan h\u0259r bir add\u0131m\u0131<\/p>\n","protected":false},"author":2,"featured_media":0,"comment_status":"closed","ping_status":"closed","sticky":false,"template":"","format":"standard","meta":{"footnotes":""},"categories":[5],"tags":[],"class_list":["post-10045","post","type-post","status-publish","format-standard","hentry","category-veteran"],"aioseo_notices":[],"_links":{"self":[{"href":"https:\/\/fedai.az\/index.php?rest_route=\/wp\/v2\/posts\/10045","targetHints":{"allow":["GET"]}}],"collection":[{"href":"https:\/\/fedai.az\/index.php?rest_route=\/wp\/v2\/posts"}],"about":[{"href":"https:\/\/fedai.az\/index.php?rest_route=\/wp\/v2\/types\/post"}],"author":[{"embeddable":true,"href":"https:\/\/fedai.az\/index.php?rest_route=\/wp\/v2\/users\/2"}],"replies":[{"embeddable":true,"href":"https:\/\/fedai.az\/index.php?rest_route=%2Fwp%2Fv2%2Fcomments&post=10045"}],"version-history":[{"count":2,"href":"https:\/\/fedai.az\/index.php?rest_route=\/wp\/v2\/posts\/10045\/revisions"}],"predecessor-version":[{"id":10047,"href":"https:\/\/fedai.az\/index.php?rest_route=\/wp\/v2\/posts\/10045\/revisions\/10047"}],"wp:attachment":[{"href":"https:\/\/fedai.az\/index.php?rest_route=%2Fwp%2Fv2%2Fmedia&parent=10045"}],"wp:term":[{"taxonomy":"category","embeddable":true,"href":"https:\/\/fedai.az\/index.php?rest_route=%2Fwp%2Fv2%2Fcategories&post=10045"},{"taxonomy":"post_tag","embeddable":true,"href":"https:\/\/fedai.az\/index.php?rest_route=%2Fwp%2Fv2%2Ftags&post=10045"}],"curies":[{"name":"wp","href":"https:\/\/api.w.org\/{rel}","templated":true}]}}