{"id":100472,"date":"2024-10-09T19:59:50","date_gmt":"2024-10-09T15:59:50","guid":{"rendered":"https:\/\/fedai.az\/?p=100472"},"modified":"2024-10-09T19:59:51","modified_gmt":"2024-10-09T15:59:51","slug":"bassagligi-allah-r%c9%99hm%c9%99t-etsin-2","status":"publish","type":"post","link":"https:\/\/fedai.az\/?p=100472","title":{"rendered":"Ba\u015fsa\u011fl\u0131\u011f\u0131: Allah r\u0259hm\u0259t etsin"},"content":{"rendered":"\n<p>Az\u0259rbaycan V\u0259t\u0259n M\u00fcharib\u0259si Veteranlar\u0131 \u0130ctimai Birliyinin (AVMV\u0130B) s\u0259drinin m\u00fcavini, AVMV\u0130B-in Ming\u0259\u00e7evir \u015f\u0259h\u0259r \u015f\u00f6b\u0259sinin s\u0259dri Natiq H\u0259s\u0259nov haqq d\u00fcnyas\u0131na qovu\u015fmu\u015fdur.<\/p>\n\n\n\n<p>H\u0259s\u0259nov Natiq N\u0259riman o\u011flu Az\u0259rbaycan\u0131m \u0259razi b\u00fct\u00f6vl\u00fcy\u00fc u\u011frunda ged\u0259n d\u00f6y\u00fc\u015fl\u0259rd\u0259 \u015f\u00fcca\u0259tl\u0259 i\u015ftirak etmi\u015f V\u0259t\u0259n o\u011fullar\u0131m\u0131zdan idi. O, eyni zamanda 44 g\u00fcn davam ed\u0259n v\u0259 torpaqlarlarm\u0131z\u0131n azadl\u0131\u011f\u0131 il\u0259 n\u0259tic\u0259l\u0259n\u0259n V\u0259t\u0259n m\u00fcharib\u0259si d\u00f6vr\u00fcnd\u0259 h\u0259rbi qulluq\u00e7ularm\u0131z\u0131n yan\u0131nda olaraq \u0259lind\u0259n g\u0259l\u0259n k\u00f6m\u0259yi \u0259sirg\u0259m\u0259mi\u015fdi. Natiq H\u0259s\u0259nov Az\u0259rbaycan Ordusunun Ba\u015f Q\u0259rargah r\u0259isinin, korpus v\u0259 h\u0259rbi hiss\u0259 komandirl\u0259rinin, Az\u0259rbaycan V\u0259t\u0259n M\u00fcharib\u0259si Veteranlar\u0131 \u0130ctimai Birliyi s\u0259drinin, Ming\u0259cevir \u015f\u0259h\u0259r \u0130cra Hakimiyy\u0259ti Ba\u015f\u00e7\u0131s\u0131n\u0131n, el\u0259c\u0259 d\u0259 bir s\u0131ra t\u0259\u015fkilatlar\u0131n m\u00fcvafiq medallar\u0131 v\u0259 d\u00f6\u015f nisanlar\u0131 il\u0259 t\u0259ltif olunmu\u015fdu.<\/p>\n\n\n\n<p>Qay\u011f\u0131ke\u015f v\u0259 s\u0259mimi insan H\u0259s\u0259nov Natiq N\u0259riman o\u011flunun xatir\u0259si onu tan\u0131yanlar\u0131n q\u0259lbind\u0259 daim ya\u015fayacaqd\u0131r.<\/p>\n\n\n\n<p>Az\u0259rbaycan V\u0259t\u0259n M\u00fcharib\u0259si Veteranlar\u0131 \u0130ctimai Birliyinin r\u0259hb\u0259rliyi m\u0259rhumun ail\u0259sin\u0259 d\u0259rin h\u00fcznl\u0259 ba\u015fsa\u011fl\u0131\u011f\u0131 verir v\u0259 Allahdan s\u0259br dil\u0259yir. Allah r\u0259hm\u0259t etsin!<\/p>\n\n\n\n<p><strong>AVMV\u0130B M\u0259tbuat xidm\u0259ti<\/strong><\/p>\n","protected":false},"excerpt":{"rendered":"<p>Az\u0259rbaycan V\u0259t\u0259n M\u00fcharib\u0259si Veteranlar\u0131 \u0130ctimai Birliyinin (AVMV\u0130B) s\u0259drinin m\u00fcavini, AVMV\u0130B-in Ming\u0259\u00e7evir \u015f\u0259h\u0259r \u015f\u00f6b\u0259sinin s\u0259dri Natiq H\u0259s\u0259nov haqq d\u00fcnyas\u0131na qovu\u015fmu\u015fdur. H\u0259s\u0259nov Natiq N\u0259riman o\u011flu Az\u0259rbaycan\u0131m<\/p>\n","protected":false},"author":2,"featured_media":100473,"comment_status":"closed","ping_status":"closed","sticky":false,"template":"","format":"standard","meta":{"footnotes":""},"categories":[5],"tags":[],"class_list":["post-100472","post","type-post","status-publish","format-standard","has-post-thumbnail","hentry","category-veteran"],"aioseo_notices":[],"_links":{"self":[{"href":"https:\/\/fedai.az\/index.php?rest_route=\/wp\/v2\/posts\/100472","targetHints":{"allow":["GET"]}}],"collection":[{"href":"https:\/\/fedai.az\/index.php?rest_route=\/wp\/v2\/posts"}],"about":[{"href":"https:\/\/fedai.az\/index.php?rest_route=\/wp\/v2\/types\/post"}],"author":[{"embeddable":true,"href":"https:\/\/fedai.az\/index.php?rest_route=\/wp\/v2\/users\/2"}],"replies":[{"embeddable":true,"href":"https:\/\/fedai.az\/index.php?rest_route=%2Fwp%2Fv2%2Fcomments&post=100472"}],"version-history":[{"count":1,"href":"https:\/\/fedai.az\/index.php?rest_route=\/wp\/v2\/posts\/100472\/revisions"}],"predecessor-version":[{"id":100474,"href":"https:\/\/fedai.az\/index.php?rest_route=\/wp\/v2\/posts\/100472\/revisions\/100474"}],"wp:featuredmedia":[{"embeddable":true,"href":"https:\/\/fedai.az\/index.php?rest_route=\/wp\/v2\/media\/100473"}],"wp:attachment":[{"href":"https:\/\/fedai.az\/index.php?rest_route=%2Fwp%2Fv2%2Fmedia&parent=100472"}],"wp:term":[{"taxonomy":"category","embeddable":true,"href":"https:\/\/fedai.az\/index.php?rest_route=%2Fwp%2Fv2%2Fcategories&post=100472"},{"taxonomy":"post_tag","embeddable":true,"href":"https:\/\/fedai.az\/index.php?rest_route=%2Fwp%2Fv2%2Ftags&post=100472"}],"curies":[{"name":"wp","href":"https:\/\/api.w.org\/{rel}","templated":true}]}}