{"id":100502,"date":"2024-10-13T12:35:51","date_gmt":"2024-10-13T08:35:51","guid":{"rendered":"https:\/\/fedai.az\/?p=100502"},"modified":"2024-10-13T12:36:15","modified_gmt":"2024-10-13T08:36:15","slug":"s%c9%99hid-leytenant-teymur-abbasovun-il-m%c9%99rasimi-kecirildi","status":"publish","type":"post","link":"https:\/\/fedai.az\/?p=100502","title":{"rendered":"\u015e\u0259hid leytenant Teymur Abbasovun il m\u0259rasimi ke\u00e7irildi"},"content":{"rendered":"\n<p class=\"wp-block-paragraph\">Bu g\u00fcn \u015e\u0259hid Leytenant ABBASOV TEYMUR FEYRUZ o\u011flunun II f\u0259xri xiyabanda il m\u0259rasimi il\u0259 \u0259laq\u0259dar t\u0259dbir ke\u00e7rildi. T\u0259dbird\u0259 Yasamal rayon icra ba\u015f\u00e7\u0131s\u0131 v\u0259 Az\u0259rbaycan V\u0259t\u0259n M\u00fcharib\u0259si Veteranlar\u0131 \u0130ctimai Birliyinin (AVMV\u0130B) Yasamal rayon \u015f\u00f6b\u0259sinin \u00fczvl\u0259ri, qazil\u0259r, m\u00fcharib\u0259 veteranlar\u0131 i\u015ftirak etmi\u015f, \u015f\u0259hidimizin m\u0259zar\u0131 \u00f6n\u00fcn\u0259 \u0259klil qoymu\u015flar. \u015e\u0259hidin ruhuna dualar oxunmu\u015f, onun \u00fc\u00e7\u00fcn a\u00e7\u0131lan ehsan s\u00fcfr\u0259si a\u0131lm\u0131\u015fd\u0131r. Allah r\u0259hm\u0259t etsin!<\/p>\n\n\n\n<p class=\"wp-block-paragraph\"><strong>AVMV\u0130B M\u0259tbuat xidm\u0259ti<\/strong><\/p>\n\n\n\n<p class=\"wp-block-paragraph\"><em><strong>FOTO: Yav\u0259r M\u0259mm\u0259dov<\/strong><\/em><\/p>\n\n\n\n<a href=\"https:\/\/postimages.org\/\" target=\"_blank\" rel=\"noopener\"><img decoding=\"async\" src=\"https:\/\/i.postimg.cc\/kGdxt4Gt\/Whats-App-Image-2024-10-13-at-12-11-58.jpg\" alt=\"Whats-App-Image-2024-10-13-at-12-11-58\"\/><\/a><br\/><br\/>\n<a href=\"https:\/\/postimg.cc\/s1HQKDjm\" target=\"_blank\" rel=\"noopener\"><img decoding=\"async\" src=\"https:\/\/i.postimg.cc\/kXqQJBL0\/Whats-App-Image-2024-10-13-at-12-12-47-1.jpg\" alt=\"Whats-App-Image-2024-10-13-at-12-12-47-1\"\/><\/a><br\/><br\/>\n<a href=\"https:\/\/postimg.cc\/VJnJYqjZ\" target=\"_blank\" rel=\"noopener\"><img decoding=\"async\" src=\"https:\/\/i.postimg.cc\/dVSrjnDF\/Whats-App-Image-2024-10-13-at-12-12-48.jpg\" alt=\"Whats-App-Image-2024-10-13-at-12-12-48\"\/><\/a><br\/><br\/>\n<a href=\"https:\/\/postimg.cc\/56ZHd7FF\" target=\"_blank\" rel=\"noopener\"><img decoding=\"async\" src=\"https:\/\/i.postimg.cc\/g203h1z4\/Whats-App-Image-2024-10-13-at-12-12-57.jpg\" alt=\"Whats-App-Image-2024-10-13-at-12-12-57\"\/><\/a><br\/><br\/>\n","protected":false},"excerpt":{"rendered":"<p>Bu g\u00fcn \u015e\u0259hid Leytenant ABBASOV TEYMUR FEYRUZ o\u011flunun II f\u0259xri xiyabanda il m\u0259rasimi il\u0259 \u0259laq\u0259dar t\u0259dbir ke\u00e7rildi. T\u0259dbird\u0259 Yasamal rayon icra ba\u015f\u00e7\u0131s\u0131 v\u0259 Az\u0259rbaycan<\/p>\n","protected":false},"author":2,"featured_media":100503,"comment_status":"closed","ping_status":"closed","sticky":false,"template":"","format":"standard","meta":{"footnotes":""},"categories":[3],"tags":[],"class_list":["post-100502","post","type-post","status-publish","format-standard","has-post-thumbnail","hentry","category-gundm"],"aioseo_notices":[],"aioseo_head":"\n\t\t<!-- All in One SEO 5.0.0.1 - aioseo.com -->\n\t<meta name=\"description\" content=\"Bu g\u00fcn \u015e\u0259hid Leytenant ABBASOV TEYMUR FEYRUZ o\u011flunun II f\u0259xri xiyabanda il m\u0259rasimi il\u0259 \u0259laq\u0259dar t\u0259dbir ke\u00e7rildi. T\u0259dbird\u0259 Yasamal rayon icra ba\u015f\u00e7\u0131s\u0131 v\u0259 Az\u0259rbaycan V\u0259t\u0259n M\u00fcharib\u0259si Veteranlar\u0131 \u0130ctimai Birliyinin (AVMV\u0130B) Yasamal rayon \u015f\u00f6b\u0259sinin \u00fczvl\u0259ri, qazil\u0259r, m\u00fcharib\u0259 veteranlar\u0131 i\u015ftirak etmi\u015f, \u015f\u0259hidimizin m\u0259zar\u0131 \u00f6n\u00fcn\u0259 \u0259klil qoymu\u015flar. \u015e\u0259hidin ruhuna dualar oxunmu\u015f, onun \u00fc\u00e7\u00fcn a\u00e7\u0131lan ehsan s\u00fcfr\u0259si a\u0131lm\u0131\u015fd\u0131r. Allah\" \/>\n\t<meta name=\"robots\" content=\"max-image-preview:large\" \/>\n\t<meta name=\"author\" content=\"www.Fedai.az\"\/>\n\t<link rel=\"canonical\" href=\"https:\/\/fedai.az\/?p=100502\" \/>\n\t<meta name=\"generator\" content=\"All in One SEO (AIOSEO) 5.0.0.1\" \/>\n\t\t<meta property=\"og:locale\" content=\"ru_RU\" \/>\n\t\t<meta property=\"og:site_name\" content=\"&quot;F\u0259dai&quot; q\u0259zeti\" \/>\n\t\t<meta property=\"og:type\" content=\"article\" \/>\n\t\t<meta property=\"og:title\" content=\"\u015e\u0259hid leytenant Teymur Abbasovun il m\u0259rasimi ke\u00e7irildi | &quot;F\u0259dai&quot; q\u0259zeti\" \/>\n\t\t<meta property=\"og:description\" content=\"Bu g\u00fcn \u015e\u0259hid Leytenant ABBASOV TEYMUR FEYRUZ o\u011flunun II f\u0259xri xiyabanda il m\u0259rasimi il\u0259 \u0259laq\u0259dar t\u0259dbir ke\u00e7rildi. T\u0259dbird\u0259 Yasamal rayon icra ba\u015f\u00e7\u0131s\u0131 v\u0259 Az\u0259rbaycan V\u0259t\u0259n M\u00fcharib\u0259si Veteranlar\u0131 \u0130ctimai Birliyinin (AVMV\u0130B) Yasamal rayon \u015f\u00f6b\u0259sinin \u00fczvl\u0259ri, qazil\u0259r, m\u00fcharib\u0259 veteranlar\u0131 i\u015ftirak etmi\u015f, \u015f\u0259hidimizin m\u0259zar\u0131 \u00f6n\u00fcn\u0259 \u0259klil qoymu\u015flar. \u015e\u0259hidin ruhuna dualar oxunmu\u015f, onun \u00fc\u00e7\u00fcn a\u00e7\u0131lan ehsan s\u00fcfr\u0259si a\u0131lm\u0131\u015fd\u0131r. Allah\" \/>\n\t\t<meta property=\"og:url\" content=\"https:\/\/fedai.az\/?p=100502\" \/>\n\t\t<meta property=\"fb:app_id\" content=\"696809432257740\" \/>\n\t\t<meta property=\"og:image\" content=\"https:\/\/fedai.az\/wp-content\/uploads\/2024\/10\/WhatsApp-Image-2024-10-13-at-12.12.47.jpeg\" \/>\n\t\t<meta property=\"og:image:secure_url\" content=\"https:\/\/fedai.az\/wp-content\/uploads\/2024\/10\/WhatsApp-Image-2024-10-13-at-12.12.47.jpeg\" \/>\n\t\t<meta property=\"og:image:width\" content=\"1600\" \/>\n\t\t<meta property=\"og:image:height\" content=\"720\" \/>\n\t\t<meta property=\"article:published_time\" content=\"2024-10-13T08:35:51+00:00\" \/>\n\t\t<meta property=\"article:modified_time\" content=\"2024-10-13T08:36:15+00:00\" \/>\n\t\t<meta property=\"article:publisher\" content=\"https:\/\/facebook.com\/fedai.az\" \/>\n\t\t<meta name=\"twitter:card\" content=\"summary\" \/>\n\t\t<meta name=\"twitter:site\" content=\"@fedai.az\" \/>\n\t\t<meta name=\"twitter:title\" content=\"\u015e\u0259hid leytenant Teymur Abbasovun il m\u0259rasimi ke\u00e7irildi | &quot;F\u0259dai&quot; q\u0259zeti\" \/>\n\t\t<meta name=\"twitter:description\" content=\"Bu g\u00fcn \u015e\u0259hid Leytenant ABBASOV TEYMUR FEYRUZ o\u011flunun II f\u0259xri xiyabanda il m\u0259rasimi il\u0259 \u0259laq\u0259dar t\u0259dbir ke\u00e7rildi. T\u0259dbird\u0259 Yasamal rayon icra ba\u015f\u00e7\u0131s\u0131 v\u0259 Az\u0259rbaycan V\u0259t\u0259n M\u00fcharib\u0259si Veteranlar\u0131 \u0130ctimai Birliyinin (AVMV\u0130B) Yasamal rayon \u015f\u00f6b\u0259sinin \u00fczvl\u0259ri, qazil\u0259r, m\u00fcharib\u0259 veteranlar\u0131 i\u015ftirak etmi\u015f, \u015f\u0259hidimizin m\u0259zar\u0131 \u00f6n\u00fcn\u0259 \u0259klil qoymu\u015flar. \u015e\u0259hidin ruhuna dualar oxunmu\u015f, onun \u00fc\u00e7\u00fcn a\u00e7\u0131lan ehsan s\u00fcfr\u0259si a\u0131lm\u0131\u015fd\u0131r. Allah\" \/>\n\t\t<meta name=\"twitter:image\" content=\"https:\/\/fedai.az\/wp-content\/uploads\/2024\/10\/WhatsApp-Image-2024-10-13-at-12.12.47.jpeg\" \/>\n\t\t<script type=\"application\/ld+json\" class=\"aioseo-schema\">\n\t\t\t{\"@context\":\"https:\\\/\\\/schema.org\",\"@graph\":[{\"@type\":\"Article\",\"@id\":\"https:\\\/\\\/fedai.az\\\/?p=100502#article\",\"name\":\"\\u015e\\u0259hid leytenant Teymur Abbasovun il m\\u0259rasimi ke\\u00e7irildi | \\\"F\\u0259dai\\\" q\\u0259zeti\",\"headline\":\"\\u015e\\u0259hid leytenant Teymur Abbasovun il m\\u0259rasimi ke\\u00e7irildi\",\"author\":{\"@id\":\"https:\\\/\\\/fedai.az\\\/?author=2#author\"},\"publisher\":{\"@id\":\"https:\\\/\\\/fedai.az\\\/#organization\"},\"image\":{\"@type\":\"ImageObject\",\"url\":\"https:\\\/\\\/fedai.az\\\/wp-content\\\/uploads\\\/2024\\\/10\\\/WhatsApp-Image-2024-10-13-at-12.12.47.jpeg\",\"width\":1600,\"height\":720},\"datePublished\":\"2024-10-13T12:35:51+04:00\",\"dateModified\":\"2024-10-13T12:36:15+04:00\",\"inLanguage\":\"ru-RU\",\"mainEntityOfPage\":{\"@id\":\"https:\\\/\\\/fedai.az\\\/?p=100502#webpage\"},\"isPartOf\":{\"@id\":\"https:\\\/\\\/fedai.az\\\/?p=100502#webpage\"},\"articleSection\":\"G\\u00fcnd\\u0259m\"},{\"@type\":\"BreadcrumbList\",\"@id\":\"https:\\\/\\\/fedai.az\\\/?p=100502#breadcrumblist\",\"itemListElement\":[{\"@type\":\"ListItem\",\"@id\":\"https:\\\/\\\/fedai.az#listItem\",\"position\":1,\"name\":\"Home\",\"item\":\"https:\\\/\\\/fedai.az\",\"nextItem\":{\"@type\":\"ListItem\",\"@id\":\"https:\\\/\\\/fedai.az\\\/?cat=3#listItem\",\"name\":\"G\\u00fcnd\\u0259m\"}},{\"@type\":\"ListItem\",\"@id\":\"https:\\\/\\\/fedai.az\\\/?cat=3#listItem\",\"position\":2,\"name\":\"G\\u00fcnd\\u0259m\",\"item\":\"https:\\\/\\\/fedai.az\\\/?cat=3\",\"nextItem\":{\"@type\":\"ListItem\",\"@id\":\"https:\\\/\\\/fedai.az\\\/?p=100502#listItem\",\"name\":\"\\u015e\\u0259hid leytenant Teymur Abbasovun il m\\u0259rasimi ke\\u00e7irildi\"},\"previousItem\":{\"@type\":\"ListItem\",\"@id\":\"https:\\\/\\\/fedai.az#listItem\",\"name\":\"Home\"}},{\"@type\":\"ListItem\",\"@id\":\"https:\\\/\\\/fedai.az\\\/?p=100502#listItem\",\"position\":3,\"name\":\"\\u015e\\u0259hid leytenant Teymur Abbasovun il m\\u0259rasimi ke\\u00e7irildi\",\"previousItem\":{\"@type\":\"ListItem\",\"@id\":\"https:\\\/\\\/fedai.az\\\/?cat=3#listItem\",\"name\":\"G\\u00fcnd\\u0259m\"}}]},{\"@type\":\"Organization\",\"@id\":\"https:\\\/\\\/fedai.az\\\/#organization\",\"name\":\"\\\"F\\u0259dai\\\" q\\u0259zeti\",\"description\":\"Az\\u0259rbaycan V\\u0259t\\u0259n M\\u00fcharib\\u0259si Veteranlar\\u0131 \\u0130ctimai Birliyi\",\"url\":\"https:\\\/\\\/fedai.az\\\/\",\"logo\":{\"@type\":\"ImageObject\",\"url\":\"https:\\\/\\\/fedai.az\\\/wp-content\\\/uploads\\\/2022\\\/09\\\/logo3.png\",\"@id\":\"https:\\\/\\\/fedai.az\\\/?p=100502\\\/#organizationLogo\",\"width\":500,\"height\":100},\"image\":{\"@id\":\"https:\\\/\\\/fedai.az\\\/?p=100502\\\/#organizationLogo\"},\"sameAs\":[\"https:\\\/\\\/instagram.com\\\/fedai.az\",\"https:\\\/\\\/pinterest.com\\\/fedai.az\",\"https:\\\/\\\/youtube.com\\\/fedai.az\",\"https:\\\/\\\/linkedin.com\\\/in\\\/fedai.az\"]},{\"@type\":\"Person\",\"@id\":\"https:\\\/\\\/fedai.az\\\/?author=2#author\",\"url\":\"https:\\\/\\\/fedai.az\\\/?author=2\",\"name\":\"www.Fedai.az\",\"image\":{\"@type\":\"ImageObject\",\"@id\":\"https:\\\/\\\/fedai.az\\\/?p=100502#authorImage\",\"url\":\"https:\\\/\\\/secure.gravatar.com\\\/avatar\\\/d861e138a4bd3ce6812a7aa95e796aa05e165f28ecde9a972c6789a09fcd1daa?s=96&d=mm&r=g\",\"width\":96,\"height\":96,\"caption\":\"www.Fedai.az\"}},{\"@type\":\"WebPage\",\"@id\":\"https:\\\/\\\/fedai.az\\\/?p=100502#webpage\",\"url\":\"https:\\\/\\\/fedai.az\\\/?p=100502\",\"name\":\"\\u015e\\u0259hid leytenant Teymur Abbasovun il m\\u0259rasimi ke\\u00e7irildi | \\\"F\\u0259dai\\\" q\\u0259zeti\",\"description\":\"Bu g\\u00fcn \\u015e\\u0259hid Leytenant ABBASOV TEYMUR FEYRUZ o\\u011flunun II f\\u0259xri xiyabanda il m\\u0259rasimi il\\u0259 \\u0259laq\\u0259dar t\\u0259dbir ke\\u00e7rildi. T\\u0259dbird\\u0259 Yasamal rayon icra ba\\u015f\\u00e7\\u0131s\\u0131 v\\u0259 Az\\u0259rbaycan V\\u0259t\\u0259n M\\u00fcharib\\u0259si Veteranlar\\u0131 \\u0130ctimai Birliyinin (AVMV\\u0130B) Yasamal rayon \\u015f\\u00f6b\\u0259sinin \\u00fczvl\\u0259ri, qazil\\u0259r, m\\u00fcharib\\u0259 veteranlar\\u0131 i\\u015ftirak etmi\\u015f, \\u015f\\u0259hidimizin m\\u0259zar\\u0131 \\u00f6n\\u00fcn\\u0259 \\u0259klil qoymu\\u015flar. \\u015e\\u0259hidin ruhuna dualar oxunmu\\u015f, onun \\u00fc\\u00e7\\u00fcn a\\u00e7\\u0131lan ehsan s\\u00fcfr\\u0259si a\\u0131lm\\u0131\\u015fd\\u0131r. Allah\",\"inLanguage\":\"ru-RU\",\"isPartOf\":{\"@id\":\"https:\\\/\\\/fedai.az\\\/#website\"},\"breadcrumb\":{\"@id\":\"https:\\\/\\\/fedai.az\\\/?p=100502#breadcrumblist\"},\"author\":{\"@id\":\"https:\\\/\\\/fedai.az\\\/?author=2#author\"},\"creator\":{\"@id\":\"https:\\\/\\\/fedai.az\\\/?author=2#author\"},\"image\":{\"@type\":\"ImageObject\",\"url\":\"https:\\\/\\\/fedai.az\\\/wp-content\\\/uploads\\\/2024\\\/10\\\/WhatsApp-Image-2024-10-13-at-12.12.47.jpeg\",\"@id\":\"https:\\\/\\\/fedai.az\\\/?p=100502\\\/#mainImage\",\"width\":1600,\"height\":720},\"primaryImageOfPage\":{\"@id\":\"https:\\\/\\\/fedai.az\\\/?p=100502#mainImage\"},\"datePublished\":\"2024-10-13T12:35:51+04:00\",\"dateModified\":\"2024-10-13T12:36:15+04:00\"},{\"@type\":\"WebSite\",\"@id\":\"https:\\\/\\\/fedai.az\\\/#website\",\"url\":\"https:\\\/\\\/fedai.az\\\/\",\"name\":\"\\\"F\\u0259dai\\\" q\\u0259zeti\",\"description\":\"Az\\u0259rbaycan V\\u0259t\\u0259n M\\u00fcharib\\u0259si Veteranlar\\u0131 \\u0130ctimai Birliyi\",\"inLanguage\":\"ru-RU\",\"publisher\":{\"@id\":\"https:\\\/\\\/fedai.az\\\/#organization\"}}]}\n\t\t<\/script>\n\t\t<!-- All in One SEO -->\n\n","aioseo_head_json":{"title":"\u015e\u0259hid leytenant Teymur Abbasovun il m\u0259rasimi ke\u00e7irildi | \"F\u0259dai\" q\u0259zeti","description":"Bu g\u00fcn \u015e\u0259hid Leytenant ABBASOV TEYMUR FEYRUZ o\u011flunun II f\u0259xri xiyabanda il m\u0259rasimi il\u0259 \u0259laq\u0259dar t\u0259dbir ke\u00e7rildi. T\u0259dbird\u0259 Yasamal rayon icra ba\u015f\u00e7\u0131s\u0131 v\u0259 Az\u0259rbaycan V\u0259t\u0259n M\u00fcharib\u0259si Veteranlar\u0131 \u0130ctimai Birliyinin (AVMV\u0130B) Yasamal rayon \u015f\u00f6b\u0259sinin \u00fczvl\u0259ri, qazil\u0259r, m\u00fcharib\u0259 veteranlar\u0131 i\u015ftirak etmi\u015f, \u015f\u0259hidimizin m\u0259zar\u0131 \u00f6n\u00fcn\u0259 \u0259klil qoymu\u015flar. \u015e\u0259hidin ruhuna dualar oxunmu\u015f, onun \u00fc\u00e7\u00fcn a\u00e7\u0131lan ehsan s\u00fcfr\u0259si a\u0131lm\u0131\u015fd\u0131r. Allah","canonical_url":"https:\/\/fedai.az\/?p=100502","robots":"max-image-preview:large","keywords":"","webmasterTools":{"miscellaneous":""},"schema":{"@context":"https:\/\/schema.org","@graph":[{"@type":"Article","@id":"https:\/\/fedai.az\/?p=100502#article","name":"\u015e\u0259hid leytenant Teymur Abbasovun il m\u0259rasimi ke\u00e7irildi | \"F\u0259dai\" q\u0259zeti","headline":"\u015e\u0259hid leytenant Teymur Abbasovun il m\u0259rasimi ke\u00e7irildi","author":{"@id":"https:\/\/fedai.az\/?author=2#author"},"publisher":{"@id":"https:\/\/fedai.az\/#organization"},"image":{"@type":"ImageObject","url":"https:\/\/fedai.az\/wp-content\/uploads\/2024\/10\/WhatsApp-Image-2024-10-13-at-12.12.47.jpeg","width":1600,"height":720},"datePublished":"2024-10-13T12:35:51+04:00","dateModified":"2024-10-13T12:36:15+04:00","inLanguage":"ru-RU","mainEntityOfPage":{"@id":"https:\/\/fedai.az\/?p=100502#webpage"},"isPartOf":{"@id":"https:\/\/fedai.az\/?p=100502#webpage"},"articleSection":"G\u00fcnd\u0259m"},{"@type":"BreadcrumbList","@id":"https:\/\/fedai.az\/?p=100502#breadcrumblist","itemListElement":[{"@type":"ListItem","@id":"https:\/\/fedai.az#listItem","position":1,"name":"Home","item":"https:\/\/fedai.az","nextItem":{"@type":"ListItem","@id":"https:\/\/fedai.az\/?cat=3#listItem","name":"G\u00fcnd\u0259m"}},{"@type":"ListItem","@id":"https:\/\/fedai.az\/?cat=3#listItem","position":2,"name":"G\u00fcnd\u0259m","item":"https:\/\/fedai.az\/?cat=3","nextItem":{"@type":"ListItem","@id":"https:\/\/fedai.az\/?p=100502#listItem","name":"\u015e\u0259hid leytenant Teymur Abbasovun il m\u0259rasimi ke\u00e7irildi"},"previousItem":{"@type":"ListItem","@id":"https:\/\/fedai.az#listItem","name":"Home"}},{"@type":"ListItem","@id":"https:\/\/fedai.az\/?p=100502#listItem","position":3,"name":"\u015e\u0259hid leytenant Teymur Abbasovun il m\u0259rasimi ke\u00e7irildi","previousItem":{"@type":"ListItem","@id":"https:\/\/fedai.az\/?cat=3#listItem","name":"G\u00fcnd\u0259m"}}]},{"@type":"Organization","@id":"https:\/\/fedai.az\/#organization","name":"\"F\u0259dai\" q\u0259zeti","description":"Az\u0259rbaycan V\u0259t\u0259n M\u00fcharib\u0259si Veteranlar\u0131 \u0130ctimai Birliyi","url":"https:\/\/fedai.az\/","logo":{"@type":"ImageObject","url":"https:\/\/fedai.az\/wp-content\/uploads\/2022\/09\/logo3.png","@id":"https:\/\/fedai.az\/?p=100502\/#organizationLogo","width":500,"height":100},"image":{"@id":"https:\/\/fedai.az\/?p=100502\/#organizationLogo"},"sameAs":["https:\/\/instagram.com\/fedai.az","https:\/\/pinterest.com\/fedai.az","https:\/\/youtube.com\/fedai.az","https:\/\/linkedin.com\/in\/fedai.az"]},{"@type":"Person","@id":"https:\/\/fedai.az\/?author=2#author","url":"https:\/\/fedai.az\/?author=2","name":"www.Fedai.az","image":{"@type":"ImageObject","@id":"https:\/\/fedai.az\/?p=100502#authorImage","url":"https:\/\/secure.gravatar.com\/avatar\/d861e138a4bd3ce6812a7aa95e796aa05e165f28ecde9a972c6789a09fcd1daa?s=96&d=mm&r=g","width":96,"height":96,"caption":"www.Fedai.az"}},{"@type":"WebPage","@id":"https:\/\/fedai.az\/?p=100502#webpage","url":"https:\/\/fedai.az\/?p=100502","name":"\u015e\u0259hid leytenant Teymur Abbasovun il m\u0259rasimi ke\u00e7irildi | \"F\u0259dai\" q\u0259zeti","description":"Bu g\u00fcn \u015e\u0259hid Leytenant ABBASOV TEYMUR FEYRUZ o\u011flunun II f\u0259xri xiyabanda il m\u0259rasimi il\u0259 \u0259laq\u0259dar t\u0259dbir ke\u00e7rildi. T\u0259dbird\u0259 Yasamal rayon icra ba\u015f\u00e7\u0131s\u0131 v\u0259 Az\u0259rbaycan V\u0259t\u0259n M\u00fcharib\u0259si Veteranlar\u0131 \u0130ctimai Birliyinin (AVMV\u0130B) Yasamal rayon \u015f\u00f6b\u0259sinin \u00fczvl\u0259ri, qazil\u0259r, m\u00fcharib\u0259 veteranlar\u0131 i\u015ftirak etmi\u015f, \u015f\u0259hidimizin m\u0259zar\u0131 \u00f6n\u00fcn\u0259 \u0259klil qoymu\u015flar. \u015e\u0259hidin ruhuna dualar oxunmu\u015f, onun \u00fc\u00e7\u00fcn a\u00e7\u0131lan ehsan s\u00fcfr\u0259si a\u0131lm\u0131\u015fd\u0131r. Allah","inLanguage":"ru-RU","isPartOf":{"@id":"https:\/\/fedai.az\/#website"},"breadcrumb":{"@id":"https:\/\/fedai.az\/?p=100502#breadcrumblist"},"author":{"@id":"https:\/\/fedai.az\/?author=2#author"},"creator":{"@id":"https:\/\/fedai.az\/?author=2#author"},"image":{"@type":"ImageObject","url":"https:\/\/fedai.az\/wp-content\/uploads\/2024\/10\/WhatsApp-Image-2024-10-13-at-12.12.47.jpeg","@id":"https:\/\/fedai.az\/?p=100502\/#mainImage","width":1600,"height":720},"primaryImageOfPage":{"@id":"https:\/\/fedai.az\/?p=100502#mainImage"},"datePublished":"2024-10-13T12:35:51+04:00","dateModified":"2024-10-13T12:36:15+04:00"},{"@type":"WebSite","@id":"https:\/\/fedai.az\/#website","url":"https:\/\/fedai.az\/","name":"\"F\u0259dai\" q\u0259zeti","description":"Az\u0259rbaycan V\u0259t\u0259n M\u00fcharib\u0259si Veteranlar\u0131 \u0130ctimai Birliyi","inLanguage":"ru-RU","publisher":{"@id":"https:\/\/fedai.az\/#organization"}}]},"og:locale":"ru_RU","og:site_name":"&quot;F\u0259dai&quot; q\u0259zeti","og:type":"article","og:title":"\u015e\u0259hid leytenant Teymur Abbasovun il m\u0259rasimi ke\u00e7irildi | &quot;F\u0259dai&quot; q\u0259zeti","og:description":"Bu g\u00fcn \u015e\u0259hid Leytenant ABBASOV TEYMUR FEYRUZ o\u011flunun II f\u0259xri xiyabanda il m\u0259rasimi il\u0259 \u0259laq\u0259dar t\u0259dbir ke\u00e7rildi. T\u0259dbird\u0259 Yasamal rayon icra ba\u015f\u00e7\u0131s\u0131 v\u0259 Az\u0259rbaycan V\u0259t\u0259n M\u00fcharib\u0259si Veteranlar\u0131 \u0130ctimai Birliyinin (AVMV\u0130B) Yasamal rayon \u015f\u00f6b\u0259sinin \u00fczvl\u0259ri, qazil\u0259r, m\u00fcharib\u0259 veteranlar\u0131 i\u015ftirak etmi\u015f, \u015f\u0259hidimizin m\u0259zar\u0131 \u00f6n\u00fcn\u0259 \u0259klil qoymu\u015flar. \u015e\u0259hidin ruhuna dualar oxunmu\u015f, onun \u00fc\u00e7\u00fcn a\u00e7\u0131lan ehsan s\u00fcfr\u0259si a\u0131lm\u0131\u015fd\u0131r. Allah","og:url":"https:\/\/fedai.az\/?p=100502","fb:app_id":"696809432257740","og:image":"https:\/\/fedai.az\/wp-content\/uploads\/2024\/10\/WhatsApp-Image-2024-10-13-at-12.12.47.jpeg","og:image:secure_url":"https:\/\/fedai.az\/wp-content\/uploads\/2024\/10\/WhatsApp-Image-2024-10-13-at-12.12.47.jpeg","og:image:width":1600,"og:image:height":720,"article:published_time":"2024-10-13T08:35:51+00:00","article:modified_time":"2024-10-13T08:36:15+00:00","article:publisher":"https:\/\/facebook.com\/fedai.az","twitter:card":"summary","twitter:site":"@fedai.az","twitter:title":"\u015e\u0259hid leytenant Teymur Abbasovun il m\u0259rasimi ke\u00e7irildi | &quot;F\u0259dai&quot; q\u0259zeti","twitter:description":"Bu g\u00fcn \u015e\u0259hid Leytenant ABBASOV TEYMUR FEYRUZ o\u011flunun II f\u0259xri xiyabanda il m\u0259rasimi il\u0259 \u0259laq\u0259dar t\u0259dbir ke\u00e7rildi. T\u0259dbird\u0259 Yasamal rayon icra ba\u015f\u00e7\u0131s\u0131 v\u0259 Az\u0259rbaycan V\u0259t\u0259n M\u00fcharib\u0259si Veteranlar\u0131 \u0130ctimai Birliyinin (AVMV\u0130B) Yasamal rayon \u015f\u00f6b\u0259sinin \u00fczvl\u0259ri, qazil\u0259r, m\u00fcharib\u0259 veteranlar\u0131 i\u015ftirak etmi\u015f, \u015f\u0259hidimizin m\u0259zar\u0131 \u00f6n\u00fcn\u0259 \u0259klil qoymu\u015flar. \u015e\u0259hidin ruhuna dualar oxunmu\u015f, onun \u00fc\u00e7\u00fcn a\u00e7\u0131lan ehsan s\u00fcfr\u0259si a\u0131lm\u0131\u015fd\u0131r. Allah","twitter:image":"https:\/\/fedai.az\/wp-content\/uploads\/2024\/10\/WhatsApp-Image-2024-10-13-at-12.12.47.jpeg"},"aioseo_meta_data":{"post_id":"100502","title":null,"description":null,"keywords":null,"keyphrases":{"focus":{"keyphrase":"","score":0,"analysis":{"keyphraseInTitle":{"score":0,"maxScore":9,"error":1}}},"additional":[]},"primary_term":null,"canonical_url":null,"og_title":null,"og_description":null,"og_object_type":"default","og_image_type":"default","og_image_url":null,"og_image_width":null,"og_image_height":null,"og_image_custom_url":null,"og_image_custom_fields":null,"og_video":"","og_custom_url":null,"og_article_section":null,"og_article_tags":null,"twitter_use_og":false,"twitter_card":"default","twitter_image_type":"default","twitter_image_url":null,"twitter_image_custom_url":null,"twitter_image_custom_fields":null,"twitter_title":null,"twitter_description":null,"schema":{"blockGraphs":[],"customGraphs":[],"default":{"data":{"Article":[],"Course":[],"Dataset":[],"FAQPage":[],"Movie":[],"Person":[],"Product":[],"ProductReview":[],"Car":[],"Recipe":[],"Service":[],"SoftwareApplication":[],"WebPage":[]},"graphName":"Article","isEnabled":true},"graphs":[]},"schema_type":"default","schema_type_options":null,"pillar_content":false,"robots_default":true,"robots_noindex":false,"robots_noarchive":false,"robots_nosnippet":false,"robots_nofollow":false,"robots_noimageindex":false,"robots_noodp":false,"robots_notranslate":false,"robots_max_snippet":"-1","robots_max_videopreview":"-1","robots_max_imagepreview":"large","priority":null,"frequency":"default","local_seo":null,"breadcrumb_settings":null,"limit_modified_date":false,"ai":null,"created":"2024-10-13 08:28:50","updated":"2025-06-08 23:55:08","seo_analyzer_scan_date":null,"focus_keyword":null,"additional_keywords":null,"truseo_locale":null},"aioseo_breadcrumb":"<div class=\"aioseo-breadcrumbs\"><span class=\"aioseo-breadcrumb\">\n\t\t\t<a href=\"https:\/\/fedai.az\" title=\"Home\">Home<\/a>\n\t\t<\/span><span class=\"aioseo-breadcrumb-separator\">\u00bb<\/span><span class=\"aioseo-breadcrumb\">\n\t\t\t<a href=\"https:\/\/fedai.az\/?cat=3\" title=\"G\u00fcnd\u0259m\">G\u00fcnd\u0259m<\/a>\n\t\t<\/span><span class=\"aioseo-breadcrumb-separator\">\u00bb<\/span><span class=\"aioseo-breadcrumb\">\n\t\t\t\u015e\u0259hid leytenant Teymur Abbasovun il m\u0259rasimi ke\u00e7irildi\n\t\t<\/span><\/div>","aioseo_breadcrumb_json":[{"label":"Home","link":"https:\/\/fedai.az"},{"label":"G\u00fcnd\u0259m","link":"https:\/\/fedai.az\/?cat=3"},{"label":"\u015e\u0259hid leytenant Teymur Abbasovun il m\u0259rasimi ke\u00e7irildi","link":"https:\/\/fedai.az\/?p=100502"}],"_links":{"self":[{"href":"https:\/\/fedai.az\/index.php?rest_route=\/wp\/v2\/posts\/100502","targetHints":{"allow":["GET"]}}],"collection":[{"href":"https:\/\/fedai.az\/index.php?rest_route=\/wp\/v2\/posts"}],"about":[{"href":"https:\/\/fedai.az\/index.php?rest_route=\/wp\/v2\/types\/post"}],"author":[{"embeddable":true,"href":"https:\/\/fedai.az\/index.php?rest_route=\/wp\/v2\/users\/2"}],"replies":[{"embeddable":true,"href":"https:\/\/fedai.az\/index.php?rest_route=%2Fwp%2Fv2%2Fcomments&post=100502"}],"version-history":[{"count":2,"href":"https:\/\/fedai.az\/index.php?rest_route=\/wp\/v2\/posts\/100502\/revisions"}],"predecessor-version":[{"id":100505,"href":"https:\/\/fedai.az\/index.php?rest_route=\/wp\/v2\/posts\/100502\/revisions\/100505"}],"wp:featuredmedia":[{"embeddable":true,"href":"https:\/\/fedai.az\/index.php?rest_route=\/wp\/v2\/media\/100503"}],"wp:attachment":[{"href":"https:\/\/fedai.az\/index.php?rest_route=%2Fwp%2Fv2%2Fmedia&parent=100502"}],"wp:term":[{"taxonomy":"category","embeddable":true,"href":"https:\/\/fedai.az\/index.php?rest_route=%2Fwp%2Fv2%2Fcategories&post=100502"},{"taxonomy":"post_tag","embeddable":true,"href":"https:\/\/fedai.az\/index.php?rest_route=%2Fwp%2Fv2%2Ftags&post=100502"}],"curies":[{"name":"wp","href":"https:\/\/api.w.org\/{rel}","templated":true}]}}