{"id":100627,"date":"2024-10-29T16:41:45","date_gmt":"2024-10-29T12:41:45","guid":{"rendered":"https:\/\/fedai.az\/?p=100627"},"modified":"2024-10-30T16:41:58","modified_gmt":"2024-10-30T12:41:58","slug":"s%c9%99hid-ehm%c9%99dov-sabir-s%c9%99f%c9%99r-oglunun-anim-gunu-kecirildi","status":"publish","type":"post","link":"https:\/\/fedai.az\/?p=100627","title":{"rendered":"\u015e\u0259hid \u018fhm\u0259dov Sabir S\u0259f\u0259r o\u011flunun An\u0131m G\u00fcn\u00fc ke\u00e7irildi"},"content":{"rendered":"\n<p>Oktyabr\u0131n 29-da Beyl\u0259qan rayon Q\u0259hr\u0259manl\u0131 k\u0259ndind\u0259 anadan ola, 1989-cu il t\u0259v\u0259ll\u00fcdl\u00fc \u015e\u0259hid \u018fhm\u0259dov Sabir S\u0259f\u0259r o\u011flunun An\u0131m G\u00fcn\u00fc il\u0259 ba\u011fl\u0131 t\u0259dbir ke\u00e7irilib. T\u0259dbir \u00e7\u0259r\u00e7iv\u0259sind\u0259 \u015f\u0259hidimizin m\u0259zar\u0131 \u00f6n\u00fcn\u0259 \u0259klil qoyulub, ruhuna dualar oxunub.<br>Az\u0259rbaycan V\u0259t\u0259n M\u00fcharib\u0259si Veteranlar\u0131 \u0130ctimai Birliyinin (AVMV\u0130B) Beyl\u0259qan rayon \u015f\u00f6b\u0259sinin s\u0259dri \u018fl\u00f6vs\u0259t M\u0259mm\u0259dov, AVMV\u0130B s\u0259drinin s\u0259lahiyy\u0259tli n\u00fcmay\u0259nd\u0259si Akif H\u0259s\u0259nov v\u0259 veteranlar i\u015ftirak etmi\u015fl\u0259r.<\/p>\n\n\n\n<p><strong>AVMV\u0130B M\u0259tbuat xidm\u0259ti<\/strong><\/p>\n\n\n\n<p><strong><em>El\u00e7in Q\u0259dirov<\/em><\/strong><\/p>\n\n\n\n<a href=\"https:\/\/postimg.cc\/3dStryzz\" target=\"_blank\" rel=\"noopener\"><img decoding=\"async\" src=\"https:\/\/i.postimg.cc\/cLZ2mwh1\/Whats-App-Image-2024-10-29-at-12-37-05.jpg\" alt=\"Whats-App-Image-2024-10-29-at-12-37-05\"\/><\/a><br\/><br\/>\n<a href=\"https:\/\/postimg.cc\/3kknk8TN\" target=\"_blank\" rel=\"noopener\"><img decoding=\"async\" src=\"https:\/\/i.postimg.cc\/CxNt65rG\/Whats-App-Image-2024-10-29-at-12-37-05-1.jpg\" alt=\"Whats-App-Image-2024-10-29-at-12-37-05-1\"\/><\/a><br\/><br\/>\n<a href=\"https:\/\/postimg.cc\/PPr6kbVm\" target=\"_blank\" rel=\"noopener\"><img decoding=\"async\" src=\"https:\/\/i.postimg.cc\/c4fPwXQ5\/Whats-App-Image-2024-10-29-at-12-37-06.jpg\" alt=\"Whats-App-Image-2024-10-29-at-12-37-06\"\/><\/a><br\/><br\/>\n\n","protected":false},"excerpt":{"rendered":"<p>Oktyabr\u0131n 29-da Beyl\u0259qan rayon Q\u0259hr\u0259manl\u0131 k\u0259ndind\u0259 anadan ola, 1989-cu il t\u0259v\u0259ll\u00fcdl\u00fc \u015e\u0259hid \u018fhm\u0259dov Sabir S\u0259f\u0259r o\u011flunun An\u0131m G\u00fcn\u00fc il\u0259 ba\u011fl\u0131 t\u0259dbir ke\u00e7irilib. T\u0259dbir \u00e7\u0259r\u00e7iv\u0259sind\u0259<\/p>\n","protected":false},"author":2,"featured_media":100628,"comment_status":"closed","ping_status":"closed","sticky":false,"template":"","format":"standard","meta":{"footnotes":""},"categories":[5],"tags":[],"class_list":["post-100627","post","type-post","status-publish","format-standard","has-post-thumbnail","hentry","category-veteran"],"aioseo_notices":[],"_links":{"self":[{"href":"https:\/\/fedai.az\/index.php?rest_route=\/wp\/v2\/posts\/100627","targetHints":{"allow":["GET"]}}],"collection":[{"href":"https:\/\/fedai.az\/index.php?rest_route=\/wp\/v2\/posts"}],"about":[{"href":"https:\/\/fedai.az\/index.php?rest_route=\/wp\/v2\/types\/post"}],"author":[{"embeddable":true,"href":"https:\/\/fedai.az\/index.php?rest_route=\/wp\/v2\/users\/2"}],"replies":[{"embeddable":true,"href":"https:\/\/fedai.az\/index.php?rest_route=%2Fwp%2Fv2%2Fcomments&post=100627"}],"version-history":[{"count":1,"href":"https:\/\/fedai.az\/index.php?rest_route=\/wp\/v2\/posts\/100627\/revisions"}],"predecessor-version":[{"id":100629,"href":"https:\/\/fedai.az\/index.php?rest_route=\/wp\/v2\/posts\/100627\/revisions\/100629"}],"wp:featuredmedia":[{"embeddable":true,"href":"https:\/\/fedai.az\/index.php?rest_route=\/wp\/v2\/media\/100628"}],"wp:attachment":[{"href":"https:\/\/fedai.az\/index.php?rest_route=%2Fwp%2Fv2%2Fmedia&parent=100627"}],"wp:term":[{"taxonomy":"category","embeddable":true,"href":"https:\/\/fedai.az\/index.php?rest_route=%2Fwp%2Fv2%2Fcategories&post=100627"},{"taxonomy":"post_tag","embeddable":true,"href":"https:\/\/fedai.az\/index.php?rest_route=%2Fwp%2Fv2%2Ftags&post=100627"}],"curies":[{"name":"wp","href":"https:\/\/api.w.org\/{rel}","templated":true}]}}