{"id":10063,"date":"2020-07-15T15:44:01","date_gmt":"2020-07-15T11:44:01","guid":{"rendered":"http:\/\/fedai.az\/?p=10063"},"modified":"2020-07-15T15:44:08","modified_gmt":"2020-07-15T11:44:08","slug":"susan-stepanyan-yen%c9%99-qaldirdi-yaralilarin-sayini","status":"publish","type":"post","link":"https:\/\/fedai.az\/?p=10063","title":{"rendered":"\u015eu\u015fan Stepanyan yen\u0259 qald\u0131rd\u0131 &#8212; Yaral\u0131lar\u0131n say\u0131n\u0131&#8230;"},"content":{"rendered":"\n<p><strong>Erm\u0259nistan Tovuz istiqam\u0259tind\u0259 Az\u0259rbaycan Silahl\u0131 Q\u00fcvv\u0259l\u0259ri il\u0259 d\u00f6y\u00fc\u015fl\u0259rd\u0259 yaralanan h\u0259rb\u00e7il\u0259rinin say\u0131n\u0131 a\u00e7\u0131qlay\u0131b.<\/strong><\/p>\n\n\n\n<p><strong>Fedai.az<\/strong> x\u0259b\u0259r verir ki, Erm\u0259nistan M\u00fcdafi\u0259 Nazirliyinin m\u0259tbuat katibi \u015eu\u015fan Stepanyan bildirib ki, d\u00f6y\u00fc\u015fl\u0259rd\u0259 10 h\u0259rb\u00e7i yaralan\u0131b.<\/p>\n\n\n\n<p>Onlardan birinin v\u0259ziyy\u0259ti \u00e7ox a\u011f\u0131r, 5 n\u0259f\u0259rin v\u0259ziyy\u0259ti orta-a\u011f\u0131r, dig\u0259rl\u0259rinin v\u0259ziyy\u0259ti is\u0259 y\u00fcng\u00fcld\u00fcr.<\/p>\n","protected":false},"excerpt":{"rendered":"<p>Erm\u0259nistan Tovuz istiqam\u0259tind\u0259 Az\u0259rbaycan Silahl\u0131 Q\u00fcvv\u0259l\u0259ri il\u0259 d\u00f6y\u00fc\u015fl\u0259rd\u0259 yaralanan h\u0259rb\u00e7il\u0259rinin say\u0131n\u0131 a\u00e7\u0131qlay\u0131b. Fedai.az x\u0259b\u0259r verir ki, Erm\u0259nistan M\u00fcdafi\u0259 Nazirliyinin m\u0259tbuat katibi \u015eu\u015fan Stepanyan bildirib<\/p>\n","protected":false},"author":2,"featured_media":0,"comment_status":"closed","ping_status":"closed","sticky":false,"template":"","format":"standard","meta":{"footnotes":""},"categories":[3],"tags":[],"class_list":["post-10063","post","type-post","status-publish","format-standard","hentry","category-gundm"],"aioseo_notices":[],"_links":{"self":[{"href":"https:\/\/fedai.az\/index.php?rest_route=\/wp\/v2\/posts\/10063","targetHints":{"allow":["GET"]}}],"collection":[{"href":"https:\/\/fedai.az\/index.php?rest_route=\/wp\/v2\/posts"}],"about":[{"href":"https:\/\/fedai.az\/index.php?rest_route=\/wp\/v2\/types\/post"}],"author":[{"embeddable":true,"href":"https:\/\/fedai.az\/index.php?rest_route=\/wp\/v2\/users\/2"}],"replies":[{"embeddable":true,"href":"https:\/\/fedai.az\/index.php?rest_route=%2Fwp%2Fv2%2Fcomments&post=10063"}],"version-history":[{"count":1,"href":"https:\/\/fedai.az\/index.php?rest_route=\/wp\/v2\/posts\/10063\/revisions"}],"predecessor-version":[{"id":10065,"href":"https:\/\/fedai.az\/index.php?rest_route=\/wp\/v2\/posts\/10063\/revisions\/10065"}],"wp:attachment":[{"href":"https:\/\/fedai.az\/index.php?rest_route=%2Fwp%2Fv2%2Fmedia&parent=10063"}],"wp:term":[{"taxonomy":"category","embeddable":true,"href":"https:\/\/fedai.az\/index.php?rest_route=%2Fwp%2Fv2%2Fcategories&post=10063"},{"taxonomy":"post_tag","embeddable":true,"href":"https:\/\/fedai.az\/index.php?rest_route=%2Fwp%2Fv2%2Ftags&post=10063"}],"curies":[{"name":"wp","href":"https:\/\/api.w.org\/{rel}","templated":true}]}}