{"id":100642,"date":"2024-11-02T11:39:10","date_gmt":"2024-11-02T07:39:10","guid":{"rendered":"https:\/\/fedai.az\/?p=100642"},"modified":"2024-11-02T11:39:11","modified_gmt":"2024-11-02T07:39:11","slug":"avmvib-balak%c9%99n-rayon-sob%c9%99sind%c9%99-t%c9%99dbir","status":"publish","type":"post","link":"https:\/\/fedai.az\/?p=100642","title":{"rendered":"AVMV\u0130B Balak\u0259n rayon \u015f\u00f6b\u0259sind\u0259 t\u0259dbir"},"content":{"rendered":"\n<p>Az\u0259rbaycan V\u0259t\u0259n M\u00fcharib\u0259si Veteranlar\u0131 \u0130ctimai Birliyinin (AVMV\u0130B) Balak\u0259n rayon \u015f\u00f6b\u0259sind\u0259 B\u00f6y\u00fck Z\u0259f\u0259rimizin ild\u00f6n\u00fcm\u00fc il\u0259 \u0259laq\u0259dar Balak\u0259n rayon Heyd\u0259r \u018fliyev m\u0259rk\u0259zind\u0259 &#171;\u015e\u0259hid qan\u0131 axmayan torpaqdan V\u0259t\u0259n olmaz&#187; m\u00f6vzusunda t\u0259dbir ke\u00e7irilmi\u015fdir. T\u0259dbir \u00e7\u0259r\u00e7iv\u0259sind\u0259 AVMV\u0130B Balak\u0259n rayon \u015f\u00f6b\u0259sinin s\u0259dri, ehtiyatda olan mayor, &#171;Az\u0259rbaycan bayra\u011f\u0131&#187; orednli Ayd\u0131n Abdullayev, polis r\u0259isinin m\u00fcavini, polkovnik-leytenant Elxan Zamanov, \u015f\u0259hid anas\u0131 G\u00fcl\u015f\u0259n xan\u0131m, \u015f\u0259hid atas\u0131 \u015e\u0259ms\u0259ddin m\u00fc\u0259llim, Rayon \u0130cra aparat\u0131nda yerl\u0259\u015f\u0259n Veteranlar \u015euras\u0131n\u0131n s\u0259dri A\u011fa m\u00fc\u0259llim, Heyd\u0259r \u018fliyev M\u0259rk\u0259zinin direktoru Lal\u0259 xan\u0131m \u00e7\u0131x\u0131\u015f etmi\u015f \u015f\u0259hidl\u0259rimizin he\u00e7 vaxt unudulmayaca\u011f\u0131n\u0131 qeyd etmi\u015fl\u0259r.<\/p>\n\n\n\n<p><strong>AVMV\u0130B M\u0259tbuat xidm\u0259ti<\/strong><\/p>\n\n\n\n<a href=\"https:\/\/postimages.org\/\" target=\"_blank\" rel=\"noopener\"><img decoding=\"async\" src=\"https:\/\/i.postimg.cc\/Y2PRkrhJ\/Whats-App-Image-2024-11-02-at-08-03-56.jpg\" alt=\"Whats-App-Image-2024-11-02-at-08-03-56\"\/><\/a><br\/><br\/>\n<a href=\"https:\/\/postimages.org\/\" target=\"_blank\" rel=\"noopener\"><img decoding=\"async\" src=\"https:\/\/i.postimg.cc\/y8myF0vH\/Whats-App-Image-2024-11-02-at-08-04-10.jpg\" alt=\"Whats-App-Image-2024-11-02-at-08-04-10\"\/><\/a><br\/><br\/>\n<a href=\"https:\/\/postimages.org\/\" target=\"_blank\" rel=\"noopener\"><img decoding=\"async\" src=\"https:\/\/i.postimg.cc\/N0Q7bLzr\/Whats-App-Image-2024-11-02-at-08-04-23.jpg\" alt=\"Whats-App-Image-2024-11-02-at-08-04-23\"\/><\/a><br\/><br\/>\n<a href=\"https:\/\/postimages.org\/\" target=\"_blank\" rel=\"noopener\"><img decoding=\"async\" src=\"https:\/\/i.postimg.cc\/VLbRkxt5\/Whats-App-Image-2024-11-02-at-08-04-33.jpg\" alt=\"Whats-App-Image-2024-11-02-at-08-04-33\"\/><\/a><br\/><br\/>\n\n\n","protected":false},"excerpt":{"rendered":"<p>Az\u0259rbaycan V\u0259t\u0259n M\u00fcharib\u0259si Veteranlar\u0131 \u0130ctimai Birliyinin (AVMV\u0130B) Balak\u0259n rayon \u015f\u00f6b\u0259sind\u0259 B\u00f6y\u00fck Z\u0259f\u0259rimizin ild\u00f6n\u00fcm\u00fc il\u0259 \u0259laq\u0259dar Balak\u0259n rayon Heyd\u0259r \u018fliyev m\u0259rk\u0259zind\u0259 &#171;\u015e\u0259hid qan\u0131 axmayan torpaqdan<\/p>\n","protected":false},"author":2,"featured_media":100643,"comment_status":"closed","ping_status":"closed","sticky":false,"template":"","format":"standard","meta":{"footnotes":""},"categories":[5],"tags":[],"class_list":["post-100642","post","type-post","status-publish","format-standard","has-post-thumbnail","hentry","category-veteran"],"aioseo_notices":[],"_links":{"self":[{"href":"https:\/\/fedai.az\/index.php?rest_route=\/wp\/v2\/posts\/100642","targetHints":{"allow":["GET"]}}],"collection":[{"href":"https:\/\/fedai.az\/index.php?rest_route=\/wp\/v2\/posts"}],"about":[{"href":"https:\/\/fedai.az\/index.php?rest_route=\/wp\/v2\/types\/post"}],"author":[{"embeddable":true,"href":"https:\/\/fedai.az\/index.php?rest_route=\/wp\/v2\/users\/2"}],"replies":[{"embeddable":true,"href":"https:\/\/fedai.az\/index.php?rest_route=%2Fwp%2Fv2%2Fcomments&post=100642"}],"version-history":[{"count":1,"href":"https:\/\/fedai.az\/index.php?rest_route=\/wp\/v2\/posts\/100642\/revisions"}],"predecessor-version":[{"id":100644,"href":"https:\/\/fedai.az\/index.php?rest_route=\/wp\/v2\/posts\/100642\/revisions\/100644"}],"wp:featuredmedia":[{"embeddable":true,"href":"https:\/\/fedai.az\/index.php?rest_route=\/wp\/v2\/media\/100643"}],"wp:attachment":[{"href":"https:\/\/fedai.az\/index.php?rest_route=%2Fwp%2Fv2%2Fmedia&parent=100642"}],"wp:term":[{"taxonomy":"category","embeddable":true,"href":"https:\/\/fedai.az\/index.php?rest_route=%2Fwp%2Fv2%2Fcategories&post=100642"},{"taxonomy":"post_tag","embeddable":true,"href":"https:\/\/fedai.az\/index.php?rest_route=%2Fwp%2Fv2%2Ftags&post=100642"}],"curies":[{"name":"wp","href":"https:\/\/api.w.org\/{rel}","templated":true}]}}