{"id":100649,"date":"2024-11-02T20:58:36","date_gmt":"2024-11-02T16:58:36","guid":{"rendered":"https:\/\/fedai.az\/?p=100649"},"modified":"2024-11-02T20:58:36","modified_gmt":"2024-11-02T16:58:36","slug":"avmvib-s%c9%99bail-rayon-sob%c9%99sind%c9%99-z%c9%99f%c9%99r-bayrami-il%c9%99-bagli-t%c9%99bdir","status":"publish","type":"post","link":"https:\/\/fedai.az\/?p=100649","title":{"rendered":"AVMV\u0130B S\u0259bail rayon \u015f\u00f6b\u0259sind\u0259 Z\u0259f\u0259r Bayram\u0131 il\u0259 ba\u011fl\u0131 t\u0259bdir"},"content":{"rendered":"\n<p>B\u00f6y\u00fck Z\u0259f\u0259r Bayram\u0131 il\u0259 \u0259laq\u0259dar Az\u0259rbaycan V\u0259t\u0259n M\u00fcharib\u0259si Veteranlar\u0131 \u0130ctimai Birliyinin (AVMV\u0130B) S\u0259bail rayon \u015f\u00f6b\u0259si t\u0259dbir ke\u00e7irmi\u015fdir. T\u0259dbir Az\u0259rbaycan\u0131n D\u00f6vl\u0259t Himninin s\u0259sl\u0259ndirilm\u0259si v\u0259 \u015f\u0259hidl\u0259rimizin xatir\u0259sinin bir d\u0259qiq\u0259lik s\u00fckutla yad edilm\u0259si il\u0259 ba\u015flam\u0131\u015fd\u0131r.<\/p>\n\n\n\n<p>T\u0259dbird\u0259 AVMV\u0130B S\u0259bail rayon \u015f\u00f6b\u0259sinin s\u0259dri v\u0259 \u00fczvl\u0259ri, Yeni Az\u0259rbaycan Partiyas\u0131n\u0131n S\u0259bail rayon t\u0259\u015fkilat\u0131n\u0131n s\u0259dri Muxtar Na\u011f\u0131yev, Daxili \u0130\u015fl\u0259r Nazirliyinin polkovniki V\u00fcqar S\u0259rdarov, 91-l\u0259r h\u0259r\u0259kat\u0131n\u0131n \u00fczvl\u0259rind\u0259n Tahir m\u00fc\u0259llim v\u0259 dig\u0259r r\u0259smi n\u00fcmay\u0259nd\u0259l\u0259r, el\u0259c\u0259 d\u0259 ictimaiyy\u0259t n\u00fcmay\u0259nd\u0259l\u0259ri i\u015ftirak etmi\u015f, bu g\u00fcn\u00fcn tarixi \u0259h\u0259miyy\u0259tind\u0259n dan\u0131\u015fm\u0131\u015f, Z\u0259f\u0259r G\u00fcn\u00fc m\u00fcnasib\u0259ti il\u0259 xalq\u0131m\u0131z\u0131 t\u0259brik etmi\u015fl\u0259r.<\/p>\n\n\n\n<p><strong>AVMV\u0130B M\u0259tbuat xidm\u0259ti<\/strong><\/p>\n","protected":false},"excerpt":{"rendered":"<p>B\u00f6y\u00fck Z\u0259f\u0259r Bayram\u0131 il\u0259 \u0259laq\u0259dar Az\u0259rbaycan V\u0259t\u0259n M\u00fcharib\u0259si Veteranlar\u0131 \u0130ctimai Birliyinin (AVMV\u0130B) S\u0259bail rayon \u015f\u00f6b\u0259si t\u0259dbir ke\u00e7irmi\u015fdir. T\u0259dbir Az\u0259rbaycan\u0131n D\u00f6vl\u0259t Himninin s\u0259sl\u0259ndirilm\u0259si v\u0259 \u015f\u0259hidl\u0259rimizin<\/p>\n","protected":false},"author":2,"featured_media":100650,"comment_status":"closed","ping_status":"closed","sticky":false,"template":"","format":"standard","meta":{"footnotes":""},"categories":[5],"tags":[],"class_list":["post-100649","post","type-post","status-publish","format-standard","has-post-thumbnail","hentry","category-veteran"],"aioseo_notices":[],"_links":{"self":[{"href":"https:\/\/fedai.az\/index.php?rest_route=\/wp\/v2\/posts\/100649","targetHints":{"allow":["GET"]}}],"collection":[{"href":"https:\/\/fedai.az\/index.php?rest_route=\/wp\/v2\/posts"}],"about":[{"href":"https:\/\/fedai.az\/index.php?rest_route=\/wp\/v2\/types\/post"}],"author":[{"embeddable":true,"href":"https:\/\/fedai.az\/index.php?rest_route=\/wp\/v2\/users\/2"}],"replies":[{"embeddable":true,"href":"https:\/\/fedai.az\/index.php?rest_route=%2Fwp%2Fv2%2Fcomments&post=100649"}],"version-history":[{"count":1,"href":"https:\/\/fedai.az\/index.php?rest_route=\/wp\/v2\/posts\/100649\/revisions"}],"predecessor-version":[{"id":100651,"href":"https:\/\/fedai.az\/index.php?rest_route=\/wp\/v2\/posts\/100649\/revisions\/100651"}],"wp:featuredmedia":[{"embeddable":true,"href":"https:\/\/fedai.az\/index.php?rest_route=\/wp\/v2\/media\/100650"}],"wp:attachment":[{"href":"https:\/\/fedai.az\/index.php?rest_route=%2Fwp%2Fv2%2Fmedia&parent=100649"}],"wp:term":[{"taxonomy":"category","embeddable":true,"href":"https:\/\/fedai.az\/index.php?rest_route=%2Fwp%2Fv2%2Fcategories&post=100649"},{"taxonomy":"post_tag","embeddable":true,"href":"https:\/\/fedai.az\/index.php?rest_route=%2Fwp%2Fv2%2Ftags&post=100649"}],"curies":[{"name":"wp","href":"https:\/\/api.w.org\/{rel}","templated":true}]}}