{"id":10066,"date":"2020-07-15T15:54:48","date_gmt":"2020-07-15T11:54:48","guid":{"rendered":"http:\/\/fedai.az\/?p=10066"},"modified":"2020-07-15T16:14:21","modified_gmt":"2020-07-15T12:14:21","slug":"erm%c9%99nistanin-12-iyul-t%c9%99xribati-v%c9%99-onun-m%c9%99krli-siyas%c9%99ti","status":"publish","type":"post","link":"https:\/\/fedai.az\/?p=10066","title":{"rendered":"Erm\u0259nistan\u0131n 12 iyul t\u0259xribat\u0131 v\u0259 onun m\u0259krli siyas\u0259ti"},"content":{"rendered":"\n<figure class=\"wp-block-image size-large is-resized\"><img loading=\"lazy\" decoding=\"async\" src=\"http:\/\/fedai.az\/wp-content\/uploads\/2020\/07\/mn.jpg\" alt=\"\" class=\"wp-image-10067\" width=\"198\" height=\"285\" srcset=\"https:\/\/fedai.az\/wp-content\/uploads\/2020\/07\/mn.jpg 264w, https:\/\/fedai.az\/wp-content\/uploads\/2020\/07\/mn-208x300.jpg 208w, https:\/\/fedai.az\/wp-content\/uploads\/2020\/07\/mn-104x150.jpg 104w\" sizes=\"auto, (max-width: 198px) 100vw, 198px\" \/><\/figure>\n\n\n\n<p><strong>M\u00fc\u015ffiq \u018fliyev<\/strong><\/p>\n\n\n\n<p><strong>X\u0259z\u0259r rayon sakini<\/strong>, <em><strong>AVMV\u0130B s\u0259drinin s\u0259lahiyy\u0259tli n\u00fcmay\u0259nd\u0259si, Respublika \u015e\u0259hid ail\u0259l\u0259rin\u0259 Qay\u011f\u0131 c\u0259miyy\u0259tinin s\u0259dri, X\u0259z\u0259r k\u00f6n\u00fcll\u00fc batalyonunun komandiri<\/strong><\/em><\/p>\n\n\n\n<p>2020 \u2013ci il iyulun 12-d\u0259 Erm\u0259nistan silahl\u0131 q\u00fcvv\u0259l\u0259rinin at\u0259\u015fk\u0259s rejimini kobud \u015f\u0259kild\u0259 pozaraq artilleriya qur\u011fular\u0131ndan istifad\u0259 etm\u0259kl\u0259 s\u0259rh\u0259ddin Tovuz rayonu istiqam\u0259tind\u0259 Az\u0259rbaycan silahl\u0131 q\u00fcvv\u0259l\u0259rinin m\u00f6vqeyl\u0259rin\u0259 h\u00fccum etm\u0259si t\u0259cav\u00fczd\u00fcr, g\u00fcc t\u0259tbiq etm\u0259k akt\u0131d\u0131r v\u0259 n\u00f6vb\u0259ti t\u0259xribatd\u0131r. <\/p>\n\n\n\n<p>H\u0259min t\u0259xribata qar\u015f\u0131 Az\u0259rbaycan Silahl\u0131 Q\u00fcvv\u0259l\u0259rin\u0131n cavab olaraq g\u00f6rd\u00fcy\u00fc c\u0259za t\u0259dbirl\u0259ri n\u0259tic\u0259sind\u0259 d\u00fc\u015fm\u0259n geri otuzdurulub, y\u00fczd\u0259n art\u0131q canl\u0131 q\u00fcvv\u0259si v\u0259 onlarla h\u0259rbi texnikas\u0131 m\u0259hv edilib. Yay\u0131lm\u0131\u015f videolardan da g\u00f6r\u00fcnd\u00fcy\u00fc kimi, Az\u0259rbaycan Ordusu erm\u0259ni ordusuna b\u00f6y\u00fck itkil\u0259r verdirib. Erm\u0259nistan h\u0259rbi b\u00f6lm\u0259l\u0259rinin Az\u0259rbaycan- Erm\u0259nistan s\u0259rh\u0259ddind\u0259 n\u00f6vb\u0259ti t\u0259xribat\u0131 Erm\u0259nistan hakimiyy\u0259tinin h\u0259m beyn\u0259lxalq ictimaiyy\u0259tin diqq\u0259tini aktual m\u0259s\u0259l\u0259l\u0259rd\u0259n yay\u0131nd\u0131raraq f\u0259rqli istiqam\u0259t\u0259 y\u00f6n\u0259tm\u0259k, h\u0259m d\u0259 \u00f6lk\u0259 daxilind\u0259 m\u00fc\u015fahid\u0259 olunan ciddi g\u0259rginliyi azaltmaq m\u0259qs\u0259di g\u00fcd\u00fcr. <\/p>\n\n\n\n<p>C\u00fcnki Erm\u0259nistan\u0131n m\u00f6vcud iqtidar\u0131n\u0131n h\u0259r kec\u0259n g\u00fcn n\u00fcfuzu xalq aras\u0131nda d\u00fc\u015fm\u0259y\u0259 davam edir. Pandemiya il\u0259 m\u00fcbariz\u0259d\u0259 erm\u0259ni siyasi dair\u0259l\u0259rinin n\u00fcmay\u0259nd\u0259likl\u0259rinin q\u0259tiyy\u0259tsizliyi, onsuzda b\u0259rbad durumda olan \u00f6lk\u0259 iqtisadiyyat\u0131n\u0131n daha da c\u00f6km\u0259si, xalq\u0131n rifah g\u00f6st\u0259ricisinin a\u015fa\u011f\u0131 d\u00fc\u015fm\u0259si erm\u0259ni c\u0259miyy\u0259ti aras\u0131nda haql\u0131 naraz\u0131l\u0131qlar yarad\u0131r. Erm\u0259nistan hakimiyy\u0259tinin t\u0259cr\u00fcb\u0259siz, populist ba\u015f naziri Nikol Pa\u015finyan b\u00fct\u00fcn bunlar\u0131n qar\u015f\u0131s\u0131n\u0131 almaq \u00fc\u00e7\u00fcn \u00f6lk\u0259d\u0259 faktiki olaraq diktatura qurmu\u015fdur. Avanturist \u00e7\u0131x\u0131\u015flar\u0131 il\u0259 erm\u0259ni xalq\u0131n\u0131 \u0259l\u0259 al\u0131b hakimiyy\u0259t\u0259 g\u0259l\u0259n Pa\u015f\u0131nyan art\u0131q verdiyi v\u0259dl\u0259rin m\u00f6vcud geosiyasi v\u0259ziyy\u0259ti n\u0259z\u0259r\u0259 almadan h\u0259yata kecirm\u0259yin m\u00fcmk\u00fcns\u00fcz oldu\u011funu d\u0259rk edir. Buna g\u00f6r\u0259d\u0259 h\u0259r n\u0259 olur olsun \u00f6z iqtidar\u0131n\u0131 qorumaq \u00fc\u00e7\u00fcn insan h\u00fcquq v\u0259 azadl\u0131qlar\u0131n\u0131n bo\u011fulmas\u0131, siyasi opponentl\u0259rin\u0259 repressiyalar\u0131n t\u0259tbiq edilm\u0259si onu \u00e7ox m\u00fcr\u0259kk\u0259b duruma sal\u0131b. <\/p>\n\n\n\n<p>Art\u0131q b\u00fct\u00fcn d\u00fcnyaya m\u0259lumdur ki, Pa\u015finyan\u0131n demaqoqcas\u0131na v\u0259d etdiyi \u201c\u00e7i\u00e7\u0259kl\u0259nm\u0259\u201d he\u00e7 vaxt realla\u015fa bilm\u0259z. N.Pa\u015finyan xarici siyas\u0259td\u0259 d\u0259 u\u011fursuzlu\u011fa d\u00fccar olub. Onun Az\u0259rbaycan\u0131n i\u015f\u011fal olunmu\u015f torpaqlar\u0131nda t\u0259\u015fkil etdiyi \u201cse\u00e7ki\u201d \u015fousu d\u00fcnya \u00f6lk\u0259l\u0259rind\u0259n, h\u0259mcinin beyn\u0259lxalq t\u0259\u015fkilatlardan he\u00e7 biri t\u0259r\u0259find\u0259n tan\u0131nmad\u0131 \u0259ksin\u0259 ham\u0131 Az\u0259rbaycan\u0131n \u0259razi b\u00fct\u00f6vl\u00fcy\u00fcn\u0259 \u00f6z d\u0259sd\u0259kl\u0259rini bildirdi. B\u00fct\u00fcn bunlar c\u0259nab Prezident \u0130lham \u018fliyevin r\u0259hb\u0259rliyi il\u0259 h\u0259yata keciril\u0259rn xarici siyas\u0259tin say\u0259sind\u0259 \u00f6lk\u0259mizin xarici arenada n\u00fcfuzunun durmadan artmas\u0131n\u0131 bir daha s\u00fcbut edir. Buna g\u00f6r\u0259d\u0259 Erm\u0259nistan t\u0259r\u0259find\u0259n s\u0259rh\u0259dd\u0259 t\u00f6r\u0259dilmi\u015f t\u0259xribat onu g\u00f6st\u0259rir ki, r\u0259smi Yerevan Qaraba\u011f m\u00fcnaqi\u015f\u0259sinin s\u00fclh yolu il\u0259 h\u0259llin\u0259 he\u00e7 vaxt maraql\u0131 olmay\u0131b. Onun t\u0259xribat\u0131 Qaraba\u011f \u0259razisind\u0259 yox m\u0259hz \u00f6lk\u0259nin s\u0259rh\u0259dl\u0259rind\u0259 t\u00f6r\u0259tm\u0259sin \u00fczv oldu\u011fu Kollektiv T\u0259hl\u00fck\u0259sizlik M\u00fcqavil\u0259si T\u0259\u015fkilat\u0131na \u00fczv d\u00f6vl\u0259tl\u0259ri d\u0259 m\u00fcnaqi\u015f\u0259y\u0259 c\u0259lb etm\u0259k v\u0259 Az\u0259rbaycan\u0131 t\u0259kl\u0259m\u0259k m\u0259qs\u0259di da\u015f\u0131y\u0131r, lakin KTMT \u00f6lk\u0259l\u0259ri il\u0259 Az\u0259rbaycan d\u00f6vl\u0259ti aras\u0131nda g\u00fccl\u00fc iqtisadi \u0259m\u0259kda\u015fl\u0131q v\u0259 dostluq m\u00fcnasib\u0259tl\u0259ti m\u00f6vcuddur. <\/p>\n\n\n\n<p>\u018fminik ki, KTMT \u00f6lk\u0259l\u0259ri Erm\u0259nistan\u0131n m\u0259krli niyy\u0259tini ba\u015fa d\u00fc\u015f\u00fcrl\u0259r C\u0259nab Prezidentin ir\u0259li s\u00fcrd\u00fcy\u00fc humanitar \u0259m\u0259kda\u015fl\u0131\u011f\u0131n, humanist ideyalar\u0131n t\u0259bli\u011fi kimi \u00fcmumb\u0259\u015f\u0259ri d\u0259y\u0259rl\u0259ri beyn\u0259lxalq arena t\u0259r\u0259find\u0259n d\u0259st\u0259kl\u0259nm\u0259si \u00f6lk\u0259mizin d\u00fc\u015fm\u0259nl\u0259rini \u0259n \u0259sas da erm\u0259ni lobbisini narahat etm\u0259y\u0259 bilm\u0259zdi. D\u00f6vl\u0259t ba\u015f\u00e7\u0131m\u0131z\u0131n s\u0259drlik etdiyi Qo\u015fulmama H\u0259r\u0259kat\u0131n\u0131n Zirv\u0259 toplant\u0131s\u0131n\u0131n geni\u015f rezonans do\u011furmas\u0131, Az\u0259rbaycan\u0131n t\u0259\u015f\u0259bb\u00fcs\u00fc il\u0259 BMT Ba\u015f Assambleyas\u0131n\u0131n x\u00fcsusi iclas\u0131n\u0131n ke\u00e7irilm\u0259si bar\u0259d\u0259 q\u0259rar q\u0259bul edilm\u0259si Erm\u0259nistanda, xarici erm\u0259nip\u0259r\u0259st dair\u0259l\u0259rd\u0259, Az\u0259rbaycana qar\u015f\u0131 daima qarayaxma kompaniyas\u0131 aparanlarda b\u00f6y\u00fck narahatl\u0131q do\u011furdu. C\u0259nab Prezidentin So\u00e7id\u0259 \u201cValday\u201d Beyn\u0259lxalq Diskussiya Klubunun XVI illik iclas\u0131n\u0131n plenar sessiyas\u0131nda, M\u00fcnhen T\u0259hl\u00fck\u0259sizlik Konfrans\u0131nda Erm\u0259nistan\u0131n i\u015f\u011falc\u0131l\u0131q siyas\u0259tini v\u0259 erm\u0259ni siyas\u0259tcil\u0259rinin v\u0259 lobbisinin fa\u015fizm\u0259 olan sevgisini, fa\u015fistl\u0259rl\u0259 \u0259m\u0259kda\u015fl\u0131q ed\u0259n erm\u0259ni tarixi siyasi xadiml\u0259rin\u0259 ucaltd\u0131qlar\u0131 abid\u0259l\u0259ril\u0259 onlar\u0131n d\u00fcnyaya olan m\u00f6vcud t\u0259hl\u00fck\u0259li m\u00f6vqeyl\u0259rini if\u015fa etm\u0259si, d\u00fcnyan\u0131n apar\u0131c\u0131 beyn\u0259lxalq qrumlar\u0131n\u0131n Da\u011fl\u0131q Qaraba\u011f m\u00fcnaqi\u015f\u0259si il\u0259 ba\u011fl\u0131 \u0259dal\u0259tli q\u0259rarlar q\u0259bul etm\u0259si Erm\u0259nistan hakimiyy\u0259tini ciddi probleml\u0259r qar\u015f\u0131s\u0131nda qoyub.<\/p>\n\n\n\n<p> Bundan ba\u015fqa Az\u0259rbaycan xalq\u0131n\u0131n d\u00f6y\u00fc\u015fl\u0259rin ba\u015flad\u0131\u011f\u0131 ilk saatlarda h\u0259mr\u0259ylik n\u00fcmayi\u015f etdirm\u0259l\u0259ri, c\u0259nab Ali Ba\u015f Komandan\u0131n \u0259traf\u0131nda y\u00fcks\u0259k v\u0259t\u0259np\u0259rv\u0259rlik hissl\u0259ril\u0259 birl\u0259\u015fm\u0259l\u0259ri d\u00fc\u015fm\u0259n q\u00fcvv\u0259l\u0259rin kec\u0259n \u0259srin 90ci ill\u0259rin \u0259vv\u0259ll\u0259rind\u0259 realla\u015fd\u0131rd\u0131\u011f\u0131 daxili caxna\u015fmalara b\u0259nz\u0259r hadis\u0259l\u0259r yaratmaq c\u0259hdl\u0259rinin hal\u2013haz\u0131rda qeyri m\u00fcmk\u00fcn oldu\u011funu g\u00f6st\u0259rdi.<\/p>\n\n\n\n<p> \u00c7\u00fcnki art\u0131q Az\u0259rbaycan\u0131n g\u00fccl\u00fc, irad\u0259li, hadis\u0259l\u0259ri vaxt\u0131nda qiym\u0259tl\u0259ndir\u0259n v\u0259 xalq\u0131n sevgisini qazanan r\u0259hb\u0259ri v\u0259 onun qar\u015f\u0131ya qoydu\u011fu tap\u015f\u0131r\u0131qlar\u0131 vaxt\u0131nda yerin\u0259 yetir\u0259n q\u00fcdr\u0259tli ordusu var. <\/p>\n\n\n\n<p><strong>B\u00fct\u00fcn bu hadis\u0259l\u0259r\u0259 g\u00f6r\u0259 \u0259minlikl\u0259 dey\u0259 bil\u0259rik ki, Erm\u0259nistan d\u00f6vl\u0259ti tam m\u0259suliyy\u0259t da\u015f\u0131y\u0131r. \u0130nan\u0131r\u0131q ki, beyn\u0259lxalq ictimaiyy\u0259t Erm\u0259nistan\u0131n bu t\u0259xribat\u0131n\u0131 v\u0259 i\u015f\u011falc\u0131l\u0131q siyas\u0259tini k\u0259skin \u015f\u0259kild\u0259 pisl\u0259y\u0259c\u0259k.<\/strong><\/p>\n","protected":false},"excerpt":{"rendered":"<p>M\u00fc\u015ffiq \u018fliyev X\u0259z\u0259r rayon sakini, AVMV\u0130B s\u0259drinin s\u0259lahiyy\u0259tli n\u00fcmay\u0259nd\u0259si, Respublika \u015e\u0259hid ail\u0259l\u0259rin\u0259 Qay\u011f\u0131 c\u0259miyy\u0259tinin s\u0259dri, X\u0259z\u0259r k\u00f6n\u00fcll\u00fc batalyonunun komandiri 2020 \u2013ci il iyulun 12-d\u0259<\/p>\n","protected":false},"author":2,"featured_media":0,"comment_status":"closed","ping_status":"closed","sticky":false,"template":"","format":"standard","meta":{"footnotes":""},"categories":[5],"tags":[],"class_list":["post-10066","post","type-post","status-publish","format-standard","hentry","category-veteran"],"aioseo_notices":[],"_links":{"self":[{"href":"https:\/\/fedai.az\/index.php?rest_route=\/wp\/v2\/posts\/10066","targetHints":{"allow":["GET"]}}],"collection":[{"href":"https:\/\/fedai.az\/index.php?rest_route=\/wp\/v2\/posts"}],"about":[{"href":"https:\/\/fedai.az\/index.php?rest_route=\/wp\/v2\/types\/post"}],"author":[{"embeddable":true,"href":"https:\/\/fedai.az\/index.php?rest_route=\/wp\/v2\/users\/2"}],"replies":[{"embeddable":true,"href":"https:\/\/fedai.az\/index.php?rest_route=%2Fwp%2Fv2%2Fcomments&post=10066"}],"version-history":[{"count":2,"href":"https:\/\/fedai.az\/index.php?rest_route=\/wp\/v2\/posts\/10066\/revisions"}],"predecessor-version":[{"id":10071,"href":"https:\/\/fedai.az\/index.php?rest_route=\/wp\/v2\/posts\/10066\/revisions\/10071"}],"wp:attachment":[{"href":"https:\/\/fedai.az\/index.php?rest_route=%2Fwp%2Fv2%2Fmedia&parent=10066"}],"wp:term":[{"taxonomy":"category","embeddable":true,"href":"https:\/\/fedai.az\/index.php?rest_route=%2Fwp%2Fv2%2Fcategories&post=10066"},{"taxonomy":"post_tag","embeddable":true,"href":"https:\/\/fedai.az\/index.php?rest_route=%2Fwp%2Fv2%2Ftags&post=10066"}],"curies":[{"name":"wp","href":"https:\/\/api.w.org\/{rel}","templated":true}]}}