{"id":100678,"date":"2024-11-06T23:10:12","date_gmt":"2024-11-06T19:10:12","guid":{"rendered":"https:\/\/fedai.az\/?p=100678"},"modified":"2024-11-06T23:10:12","modified_gmt":"2024-11-06T19:10:12","slug":"prezident-ilham-eliyev-trampi-t%c9%99brik-etdi","status":"publish","type":"post","link":"https:\/\/fedai.az\/?p=100678","title":{"rendered":"Prezident \u0130lham \u018fliyev Tramp\u0131 t\u0259brik etdi"},"content":{"rendered":"\n<p>Az\u0259rbaycan Prezidenti \u0130lham \u018fliyev Amerika Birl\u0259\u015fmi\u015f \u015etatlar\u0131n\u0131n yeni se\u00e7ilmi\u015f Prezidenti Donald Trampa t\u0259brik m\u0259ktubu g\u00f6nd\u0259rib. Fedai.az m\u0259ktubun m\u0259tnini t\u0259qdim edir:<\/p>\n\n\n\n<p>&#171;Amerika Birl\u0259\u015fmi\u015f \u015etatlar\u0131n\u0131n Prezidenti v\u0259zif\u0259sin\u0259 yenid\u0259n se\u00e7ilm\u0259yiniz m\u00fcnasib\u0259til\u0259 Sizi \u00fcr\u0259kd\u0259n t\u0259brik edir\u0259m. Se\u00e7kil\u0259rd\u0259 qazand\u0131\u011f\u0131n\u0131z inaml\u0131 q\u0259l\u0259b\u0259 dost Amerika xalq\u0131n\u0131n \u015f\u0259xs\u0259n Siz\u0259, y\u00fcr\u00fctd\u00fcy\u00fcn\u00fcz siyasi x\u0259tt\u0259 b\u00f6y\u00fck d\u0259st\u0259k v\u0259 etimad\u0131n\u0131n a\u015fkar ifad\u0259sidir. Az\u0259rbaycan Respublikas\u0131 Amerika Birl\u0259\u015fmi\u015f \u015etatlar\u0131 il\u0259 m\u00fcnasib\u0259tl\u0259rinin h\u0259rt\u0259r\u0259fli inki\u015faf\u0131na x\u00fcsusi \u0259h\u0259miyy\u0259t verir. Siz birinci prezidentlik d\u00f6vr\u00fcn\u00fczd\u0259 Az\u0259rbaycan il\u0259 Birl\u0259\u015fmi\u015f \u015etatlar aras\u0131nda dostluq v\u0259 \u0259m\u0259kda\u015fl\u0131q \u0259laq\u0259l\u0259rinin m\u00f6hk\u0259ml\u0259nm\u0259sin\u0259, \u0259m\u0259kda\u015fl\u0131\u011f\u0131m\u0131z\u0131n davaml\u0131 v\u0259 ard\u0131c\u0131l inki\u015faf\u0131na b\u00f6y\u00fck diqq\u0259t ay\u0131r\u0131rd\u0131n\u0131z. M\u0259mnunluqla qeyd etm\u0259k ist\u0259rdim ki, bu d\u00f6vr \u0259rzind\u0259 qar\u015f\u0131l\u0131ql\u0131 etimad v\u0259 d\u0259st\u0259y\u0259 \u0259saslanan t\u0259r\u0259fda\u015fl\u0131\u011f\u0131m\u0131z, o c\u00fcml\u0259d\u0259n bir s\u0131ra m\u00fch\u00fcm sah\u0259l\u0259rd\u0259, x\u00fcsusil\u0259 d\u0259 qlobal \u00e7a\u011f\u0131r\u0131\u015flara v\u0259 terrorizm\u0259 qar\u015f\u0131 m\u00fcbariz\u0259d\u0259, beyn\u0259lxalq s\u00fclh\u00fcn v\u0259 t\u0259hl\u00fck\u0259sizliyin g\u00fccl\u0259ndirilm\u0259sind\u0259, Avropan\u0131n enerji t\u0259hl\u00fck\u0259sizliyinin t\u0259min edilm\u0259sind\u0259 birg\u0259 f\u0259aliyy\u0259timiz dinamik v\u0259 y\u00fcks\u0259l\u0259n x\u0259tt \u00fczr\u0259 inki\u015faf\u0131 il\u0259 s\u0259ciyy\u0259l\u0259nirdi. Az\u0259rbaycan\u0131n enerji strategiyas\u0131na Sizin daim q\u0259tiyy\u0259tli d\u0259st\u0259yinizi x\u00fcsusi qeyd etm\u0259k ist\u0259rdim. Biz Birl\u0259\u015fmi\u015f \u015etatlar il\u0259 qar\u015f\u0131l\u0131ql\u0131 f\u0259aliyy\u0259timizin b\u00f6y\u00fck potensial\u0131ndan yararlanaraq ikit\u0259r\u0259fli t\u0259r\u0259fda\u015fl\u0131\u011f\u0131m\u0131z\u0131 b\u00fct\u00fcn sah\u0259l\u0259rd\u0259, o c\u00fcml\u0259d\u0259n siyasi, iqtisadi-ticari, t\u0259hl\u00fck\u0259sizlik, enerji, ya\u015f\u0131l v\u0259 r\u0259q\u0259msal ke\u00e7id v\u0259 dig\u0259r istiqam\u0259tl\u0259r \u00fczr\u0259 daha da geni\u015fl\u0259ndirm\u0259k v\u0259 d\u0259rinl\u0259\u015fdirm\u0259k \u0259zmind\u0259yik. \u0130nan\u0131r\u0131q ki, Sizin yeni prezidentlik d\u00f6vr\u00fcn\u00fczd\u0259 Az\u0259rbaycan il\u0259 Birl\u0259\u015fmi\u015f \u015etatlar aras\u0131nda m\u00fcnasib\u0259tl\u0259r daha da m\u00f6hk\u0259ml\u0259n\u0259c\u0259k, yeni \u0259m\u0259kda\u015fl\u0131q sah\u0259l\u0259ri m\u00fc\u0259yy\u0259n olunacaqd\u0131r. Az\u0259rbaycan bundan sonra da C\u0259nubi Qafqazda s\u00fclh\u00fcn v\u0259 t\u0259hl\u00fck\u0259sizliyin m\u00f6hk\u0259ml\u0259ndirilm\u0259si istiqam\u0259tind\u0259 f\u0259aliyy\u0259tini davam etdir\u0259c\u0259kdir. \u018fmin\u0259m ki, Az\u0259rbaycan-AB\u015e dostluq m\u00fcnasib\u0259tl\u0259rinin g\u00fccl\u0259nm\u0259si, \u00f6lk\u0259l\u0259rimizin milli maraqlar\u0131, o c\u00fcml\u0259d\u0259n milli t\u0259hl\u00fck\u0259sizlik maraqlar\u0131 \u0259sas\u0131nda t\u0259r\u0259fda\u015fl\u0131\u011f\u0131m\u0131z\u0131n ir\u0259li apar\u0131lmas\u0131 yolunda bundan sonra da birg\u0259 s\u0259yl\u0259r g\u00f6st\u0259r\u0259c\u0259yik. Bir daha Siz\u0259 \u0259n s\u0259mimi t\u0259brikl\u0259rimi yetirir, m\u00f6hk\u0259m cansa\u011fl\u0131\u011f\u0131, xo\u015fb\u0259xtlik, dost Amerika xalq\u0131n\u0131n rifah\u0131 namin\u0259 qar\u015f\u0131dak\u0131 ali d\u00f6vl\u0259ti f\u0259aliyy\u0259tinizd\u0259 u\u011furlar arzulay\u0131ram&#187;.<\/p>\n","protected":false},"excerpt":{"rendered":"<p>Az\u0259rbaycan Prezidenti \u0130lham \u018fliyev Amerika Birl\u0259\u015fmi\u015f \u015etatlar\u0131n\u0131n yeni se\u00e7ilmi\u015f Prezidenti Donald Trampa t\u0259brik m\u0259ktubu g\u00f6nd\u0259rib. Fedai.az m\u0259ktubun m\u0259tnini t\u0259qdim edir: &#171;Amerika Birl\u0259\u015fmi\u015f \u015etatlar\u0131n\u0131n Prezidenti<\/p>\n","protected":false},"author":2,"featured_media":100679,"comment_status":"closed","ping_status":"closed","sticky":false,"template":"","format":"standard","meta":{"footnotes":""},"categories":[1],"tags":[],"class_list":["post-100678","post","type-post","status-publish","format-standard","has-post-thumbnail","hentry","category-siyast"],"aioseo_notices":[],"_links":{"self":[{"href":"https:\/\/fedai.az\/index.php?rest_route=\/wp\/v2\/posts\/100678","targetHints":{"allow":["GET"]}}],"collection":[{"href":"https:\/\/fedai.az\/index.php?rest_route=\/wp\/v2\/posts"}],"about":[{"href":"https:\/\/fedai.az\/index.php?rest_route=\/wp\/v2\/types\/post"}],"author":[{"embeddable":true,"href":"https:\/\/fedai.az\/index.php?rest_route=\/wp\/v2\/users\/2"}],"replies":[{"embeddable":true,"href":"https:\/\/fedai.az\/index.php?rest_route=%2Fwp%2Fv2%2Fcomments&post=100678"}],"version-history":[{"count":1,"href":"https:\/\/fedai.az\/index.php?rest_route=\/wp\/v2\/posts\/100678\/revisions"}],"predecessor-version":[{"id":100680,"href":"https:\/\/fedai.az\/index.php?rest_route=\/wp\/v2\/posts\/100678\/revisions\/100680"}],"wp:featuredmedia":[{"embeddable":true,"href":"https:\/\/fedai.az\/index.php?rest_route=\/wp\/v2\/media\/100679"}],"wp:attachment":[{"href":"https:\/\/fedai.az\/index.php?rest_route=%2Fwp%2Fv2%2Fmedia&parent=100678"}],"wp:term":[{"taxonomy":"category","embeddable":true,"href":"https:\/\/fedai.az\/index.php?rest_route=%2Fwp%2Fv2%2Fcategories&post=100678"},{"taxonomy":"post_tag","embeddable":true,"href":"https:\/\/fedai.az\/index.php?rest_route=%2Fwp%2Fv2%2Ftags&post=100678"}],"curies":[{"name":"wp","href":"https:\/\/api.w.org\/{rel}","templated":true}]}}