{"id":100698,"date":"2024-11-07T23:40:42","date_gmt":"2024-11-07T19:40:42","guid":{"rendered":"https:\/\/fedai.az\/?p=100698"},"modified":"2024-11-07T23:40:42","modified_gmt":"2024-11-07T19:40:42","slug":"avmvib-t%c9%99rt%c9%99r-rayon-sob%c9%99si-z%c9%99f%c9%99r-bayrami-t%c9%99dbirind%c9%99","status":"publish","type":"post","link":"https:\/\/fedai.az\/?p=100698","title":{"rendered":"AVMV\u0130B T\u0259rt\u0259r rayon \u015f\u00f6b\u0259si Z\u0259f\u0259r Bayram\u0131 t\u0259dbirind\u0259"},"content":{"rendered":"\n<p>7 noyabr 2024 ci il tarixd\u0259 T\u0259rt\u0259r rayon R\u00f6v\u015f\u0259n S\u0259f\u0259rov ad\u0131na Sarcal\u0131 k\u0259nd tam orta m\u0259kt\u0259bind\u0259 8 noyabr &#171;Z\u0259f\u0259r G\u00fcn\u00fc &#187; m\u00fcnasib\u0259ti il\u0259 AVMV\u0130B T\u0259rt\u0259r rayon \u015f\u00f6b\u0259sinin i\u015ftirak\u0131 il\u0259 t\u0259dbir ke\u00e7rilmi\u015fdir. T\u0259dbird\u0259 \u015e\u0259hid ail\u0259l\u0259ri, Veteranlar i\u015ftirak etmi\u015fl\u0259r. T\u0259dbirin y\u00fcks\u0259k s\u0259viyy\u0259d\u0259 t\u0259\u015fkilin\u0259 g\u00f6r\u0259 m\u0259kt\u0259bin kollektivin\u0259, ba\u015fda m\u0259kt\u0259b direktoru V\u0259sil\u0259 m\u00fc\u0259llim\u0259 olmaqla t\u0259\u015f\u0259kk\u00fcr edilmi\u015f, m\u00fc\u0259llim v\u0259 \u015fagirdl\u0259r &#171;Z\u0259f\u0259r Bayram\u0131 m\u00fcnasib\u0259ti il\u0259 \u00e7\u0131x\u0131\u015flar etmi\u015fl\u0259r.<\/p>\n\n\n\n<p><strong>AVMV\u0130B M\u0259tbuat xidm\u0259ti<br><em>AVMV\u0130B T\u0259rt\u0259r rayon \u015f\u00f6b\u0259sinin s\u0259dri \u00c7ingiz \u0130sayev<\/em><\/strong><\/p>\n\n\n\n<a href=\"https:\/\/postimg.cc\/TKbskYnG\" target=\"_blank\" rel=\"noopener\"><img decoding=\"async\" src=\"https:\/\/i.postimg.cc\/Z5sh5WR9\/Whats-App-Image-2024-11-07-at-21-41-26.jpg\" alt=\"Whats-App-Image-2024-11-07-at-21-41-26\"\/><\/a><br\/><br\/>\n\n","protected":false},"excerpt":{"rendered":"<p>7 noyabr 2024 ci il tarixd\u0259 T\u0259rt\u0259r rayon R\u00f6v\u015f\u0259n S\u0259f\u0259rov ad\u0131na Sarcal\u0131 k\u0259nd tam orta m\u0259kt\u0259bind\u0259 8 noyabr &#171;Z\u0259f\u0259r G\u00fcn\u00fc &#187; m\u00fcnasib\u0259ti il\u0259 AVMV\u0130B<\/p>\n","protected":false},"author":2,"featured_media":100699,"comment_status":"closed","ping_status":"closed","sticky":false,"template":"","format":"standard","meta":{"footnotes":""},"categories":[5],"tags":[],"class_list":["post-100698","post","type-post","status-publish","format-standard","has-post-thumbnail","hentry","category-veteran"],"aioseo_notices":[],"_links":{"self":[{"href":"https:\/\/fedai.az\/index.php?rest_route=\/wp\/v2\/posts\/100698","targetHints":{"allow":["GET"]}}],"collection":[{"href":"https:\/\/fedai.az\/index.php?rest_route=\/wp\/v2\/posts"}],"about":[{"href":"https:\/\/fedai.az\/index.php?rest_route=\/wp\/v2\/types\/post"}],"author":[{"embeddable":true,"href":"https:\/\/fedai.az\/index.php?rest_route=\/wp\/v2\/users\/2"}],"replies":[{"embeddable":true,"href":"https:\/\/fedai.az\/index.php?rest_route=%2Fwp%2Fv2%2Fcomments&post=100698"}],"version-history":[{"count":1,"href":"https:\/\/fedai.az\/index.php?rest_route=\/wp\/v2\/posts\/100698\/revisions"}],"predecessor-version":[{"id":100700,"href":"https:\/\/fedai.az\/index.php?rest_route=\/wp\/v2\/posts\/100698\/revisions\/100700"}],"wp:featuredmedia":[{"embeddable":true,"href":"https:\/\/fedai.az\/index.php?rest_route=\/wp\/v2\/media\/100699"}],"wp:attachment":[{"href":"https:\/\/fedai.az\/index.php?rest_route=%2Fwp%2Fv2%2Fmedia&parent=100698"}],"wp:term":[{"taxonomy":"category","embeddable":true,"href":"https:\/\/fedai.az\/index.php?rest_route=%2Fwp%2Fv2%2Fcategories&post=100698"},{"taxonomy":"post_tag","embeddable":true,"href":"https:\/\/fedai.az\/index.php?rest_route=%2Fwp%2Fv2%2Ftags&post=100698"}],"curies":[{"name":"wp","href":"https:\/\/api.w.org\/{rel}","templated":true}]}}