{"id":10072,"date":"2020-07-15T17:03:43","date_gmt":"2020-07-15T13:03:43","guid":{"rendered":"http:\/\/fedai.az\/?p=10072"},"modified":"2020-07-15T17:04:04","modified_gmt":"2020-07-15T13:04:04","slug":"dusm%c9%99n-sevinm%c9%99sin-biz-bir-olub-min-dirilirik-s%c9%99hid-generalin-dostu","status":"publish","type":"post","link":"https:\/\/fedai.az\/?p=10072","title":{"rendered":"&#171;D\u00fc\u015fm\u0259n sevinm\u0259sin, biz bir \u00f6l\u00fcb min dirilirik&#187; &#8212; \u015e\u0259hid general\u0131n dostu"},"content":{"rendered":"\n<p><strong>\u015e\u0259hid general-mayorumuz Polad H\u0259\u015fimovun 32 illik dostu, sinif yolda\u015f\u0131 R\u00f6v\u015f\u0259n M\u0259mm\u0259dov m\u0259rhumla ba\u011fl\u0131 xatir\u0259l\u0259rini Xeberle.com-la b\u00f6l\u00fc\u015f\u00fcb.<\/strong><\/p>\n\n\n\n<figure class=\"wp-block-image size-large is-resized\"><img loading=\"lazy\" decoding=\"async\" src=\"http:\/\/fedai.az\/wp-content\/uploads\/2020\/07\/1594798961_20200715_114401.jpg\" alt=\"\" class=\"wp-image-10073\" width=\"541\" height=\"374\"\/><\/figure>\n\n\n\n<p>Q\u0259hr\u0259m\u0259ncas\u0131na h\u0259lak olan general\u0131m\u0131z\u0131n sinif yolda\u015f\u0131 onun dan\u0131\u015fma\u011f\u0131n \u00e7ox \u00e7\u0259tin v\u0259 m\u0259suliyy\u0259tli oldu\u011funu, Polad H\u0259\u015fimovun v\u0259t\u0259nini, mill\u0259tini, xalq\u0131n\u0131, d\u00f6vl\u0259t\u00e7ilik prinsipl\u0259rini h\u0259r \u015feyd\u0259n \u00fcst\u00fcn tutan bir zabit, insan oldu\u011funu qeyd edib: &#171;Polad f\u0259xr edil\u0259si, q\u00fcrur duyulas\u0131 Az\u0259rbaycan v\u0259t\u0259nda\u015f\u0131, V\u0259t\u0259n \u00f6vlad\u0131 idi. Bu g\u00fcn s\u00f6z\u00fcn h\u0259qiqi m\u0259nas\u0131nda bar\u0259sind\u0259 dan\u0131\u015fmaq m\u0259nim \u00fc\u00e7\u00fcn \u00e7ox \u00e7\u0259tindir. <\/p>\n\n\n\n<p>Polad kimi \u0259ziz dostu, qarda\u015f\u0131, 32 illik sirda\u015f\u0131 itirm\u0259k m\u0259nim \u00fc\u00e7\u00fcn xeyli d\u0259r\u0259c\u0259d\u0259 a\u011f\u0131rd\u0131r. Polad \u00f6mr\u00fcn\u00fcn 30 ilini v\u0259t\u0259nin m\u00fcdafi\u0259sin\u0259\u00a0 h\u0259sr etmi\u015fdi. C\u0259bh\u0259 b\u00f6lg\u0259sind\u0259 xidm\u0259t ed\u0259n zabitl\u0259rd\u0259n olub. 2016- c\u0131 ilin aprel d\u00f6y\u00fc\u015fl\u0259rind\u0259 g\u00f6st\u0259rdiyi q\u0259hr\u0259manl\u0131q v\u0259 \u015f\u00fcca\u0259t tarix\u0259 yaz\u0131las\u0131 bir xidm\u0259tdir. C\u0259nab prezidentin f\u0259rman\u0131 il\u0259 aprel d\u00f6y\u00fc\u015fl\u0259rind\u0259n sonra Tal\u0131\u015f istiqam\u0259tind\u0259 g\u00f6st\u0259rdiyi q\u0259hr\u0259manl\u0131qlara g\u00f6r\u0259\u00a0 &#171;\u0130gidliy\u0259 G\u00f6r\u0259&#187; medal\u0131 il\u0259 t\u0259ltif edilmi\u015fdir. O, bundan sonra da dostlar\u0131n\u0131n q\u0259lbind\u0259 ya\u015fayacaq. Polad kimi dostumuz oldu\u011funa g\u00f6r\u0259 f\u0259xr edirik.\u00a0D\u00fc\u015fm\u0259n sevinm\u0259sin, \u0259ksin\u0259 bilsin ki, biz bir \u00f6l\u00fcb min dirilirik.Polad kimi minl\u0259rl\u0259 v\u0259t\u0259nini sev\u0259n, v\u0259t\u0259n u\u011frunda can\u0131n\u0131 f\u0259da ed\u0259c\u0259k o\u011fullar var. Polad\u0131n ruhu \u015fad olacaq. Bu g\u00fcn \u015f\u0259hid olan o\u011fullar\u0131n ruhu o zaman rahat olacaq ki, torpaqlar\u0131m\u0131z d\u00fc\u015fm\u0259n tapda\u011f\u0131ndan azad olunacaq. <\/p>\n\n\n\n<p><strong>C\u0259nab Ali Ba\u015f Komandan \u0130lham \u018fliyevin \u0259traf\u0131nda s\u0131x birl\u0259\u015f\u0259r\u0259k, i\u015f\u011fal alt\u0131nda olan torpaqlar\u0131m\u0131z\u0131 tezlikl\u0259 azad ed\u0259c\u0259yik v\u0259 d\u00fc\u015fm\u0259n\u0259 olan nifr\u0259timizi bir daha g\u00f6st\u0259r\u0259c\u0259yik. Ruhun \u015fad olsun qarda\u015f\u0131m, \u015e\u0259hidlik zirv\u0259sind\u0259s\u0259n. \u018fzizl\u0259rin\u0259, ail\u0259n\u0259 v\u0259 b\u00fct\u00fcn dostlar\u0131m\u0131za s\u0259br dil\u0259yir\u0259m!\u201d<\/strong><\/p>\n","protected":false},"excerpt":{"rendered":"<p>\u015e\u0259hid general-mayorumuz Polad H\u0259\u015fimovun 32 illik dostu, sinif yolda\u015f\u0131 R\u00f6v\u015f\u0259n M\u0259mm\u0259dov m\u0259rhumla ba\u011fl\u0131 xatir\u0259l\u0259rini Xeberle.com-la b\u00f6l\u00fc\u015f\u00fcb. Q\u0259hr\u0259m\u0259ncas\u0131na h\u0259lak olan general\u0131m\u0131z\u0131n sinif yolda\u015f\u0131 onun dan\u0131\u015fma\u011f\u0131n<\/p>\n","protected":false},"author":2,"featured_media":10059,"comment_status":"closed","ping_status":"closed","sticky":false,"template":"","format":"standard","meta":{"footnotes":""},"categories":[3],"tags":[],"class_list":["post-10072","post","type-post","status-publish","format-standard","has-post-thumbnail","hentry","category-gundm"],"aioseo_notices":[],"_links":{"self":[{"href":"https:\/\/fedai.az\/index.php?rest_route=\/wp\/v2\/posts\/10072","targetHints":{"allow":["GET"]}}],"collection":[{"href":"https:\/\/fedai.az\/index.php?rest_route=\/wp\/v2\/posts"}],"about":[{"href":"https:\/\/fedai.az\/index.php?rest_route=\/wp\/v2\/types\/post"}],"author":[{"embeddable":true,"href":"https:\/\/fedai.az\/index.php?rest_route=\/wp\/v2\/users\/2"}],"replies":[{"embeddable":true,"href":"https:\/\/fedai.az\/index.php?rest_route=%2Fwp%2Fv2%2Fcomments&post=10072"}],"version-history":[{"count":2,"href":"https:\/\/fedai.az\/index.php?rest_route=\/wp\/v2\/posts\/10072\/revisions"}],"predecessor-version":[{"id":10075,"href":"https:\/\/fedai.az\/index.php?rest_route=\/wp\/v2\/posts\/10072\/revisions\/10075"}],"wp:featuredmedia":[{"embeddable":true,"href":"https:\/\/fedai.az\/index.php?rest_route=\/wp\/v2\/media\/10059"}],"wp:attachment":[{"href":"https:\/\/fedai.az\/index.php?rest_route=%2Fwp%2Fv2%2Fmedia&parent=10072"}],"wp:term":[{"taxonomy":"category","embeddable":true,"href":"https:\/\/fedai.az\/index.php?rest_route=%2Fwp%2Fv2%2Fcategories&post=10072"},{"taxonomy":"post_tag","embeddable":true,"href":"https:\/\/fedai.az\/index.php?rest_route=%2Fwp%2Fv2%2Ftags&post=10072"}],"curies":[{"name":"wp","href":"https:\/\/api.w.org\/{rel}","templated":true}]}}