{"id":100741,"date":"2023-11-09T18:30:00","date_gmt":"2023-11-09T14:30:00","guid":{"rendered":"https:\/\/fedai.az\/?p=100741"},"modified":"2024-11-09T18:33:13","modified_gmt":"2024-11-09T14:33:13","slug":"biz-tarix-yazmagi-bacardiq-video","status":"publish","type":"post","link":"https:\/\/fedai.az\/?p=100741","title":{"rendered":"\u201cBiz tarix yazma\u011f\u0131 bacard\u0131q\u201d \u2013 V\u0130DEO"},"content":{"rendered":"\n<p>09.11.2024\u00a0&#8212;\u00a009:01<\/p>\n\n\n\n<p>\u201c8 noyabr son 200 ild\u0259 Az\u0259rbaycan\u0131n apard\u0131\u011f\u0131 azadl\u0131q m\u00fcbariz\u0259sinin simvolu oldu.\u201d- bu fikirl\u0259ri Real Televiziyas\u0131n\u0131n efirind\u0259 Mill\u0259t v\u0259kili Cavan\u015fir Feyziyev bildirib. Mill\u0259t v\u0259kili qeyd edib ki, 200 il \u0259rzind\u0259 Az\u0259rbaycan m\u00fc\u0259yy\u0259n siyasi t\u0259lat\u00fcml\u0259r n\u0259tic\u0259sind\u0259 \u00f6z torpaqlar\u0131n\u0131n bir hiss\u0259sini itirib.<\/p>\n\n\n\n<p>\u201cLakin 8 Noyabda biz \u00f6z torpaqlar\u0131m\u0131z\u0131 d\u00fc\u015fm\u0259n i\u015f\u011fal\u0131ndan azad etm\u0259kl\u0259 bir tarix yazd\u0131q.\u201d \u2013 dey\u0259 Cavan\u015fir Feyziyev bildirib.<\/p>\n\n\n\n<p>Daha \u0259trafl\u0131 videoda:<\/p>\n\n\n\n<figure class=\"wp-block-embed is-type-video is-provider-youtube wp-block-embed-youtube wp-embed-aspect-16-9 wp-has-aspect-ratio\"><div class=\"wp-block-embed__wrapper\">\n<iframe loading=\"lazy\" title=\"Mill\u0259t v\u0259kili Cavan\u015fir Feyziyev Real TV-d\u0259 yay\u0131mlanan \u201cReal T\u0259dqiqat\u201d verli\u015finin qona\u011f\u0131 olub\" width=\"715\" height=\"402\" src=\"https:\/\/www.youtube.com\/embed\/pgj1Bw3LxUY?feature=oembed\" frameborder=\"0\" allow=\"accelerometer; autoplay; clipboard-write; encrypted-media; gyroscope; picture-in-picture; web-share\" referrerpolicy=\"strict-origin-when-cross-origin\" allowfullscreen><\/iframe>\n<\/div><\/figure>\n\n\n\n<p><a href=\"https:\/\/ulusal.az\/elaqe\"><\/a><\/p>\n\n\n\n<p><a href=\"https:\/\/ulusal.az\/elaqe\"><\/a><\/p>\n","protected":false},"excerpt":{"rendered":"<p>09.11.2024\u00a0&#8212;\u00a009:01 \u201c8 noyabr son 200 ild\u0259 Az\u0259rbaycan\u0131n apard\u0131\u011f\u0131 azadl\u0131q m\u00fcbariz\u0259sinin simvolu oldu.\u201d- bu fikirl\u0259ri Real Televiziyas\u0131n\u0131n efirind\u0259 Mill\u0259t v\u0259kili Cavan\u015fir Feyziyev bildirib. Mill\u0259t v\u0259kili<\/p>\n","protected":false},"author":2,"featured_media":100625,"comment_status":"closed","ping_status":"closed","sticky":false,"template":"","format":"standard","meta":{"footnotes":""},"categories":[1],"tags":[],"class_list":["post-100741","post","type-post","status-publish","format-standard","has-post-thumbnail","hentry","category-siyast"],"aioseo_notices":[],"_links":{"self":[{"href":"https:\/\/fedai.az\/index.php?rest_route=\/wp\/v2\/posts\/100741","targetHints":{"allow":["GET"]}}],"collection":[{"href":"https:\/\/fedai.az\/index.php?rest_route=\/wp\/v2\/posts"}],"about":[{"href":"https:\/\/fedai.az\/index.php?rest_route=\/wp\/v2\/types\/post"}],"author":[{"embeddable":true,"href":"https:\/\/fedai.az\/index.php?rest_route=\/wp\/v2\/users\/2"}],"replies":[{"embeddable":true,"href":"https:\/\/fedai.az\/index.php?rest_route=%2Fwp%2Fv2%2Fcomments&post=100741"}],"version-history":[{"count":2,"href":"https:\/\/fedai.az\/index.php?rest_route=\/wp\/v2\/posts\/100741\/revisions"}],"predecessor-version":[{"id":100744,"href":"https:\/\/fedai.az\/index.php?rest_route=\/wp\/v2\/posts\/100741\/revisions\/100744"}],"wp:featuredmedia":[{"embeddable":true,"href":"https:\/\/fedai.az\/index.php?rest_route=\/wp\/v2\/media\/100625"}],"wp:attachment":[{"href":"https:\/\/fedai.az\/index.php?rest_route=%2Fwp%2Fv2%2Fmedia&parent=100741"}],"wp:term":[{"taxonomy":"category","embeddable":true,"href":"https:\/\/fedai.az\/index.php?rest_route=%2Fwp%2Fv2%2Fcategories&post=100741"},{"taxonomy":"post_tag","embeddable":true,"href":"https:\/\/fedai.az\/index.php?rest_route=%2Fwp%2Fv2%2Ftags&post=100741"}],"curies":[{"name":"wp","href":"https:\/\/api.w.org\/{rel}","templated":true}]}}