{"id":100745,"date":"2023-11-09T18:33:00","date_gmt":"2023-11-09T14:33:00","guid":{"rendered":"https:\/\/fedai.az\/?p=100745"},"modified":"2024-11-09T18:35:04","modified_gmt":"2024-11-09T14:35:04","slug":"bir-k%c9%99r%c9%99-yuks%c9%99l%c9%99n-bayraq-cavansir-feyziyev-yazir","status":"publish","type":"post","link":"https:\/\/fedai.az\/?p=100745","title":{"rendered":"Bir k\u0259r\u0259 y\u00fcks\u0259l\u0259n Bayraq \u2013 Cavan\u015fir Feyziyev yaz\u0131r\u2026"},"content":{"rendered":"\n<p>09.11.2024<\/p>\n\n\n\n<p>V\u0259t\u0259ni olan, d\u00f6vl\u0259ti olan h\u0259r bir \u015f\u0259xsin \u015f\u00fcurunda v\u0259 \u00fcr\u0259yind\u0259 u\u011frunda \u00f6lm\u0259y\u0259 haz\u0131r oldu\u011fu bir bayraq var. Bu bayraq h\u0259mi\u015f\u0259 azadl\u0131q v\u0259 istiqlal u\u011frunda m\u00fcq\u0259dd\u0259s sava\u015fa ged\u0259nl\u0259rin ba\u015f\u0131 \u00fcst\u00fcnd\u0259 dal\u011falan\u0131r.<\/p>\n\n\n\n<p>Bizim d\u0259 can\u0131m\u0131z q\u0259d\u0259r sevdiyimiz bayra\u011f\u0131m\u0131z v\u0259 bu bayra\u011f\u0131n \u015f\u0259r\u0259find\u0259 \u00fcmumxalq bayram\u0131 elan olunmu\u015f tariximiz var. Noyabr\u0131n 9-u D\u00f6vl\u0259t Bayra\u011f\u0131 G\u00fcn\u00fcd\u00fcr. Bayraq da torpaq kimi, u\u011frunda \u00f6l\u0259nl\u0259rin tap\u0131nd\u0131\u011f\u0131, \u015f\u0259hidl\u0259rimizin b\u00fcr\u00fcnd\u00fcy\u00fc m\u00fcq\u0259dd\u0259s bir varl\u0131qd\u0131r.<br>\u00dc\u00e7r\u0259ngli D\u00f6vl\u0259t Bayra\u011f\u0131m\u0131z ilk d\u0259f\u0259 1918-ci il noyabr\u0131n 9-da Bak\u0131da, Az\u0259rbaycan Xalq C\u00fcmhuriyy\u0259ti h\u00f6kum\u0259tinin iclas\u0131nda q\u0259bul edilib v\u0259 iclas\u0131n ke\u00e7irildiyi Nazirl\u0259r \u015euras\u0131n\u0131n binas\u0131 \u00fcz\u0259rind\u0259 qald\u0131r\u0131l\u0131b. \u201cBir k\u0259r\u0259 y\u00fcks\u0259l\u0259n bayraq bir daha enm\u0259z\u201d dey\u0259n M\u0259h\u0259mm\u0259d \u018fmin R\u0259sul\u00adzad\u0259 bu bayra\u011f\u0131 Az\u0259rbaycan xalq\u0131na miras qoydu.<br>Az sonra bayra\u011f\u0131m\u0131z\u0131 binalar\u0131m\u0131z\u0131n \u00fcz\u0259rind\u0259n endirs\u0259l\u0259r d\u0259 bu bayraq \u0259traf\u0131nda birl\u0259\u015f\u0259n milyonlarla insan\u0131n \u00fcr\u0259yind\u0259n \u00e7\u0131xara bilm\u0259dil\u0259r. 70 il sonra, 1990-c\u0131 il noyabr\u0131n 17-d\u0259 Heyd\u0259r \u018fliyevin s\u0259drliyi il\u0259 ke\u00e7iril\u0259n Nax\u00e7\u0131van Muxtar Respublikas\u0131 Ali M\u0259clisinin sessiyas\u0131nda Az\u0259rbaycan Xalq C\u00fcmhuriyy\u0259tinin \u00fc\u00e7\u00adr\u0259ngli bayra\u011f\u0131 muxtar respublikan\u0131n bayra\u011f\u0131 kimi q\u0259bul olundu.<br>1991-ci il fevral\u0131n 5-d\u0259 is\u0259 \u00fc\u00e7r\u0259ngli bayra\u011f\u0131m\u0131z Az\u0259rbaycan Respublikas\u0131n\u0131n Ali Soveti t\u0259r\u0259find\u0259n t\u0259sdiq olundu. 2009-cu il noyabr\u0131n 17-d\u0259 Az\u0259rbaycan Prezidenti \u0130lham \u018fliyev D\u00f6vl\u0259t Bayra\u011f\u0131 G\u00fcn\u00fcn\u00fcn t\u0259sis edilm\u0259si il\u0259 ba\u011fl\u0131 s\u0259r\u0259ncam imzalad\u0131. S\u0259r\u0259ncama g\u00f6r\u0259, noyabr\u0131n 9-u \u00f6lk\u0259mizd\u0259 D\u00f6vl\u0259t Bayra\u011f\u0131 G\u00fcn\u00fc elan edildi. Bel\u0259c\u0259 xalq \u00f6z \u0130stiqlal bayra\u011f\u0131na qovu\u015fdu.<br>Bayraq m\u0259nliyimdir, bayraq kimliyim,<br>Bayraq \u00f6z yurduma \u00f6z hakimliyim.<br>\u0130stiqlal \u015fairimiz B\u0259xtiyar Vahabzad\u0259 bu iki misrada bayra\u011f\u0131m\u0131z\u0131n \u0259n d\u0259rin m\u0259n\u0259vi d\u0259y\u0259rini ifad\u0259 edib. Babalar\u0131m\u0131zdan miras qalan, \u015f\u0259hidl\u0259rimizin v\u0259 qazil\u0259rimizin qanl\u0131 d\u00f6y\u00fc\u015fl\u0259rd\u0259n ke\u00e7irib ba\u015f\u0131m\u0131z \u00fcst\u00fcnd\u0259 ucaltd\u0131\u011f\u0131 Az\u0259rbaycan bayra\u011f\u0131 xalq\u0131m\u0131z\u0131n bu q\u0259hr\u0259manl\u0131\u011f\u0131n\u0131 b\u00fct\u00fcn d\u00fcnyaya tan\u0131td\u0131ran kimliyimizdir. Bayraq milli identikliyimizin ni\u015fan\u0131d\u0131r.<br>\u018fn m\u00fcq\u0259dd\u0259s r\u0259mzl\u0259rd\u0259n biri say\u0131lan bayraq bir mill\u0259tin varl\u0131\u011f\u0131n\u0131n, m\u00f6vcudlu\u011funun s\u00fcbutu, m\u00fcst\u0259qil d\u00f6vl\u0259t\u0259 sahib \u00e7\u0131xmaq bacar\u0131\u011f\u0131n\u0131n \u0259sas g\u00f6st\u0259ricisidir. Onun ucal\u0131\u011f\u0131n\u0131, b\u00f6y\u00fckl\u00fcy\u00fcn\u00fc, m\u00fcq\u0259dd\u0259sliyini dil\u0259 g\u0259tir\u0259n Ulu \u00f6nd\u0259r Heyd\u0259r \u018fliyev \u201cAz\u0259rbaycan D\u00f6vl\u0259tinin Bayra\u011f\u0131 g\u0259r\u0259k h\u0259r bir ail\u0259nin h\u0259yat\u0131n\u0131n \u0259ziz bir hiss\u0259si olsun!\u201d \u2013 dey\u0259r\u0259k, h\u0259l\u0259 o zaman h\u0259r bir az\u0259rbaycanl\u0131n\u0131 bu m\u00fcq\u0259dd\u0259s bayraq \u0259traf\u0131nda birl\u0259\u015fm\u0259y\u0259 \u00e7a\u011f\u0131rm\u0131\u015fd\u0131. O deyirdi: \u201cBiz \u00f6z himnimizi, bayra\u011f\u0131m\u0131z\u0131 \u00f6z\u00fcm\u00fcz q\u0259d\u0259r sevm\u0259liyik. \u00c7\u00fcnki bu, bizim V\u0259t\u0259nimiz\u0259, mill\u0259timiz\u0259, d\u00f6vl\u0259timiz\u0259 olan s\u0259daq\u0259t, sevgi v\u0259 m\u0259h\u0259bb\u0259tin r\u0259mzidir.\u201d<br>\u00dc\u00e7r\u0259ngli bayra\u011f\u0131m\u0131z haqq\u0131nda b\u00f6y\u00fck m\u0259h\u0259bb\u0259tl\u0259 dan\u0131\u015fan Heyd\u0259r \u018fliyev deyirdi: \u201cKim Az\u0259rbaycan\u0131 sevirs\u0259, kim Az\u0259rbaycan\u0131n m\u00fcst\u0259qil d\u00f6vl\u0259t olmas\u0131n\u0131 ist\u0259yirs\u0259, kim Az\u0259rbaycan\u0131n i\u015f\u011fal olunmu\u015f torpaqlar\u0131n\u0131n azad olunmas\u0131n\u0131 ist\u0259yirs\u0259, kim Az\u0259rbaycan\u0131n \u0259razi b\u00fct\u00f6vl\u00fcy\u00fcn\u00fc ist\u0259yirs\u0259, o, bu bayraq alt\u0131nda birl\u0259\u015fm\u0259lidir\u201d. Bayra\u011f\u0131m\u0131z\u0131n b\u00fct\u00fcn i\u015f\u011fal olunmu\u015f torpaqlar\u0131m\u0131zda dal\u011falanaca\u011f\u0131na \u0259min oldu\u011funu d\u00f6n\u0259-d\u00f6n\u0259 vur\u011fulayan Heyd\u0259r \u018fliyev bel\u0259c\u0259 xalq\u0131n m\u00fcbariz\u0259 \u0259zmini m\u0259tinl\u0259\u015fdirir, q\u0259l\u0259b\u0259 inam\u0131n\u0131 m\u00f6hk\u0259ml\u0259ndirirdi.<br>Az\u0259rbaycan xalq\u0131 \u00f6z bayraq sevgisini d\u00f6y\u00fc\u015f c\u0259bh\u0259l\u0259rind\u0259 g\u00f6st\u0259rdi. On minl\u0259rl\u0259 g\u0259nc bu bayra\u011fa sar\u0131laraq \u201cD\u0259mir Yumruq\u201d \u0259traf\u0131nda birl\u0259\u015fdi. Ali Ba\u015f Komandan \u0130lham \u018fliyevin bir \u00e7a\u011f\u0131r\u0131\u015f\u0131na cavab olaraq d\u00fc\u015fm\u0259n \u00fcst\u00fcn\u0259 yeridi, i\u015f\u011fal alt\u0131nda qalan torpaqlar\u0131m\u0131z\u0131 azad etdi. Bu bayraq alt\u0131nda g\u0259nc o\u011fullar\u0131m\u0131z azadl\u0131q v\u0259 m\u00fcst\u0259qillik u\u011frunda can verdil\u0259r, amma bayra\u011f\u0131m\u0131z\u0131 enm\u0259y\u0259 qoymad\u0131lar. Onu Az\u0259rbaycan \u0259razisinin h\u0259r bir gu\u015f\u0259sind\u0259 dal\u011faland\u0131rd\u0131lar. Allah b\u00fct\u00fcn \u015f\u0259hidl\u0259rimiz\u0259 r\u0259hm\u0259t el\u0259sin!<br>Bu g\u00fcn Az\u0259rbaycan\u0131n Bayra\u011f\u0131 \u015eu\u015fada, Xank\u0259ndid\u0259 v\u0259 b\u00fct\u00fcn i\u015f\u011fala m\u0259ruz qalm\u0131\u015f torpaqlar\u0131m\u0131zda q\u00fcrurla dal\u011falanmaqdad\u0131r. Prezident \u0130lham \u018fliyevin dediyi kimi, \u201cAz\u0259rbaycan Xalq C\u00fcmhuriyy\u0259tinin yadigar\u0131 olan bu bayraq bizim azadl\u0131q m\u0259fkur\u0259sin\u0259, milli-m\u0259n\u0259vi d\u0259y\u0259rl\u0259r\u0259 v\u0259 \u00fcmumb\u0259\u015f\u0259ri ideallara sadiqliyimizi n\u00fcmayi\u015f etdirir\u201d.<br>Bu bayraq daim ba\u015f\u0131m\u0131z\u0131n \u00fcst\u00fcnd\u0259 olacaq, Az\u0259rbaycan varl\u0131\u011f\u0131n\u0131, Az\u0259rbaycan d\u00f6vl\u0259tinin g\u00fcc\u00fcn\u00fc v\u0259 q\u00fcdr\u0259tini b\u00fct\u00fcn d\u00fcnyaya tan\u0131td\u0131racaq!<br>Bayra\u011f\u0131m\u0131z h\u0259mi\u015f\u0259 uca olsun!<br><strong>Cavan\u015fir FEYZ\u0130YEV,<\/strong><br><strong>Milli M\u0259clisin deputat\u0131<\/strong><a href=\"https:\/\/ulusal.az\/elaqe\"><\/a><\/p>\n","protected":false},"excerpt":{"rendered":"<p>09.11.2024 V\u0259t\u0259ni olan, d\u00f6vl\u0259ti olan h\u0259r bir \u015f\u0259xsin \u015f\u00fcurunda v\u0259 \u00fcr\u0259yind\u0259 u\u011frunda \u00f6lm\u0259y\u0259 haz\u0131r oldu\u011fu bir bayraq var. Bu bayraq h\u0259mi\u015f\u0259 azadl\u0131q v\u0259 istiqlal<\/p>\n","protected":false},"author":2,"featured_media":0,"comment_status":"closed","ping_status":"closed","sticky":false,"template":"","format":"standard","meta":{"footnotes":""},"categories":[3],"tags":[],"class_list":["post-100745","post","type-post","status-publish","format-standard","hentry","category-gundm"],"aioseo_notices":[],"_links":{"self":[{"href":"https:\/\/fedai.az\/index.php?rest_route=\/wp\/v2\/posts\/100745","targetHints":{"allow":["GET"]}}],"collection":[{"href":"https:\/\/fedai.az\/index.php?rest_route=\/wp\/v2\/posts"}],"about":[{"href":"https:\/\/fedai.az\/index.php?rest_route=\/wp\/v2\/types\/post"}],"author":[{"embeddable":true,"href":"https:\/\/fedai.az\/index.php?rest_route=\/wp\/v2\/users\/2"}],"replies":[{"embeddable":true,"href":"https:\/\/fedai.az\/index.php?rest_route=%2Fwp%2Fv2%2Fcomments&post=100745"}],"version-history":[{"count":1,"href":"https:\/\/fedai.az\/index.php?rest_route=\/wp\/v2\/posts\/100745\/revisions"}],"predecessor-version":[{"id":100746,"href":"https:\/\/fedai.az\/index.php?rest_route=\/wp\/v2\/posts\/100745\/revisions\/100746"}],"wp:attachment":[{"href":"https:\/\/fedai.az\/index.php?rest_route=%2Fwp%2Fv2%2Fmedia&parent=100745"}],"wp:term":[{"taxonomy":"category","embeddable":true,"href":"https:\/\/fedai.az\/index.php?rest_route=%2Fwp%2Fv2%2Fcategories&post=100745"},{"taxonomy":"post_tag","embeddable":true,"href":"https:\/\/fedai.az\/index.php?rest_route=%2Fwp%2Fv2%2Ftags&post=100745"}],"curies":[{"name":"wp","href":"https:\/\/api.w.org\/{rel}","templated":true}]}}