{"id":10076,"date":"2020-07-15T17:33:16","date_gmt":"2020-07-15T13:33:16","guid":{"rendered":"http:\/\/fedai.az\/?p=10076"},"modified":"2020-07-15T18:16:38","modified_gmt":"2020-07-15T14:16:38","slug":"daha-bir-doyuscu-haqqa-yurudu","status":"publish","type":"post","link":"https:\/\/fedai.az\/?p=10076","title":{"rendered":"Daha bir d\u00f6y\u00fc\u015f\u00e7\u00fc Haqqa y\u00fcr\u00fcd\u00fc"},"content":{"rendered":"\n<p>Tovuz rayonunda ilk m\u00fcdafi\u0259 d\u0259st\u0259l\u0259rinin yaranmasinda b\u00f6y\u00fck rolu olmu\u015f, rayon \u0259razisind\u0259 ged\u0259n b\u00fct\u00fcn d\u00f6y\u00fc\u015fl\u0259rd\u0259 m\u0259rdlikl\u0259 vuru\u015fmu\u015f, Boz Qurd Asif kimi tan\u0131lan<strong> Sad\u0131qov Asif Binn\u0259t o\u011flu <\/strong>bu gec\u0259 son olaylara \u00fcr\u0259yi tab g\u0259tirm\u0259di, haqq\u0131n r\u0259hm\u0259tin\u0259 qovu\u015fdu. <\/p>\n\n\n\n<p>Allah r\u0259hm\u0259t el\u0259sin, m\u0259kan\u0131 c\u0259nn\u0259t olsun!<\/p>\n\n\n\n<p><strong>Leyla H\u0259s\u0259nova<\/strong><\/p>\n\n\n\n<figure class=\"wp-block-image size-large\"><img loading=\"lazy\" decoding=\"async\" width=\"720\" height=\"720\" src=\"http:\/\/fedai.az\/wp-content\/uploads\/2020\/07\/109369277_4130702283667899_7113395272599129560_n.jpg\" alt=\"\" class=\"wp-image-10077\" srcset=\"https:\/\/fedai.az\/wp-content\/uploads\/2020\/07\/109369277_4130702283667899_7113395272599129560_n.jpg 720w, https:\/\/fedai.az\/wp-content\/uploads\/2020\/07\/109369277_4130702283667899_7113395272599129560_n-300x300.jpg 300w, https:\/\/fedai.az\/wp-content\/uploads\/2020\/07\/109369277_4130702283667899_7113395272599129560_n-150x150.jpg 150w, https:\/\/fedai.az\/wp-content\/uploads\/2020\/07\/109369277_4130702283667899_7113395272599129560_n-215x215.jpg 215w\" sizes=\"auto, (max-width: 720px) 100vw, 720px\" \/><\/figure>\n\n\n\n<p><strong>AVMV\u0130B R\u0259hb\u0259rliyi v\u0259 AVMV\u0130B Tovuz rayon \u015f\u00f6b\u0259si, d\u00f6y\u00fc\u015f yolda\u015flar\u0131<\/strong>\u00a0<strong>Asif Sad\u0131qovun<\/strong> (<strong>Boz Qurd<\/strong>) <strong>v\u0259fat\u0131ndan k\u0259d\u0259rl\u0259ndikl\u0259rini bildirir v\u0259 d\u0259rin h\u00fcznl\u0259 ba\u015fsa\u011fl\u0131\u011f\u0131 verirl\u0259r.<\/strong><\/p>\n\n\n\n<p><strong>Allah r\u0259hm\u0259t el\u0259sin!<\/strong><\/p>\n\n\n\n<p><strong>M\u0259kan\u0131 c\u0259nn\u0259t olsun!<\/strong><\/p>\n","protected":false},"excerpt":{"rendered":"<p>Tovuz rayonunda ilk m\u00fcdafi\u0259 d\u0259st\u0259l\u0259rinin yaranmasinda b\u00f6y\u00fck rolu olmu\u015f, rayon \u0259razisind\u0259 ged\u0259n b\u00fct\u00fcn d\u00f6y\u00fc\u015fl\u0259rd\u0259 m\u0259rdlikl\u0259 vuru\u015fmu\u015f, Boz Qurd Asif kimi tan\u0131lan Sad\u0131qov Asif Binn\u0259t<\/p>\n","protected":false},"author":2,"featured_media":9172,"comment_status":"closed","ping_status":"closed","sticky":false,"template":"","format":"standard","meta":{"footnotes":""},"categories":[5],"tags":[],"class_list":["post-10076","post","type-post","status-publish","format-standard","has-post-thumbnail","hentry","category-veteran"],"aioseo_notices":[],"_links":{"self":[{"href":"https:\/\/fedai.az\/index.php?rest_route=\/wp\/v2\/posts\/10076","targetHints":{"allow":["GET"]}}],"collection":[{"href":"https:\/\/fedai.az\/index.php?rest_route=\/wp\/v2\/posts"}],"about":[{"href":"https:\/\/fedai.az\/index.php?rest_route=\/wp\/v2\/types\/post"}],"author":[{"embeddable":true,"href":"https:\/\/fedai.az\/index.php?rest_route=\/wp\/v2\/users\/2"}],"replies":[{"embeddable":true,"href":"https:\/\/fedai.az\/index.php?rest_route=%2Fwp%2Fv2%2Fcomments&post=10076"}],"version-history":[{"count":5,"href":"https:\/\/fedai.az\/index.php?rest_route=\/wp\/v2\/posts\/10076\/revisions"}],"predecessor-version":[{"id":10082,"href":"https:\/\/fedai.az\/index.php?rest_route=\/wp\/v2\/posts\/10076\/revisions\/10082"}],"wp:featuredmedia":[{"embeddable":true,"href":"https:\/\/fedai.az\/index.php?rest_route=\/wp\/v2\/media\/9172"}],"wp:attachment":[{"href":"https:\/\/fedai.az\/index.php?rest_route=%2Fwp%2Fv2%2Fmedia&parent=10076"}],"wp:term":[{"taxonomy":"category","embeddable":true,"href":"https:\/\/fedai.az\/index.php?rest_route=%2Fwp%2Fv2%2Fcategories&post=10076"},{"taxonomy":"post_tag","embeddable":true,"href":"https:\/\/fedai.az\/index.php?rest_route=%2Fwp%2Fv2%2Ftags&post=10076"}],"curies":[{"name":"wp","href":"https:\/\/api.w.org\/{rel}","templated":true}]}}