{"id":100867,"date":"2024-11-20T19:47:02","date_gmt":"2024-11-20T15:47:02","guid":{"rendered":"https:\/\/fedai.az\/?p=100867"},"modified":"2024-11-20T20:02:25","modified_gmt":"2024-11-20T16:02:25","slug":"avmvib-veteranlari-qarak%c9%99nd-faci%c9%99si-qurbanlarinin-anim-gunund%c9%99","status":"publish","type":"post","link":"https:\/\/fedai.az\/?p=100867","title":{"rendered":"AVMV\u0130B veteranlar\u0131 Qarak\u0259nd faci\u0259si qurbanlar\u0131n\u0131n An\u0131m G\u00fcn\u00fcnd\u0259"},"content":{"rendered":"\n<p>1991-ci il noyabr\u0131n 20-d\u0259 Xocav\u0259nd rayonunun Qarak\u0259nd k\u0259ndinin yax\u0131nl\u0131\u011f\u0131nda Az\u0259rbaycana m\u0259xsus \u201cMi-8\u201d h\u0259rbi vertolyotu erm\u0259ni silahl\u0131 quldurlar\u0131 t\u0259r\u0259find\u0259n vurulub. Faci\u0259 n\u0259tic\u0259sind\u0259 Az\u0259rbaycan\u0131n bir s\u0131ra d\u00f6vl\u0259t m\u0259murlar\u0131, mill\u0259t v\u0259kill\u0259ri h\u0259lak oldular. Az\u0259rbaycan Respublikas\u0131n\u0131n D\u00f6vl\u0259t katibi Tofiq \u0130smay\u0131lov, Ba\u015f prokuror \u0130sm\u0259t Qay\u0131bov, D\u00f6vl\u0259t m\u00fc\u015faviri, sabiq daxili i\u015fl\u0259r naziri general-mayor M\u0259h\u0259mm\u0259d \u018fs\u0259dov, mill\u0259t v\u0259kill\u0259ri Vaqif C\u0259f\u0259rov v\u0259 V\u0259li M\u0259mm\u0259dov, Ba\u015f nazirin m\u00fcavini Z\u00fclf\u00fc Hac\u0131yev, Prezident Aparat\u0131n\u0131n \u015f\u00f6b\u0259 m\u00fcdiri v\u0259 jurnalist Osman Mirz\u0259yev, Qazax\u0131stan Respublikas\u0131 Daxili \u0130\u015fl\u0259r nazirinin m\u00fcavini Saylau Serikov, Az\u0259rbaycan D\u00f6vl\u0259t Televiziyas\u0131n\u0131n jurnalisti Al\u0131 Mustafayev \u015f\u0259hid oldular. \u00dcmumilikd\u0259 q\u0259za n\u0259tic\u0259sind\u0259 22 n\u0259f\u0259r h\u0259lak olub.<\/p>\n\n\n\n<p>20 noyabr 2024-c\u00fc il tarixind\u0259 \u015f\u0259hidl\u0259rinin \u0259ziz xatir\u0259sini yad etm\u0259k \u00fc\u00e7\u00fcn ail\u0259 \u00fczvl\u0259ri, Az\u0259rbaycan V\u0259t\u0259n M\u00fcharib\u0259si Veteranlar\u0131 \u0130ctimai Birliyinin veteranlar\u0131, general-mayor M\u0259h\u0259mm\u0259d \u018fs\u0259dovun yaratd\u0131\u011f\u0131 X\u00fcsusi T\u0259yinatl\u0131 Milis D\u0259st\u0259sinin veteranlar\u0131 F\u0259xri xiyabanda An\u0131m g\u00fcn\u00fcnd\u0259 i\u015ftirak etdil\u0259r. X\u0259tai rayonunda yerl\u0259\u015f\u0259n general-mayor M\u0259h\u0259mm\u0259d \u018fs\u0259dov ad\u0131na 29 sayl\u0131 tam orta m\u0259kt\u0259bd\u0259 \u015f\u0259hidin b\u00fcst\u00fc qar\u015f\u0131s\u0131nda X\u00fcsusi T\u0259yinatl\u0131 Milis D\u0259st\u0259sinin veteranlar\u0131 t\u0259r\u0259find\u0259 \u0259klil qoyuldu. Dualar oxundu.<\/p>\n\n\n\n<p>Az\u0259rbaycan V\u0259t\u0259n M\u00fcharib\u0259si Veteranlar\u0131 \u0130ctimai Birliyi Qarak\u0259nd faci\u0259si n\u0259tic\u0259sind\u0259 h\u0259lak olanlara Allahdan r\u0259hm\u0259t dil\u0259yir!<\/p>\n\n\n\n<p><strong>AVMV\u0130B M\u0259tbuat xidm\u0259ti<\/strong><\/p>\n\n\n\n<a href=\"https:\/\/postimages.org\/\" target=\"_blank\"><img decoding=\"async\" src=\"https:\/\/i.postimg.cc\/sgpGs1Sf\/Whats-App-Image-2024-11-20-at-18-17-54.jpg\" alt=\"Whats-App-Image-2024-11-20-at-18-17-54\"\/><\/a><br\/><br\/>\n<a href=\"https:\/\/postimg.cc\/N9ms05j2\" target=\"_blank\"><img decoding=\"async\" src=\"https:\/\/i.postimg.cc\/fLgJBd4C\/Whats-App-Image-2024-11-20-at-18-17-54-1.jpg\" alt=\"Whats-App-Image-2024-11-20-at-18-17-54-1\"\/><\/a><br\/><br\/>\n<a href=\"https:\/\/postimg.cc\/bGKY8Qpj\" target=\"_blank\"><img decoding=\"async\" src=\"https:\/\/i.postimg.cc\/50tXB3rj\/Whats-App-Image-2024-11-20-at-18-17-55.jpg\" alt=\"Whats-App-Image-2024-11-20-at-18-17-55\"\/><\/a><br\/><br\/>\n<a href=\"https:\/\/postimg.cc\/NKCfJ3nF\" target=\"_blank\"><img decoding=\"async\" src=\"https:\/\/i.postimg.cc\/q74hR0Xs\/Whats-App-Image-2024-11-20-at-18-17-55-1.jpg\" alt=\"Whats-App-Image-2024-11-20-at-18-17-55-1\"\/><\/a><br\/><br\/>\n<a href=\"https:\/\/postimg.cc\/rRGwfK62\" target=\"_blank\"><img decoding=\"async\" src=\"https:\/\/i.postimg.cc\/D0H4yXB0\/Whats-App-Image-2024-11-20-at-18-17-55-2.jpg\" alt=\"Whats-App-Image-2024-11-20-at-18-17-55-2\"\/><\/a><br\/><br\/>\n<a href=\"https:\/\/postimg.cc\/2Vm6VFvk\" target=\"_blank\"><img decoding=\"async\" src=\"https:\/\/i.postimg.cc\/02KJXVyw\/Whats-App-Image-2024-11-20-at-18-17-56.jpg\" alt=\"Whats-App-Image-2024-11-20-at-18-17-56\"\/><\/a><br\/><br\/>\n<a href=\"https:\/\/postimg.cc\/kDWGJh2Y\" target=\"_blank\"><img decoding=\"async\" src=\"https:\/\/i.postimg.cc\/RCDHTk4m\/Whats-App-Image-2024-11-20-at-18-17-56-1.jpg\" alt=\"Whats-App-Image-2024-11-20-at-18-17-56-1\"\/><\/a><br\/><br\/>\n<a href=\"https:\/\/postimg.cc\/LnTsfYBz\" target=\"_blank\"><img decoding=\"async\" src=\"https:\/\/i.postimg.cc\/6ps4kC81\/Whats-App-Image-2024-11-20-at-18-17-56-2.jpg\" alt=\"Whats-App-Image-2024-11-20-at-18-17-56-2\"\/><\/a><br\/><br\/>\n\n","protected":false},"excerpt":{"rendered":"<p>1991-ci il noyabr\u0131n 20-d\u0259 Xocav\u0259nd rayonunun Qarak\u0259nd k\u0259ndinin yax\u0131nl\u0131\u011f\u0131nda Az\u0259rbaycana m\u0259xsus \u201cMi-8\u201d h\u0259rbi vertolyotu erm\u0259ni silahl\u0131 quldurlar\u0131 t\u0259r\u0259find\u0259n vurulub. Faci\u0259 n\u0259tic\u0259sind\u0259 Az\u0259rbaycan\u0131n bir s\u0131ra<\/p>\n","protected":false},"author":2,"featured_media":100868,"comment_status":"closed","ping_status":"closed","sticky":false,"template":"","format":"standard","meta":{"footnotes":""},"categories":[5],"tags":[],"class_list":["post-100867","post","type-post","status-publish","format-standard","has-post-thumbnail","hentry","category-veteran"],"aioseo_notices":[],"_links":{"self":[{"href":"https:\/\/fedai.az\/index.php?rest_route=\/wp\/v2\/posts\/100867","targetHints":{"allow":["GET"]}}],"collection":[{"href":"https:\/\/fedai.az\/index.php?rest_route=\/wp\/v2\/posts"}],"about":[{"href":"https:\/\/fedai.az\/index.php?rest_route=\/wp\/v2\/types\/post"}],"author":[{"embeddable":true,"href":"https:\/\/fedai.az\/index.php?rest_route=\/wp\/v2\/users\/2"}],"replies":[{"embeddable":true,"href":"https:\/\/fedai.az\/index.php?rest_route=%2Fwp%2Fv2%2Fcomments&post=100867"}],"version-history":[{"count":2,"href":"https:\/\/fedai.az\/index.php?rest_route=\/wp\/v2\/posts\/100867\/revisions"}],"predecessor-version":[{"id":100870,"href":"https:\/\/fedai.az\/index.php?rest_route=\/wp\/v2\/posts\/100867\/revisions\/100870"}],"wp:featuredmedia":[{"embeddable":true,"href":"https:\/\/fedai.az\/index.php?rest_route=\/wp\/v2\/media\/100868"}],"wp:attachment":[{"href":"https:\/\/fedai.az\/index.php?rest_route=%2Fwp%2Fv2%2Fmedia&parent=100867"}],"wp:term":[{"taxonomy":"category","embeddable":true,"href":"https:\/\/fedai.az\/index.php?rest_route=%2Fwp%2Fv2%2Fcategories&post=100867"},{"taxonomy":"post_tag","embeddable":true,"href":"https:\/\/fedai.az\/index.php?rest_route=%2Fwp%2Fv2%2Ftags&post=100867"}],"curies":[{"name":"wp","href":"https:\/\/api.w.org\/{rel}","templated":true}]}}