{"id":100871,"date":"2024-11-21T19:34:31","date_gmt":"2024-11-21T15:34:31","guid":{"rendered":"https:\/\/fedai.az\/?p=100871"},"modified":"2024-11-21T19:34:31","modified_gmt":"2024-11-21T15:34:31","slug":"s%c9%99hid-eliheyd%c9%99r-s%c9%99lah%c9%99ddin-oglu-huseynlinin-anim-gunu-kecirildi","status":"publish","type":"post","link":"https:\/\/fedai.az\/?p=100871","title":{"rendered":"\u015e\u0259hid \u018fliheyd\u0259r S\u0259lah\u0259ddin o\u011flu H\u00fcseynlinin An\u0131m G\u00fcn\u00fc ke\u00e7irildi"},"content":{"rendered":"\n<p>V\u0259t\u0259n torpa\u011f\u0131 yaln\u0131z onun u\u011frunda can\u0131n\u0131 f\u0259da ed\u0259n m\u0259rd o\u011fullar say\u0259sind\u0259 m\u00fcq\u0259dd\u0259s olur. \u015e\u0259hidlik is\u0259 \u0259n uca zirv\u0259dir, Tanr\u0131 qat\u0131na y\u00fcks\u0259li\u015fdir. Bu g\u00fcn V\u0259t\u0259n u\u011frunda can\u0131n\u0131 qurban vermi\u015f igid \u015f\u0259hidimiz, \u018fliheyd\u0259r S\u0259lah\u0259ddin o\u011flu H\u00fcseynlinin \u015f\u0259had\u0259t\u0259 qovu\u015fmas\u0131n\u0131n 4-c\u00fc ild\u00f6n\u00fcm\u00fc il\u0259 ba\u011fl\u0131 onun m\u00fcq\u0259dd\u0259s ruhuna ehtiram g\u00f6st\u0259ril\u0259n An\u0131m G\u00fcn\u00fc ke\u00e7irildi.<\/p>\n\n\n\n<p>\u018fliheyd\u0259r S\u0259lah\u0259ddin o\u011flu H\u00fcseynli 1994-ci ild\u0259 A\u011fstafa rayonunun Q\u0131rl\u0131 k\u0259ndind\u0259 d\u00fcnyaya g\u0259lmi\u015fdir. H\u0259l\u0259 u\u015faql\u0131q ill\u0259rind\u0259n onun ruhunda v\u0259t\u0259np\u0259rv\u0259rlik, torpa\u011fa sevgi, v\u0259t\u0259nda\u015fl\u0131q hissl\u0259ri k\u00f6k salm\u0131\u015fd\u0131. Valideynl\u0259rinin v\u0259 m\u00fc\u0259lliml\u0259rinin dedikl\u0259rin\u0259 g\u00f6r\u0259, \u018fliheyd\u0259r \u00f6z\u00fcnd\u0259 qorxmazl\u0131q, m\u0259rdlik v\u0259 f\u0259dakarl\u0131q kimi x\u00fcsusiyy\u0259tl\u0259ri erk\u0259n ya\u015flardan n\u00fcmayi\u015f etdirirdi. Bu y\u00fcks\u0259k d\u0259y\u0259rl\u0259r ona h\u0259yatda \u0259n b\u00f6y\u00fck amal\u0131 &#8212; V\u0259t\u0259n u\u011frunda d\u00f6y\u00fc\u015fm\u0259k kimi m\u00fcq\u0259dd\u0259s bir yol se\u00e7m\u0259y\u0259 ilham vermi\u015fdir.<\/p>\n\n\n\n<p>\u018fliheyd\u0259r 2020-ci ild\u0259 ba\u015flayan V\u0259t\u0259n M\u00fcharib\u0259sinin ilk g\u00fcnl\u0259rind\u0259n k\u00f6n\u00fcll\u00fc olaraq d\u00f6y\u00fc\u015f\u0259 qat\u0131ld\u0131. F\u00fczuli, C\u0259bray\u0131l, Qubadl\u0131 v\u0259 Xocav\u0259nd istiqam\u0259tind\u0259 ged\u0259n a\u011f\u0131r d\u00f6y\u00fc\u015fl\u0259rd\u0259 b\u00f6y\u00fck \u015f\u00fcca\u0259t v\u0259 c\u0259sar\u0259t g\u00f6st\u0259r\u0259r\u0259k \u00f6z\u00fcn\u00fc f\u0259rql\u0259ndirdi. Onun q\u0259hr\u0259manl\u0131q dolu f\u0259aliyy\u0259ti d\u00f6y\u00fc\u015f yolda\u015flar\u0131 v\u0259 komandirl\u0259ri t\u0259r\u0259find\u0259n y\u00fcks\u0259k qiym\u0259tl\u0259ndirilirdi.<\/p>\n\n\n\n<p>2020-ci ilin noyabr ay\u0131n\u0131n 7-d\u0259 Xocav\u0259nd istiqam\u0259tind\u0259 apar\u0131lan d\u00f6y\u00fc\u015fl\u0259rd\u0259 \u018fliheyd\u0259r q\u0259hr\u0259mancas\u0131na h\u0259lak oldu. O, \u015f\u0259hidlik zirv\u0259sin\u0259 y\u00fcks\u0259l\u0259r\u0259k, \u00f6z qan\u0131 il\u0259 Az\u0259rbaycan\u0131n m\u00fcst\u0259qillik v\u0259 \u0259razi b\u00fct\u00f6vl\u00fcy\u00fc u\u011frunda yeni bir dastan yazd\u0131.<\/p>\n\n\n\n<p>\u018fliheyd\u0259r S\u0259lah\u0259ddin o\u011flu H\u00fcseynli \u00f6z xidm\u0259tl\u0259rin\u0259 g\u00f6r\u0259 Az\u0259rbaycan Respublikas\u0131n\u0131n Prezidenti t\u0259r\u0259find\u0259n &#171;Xocav\u0259ndin azad olunmas\u0131na g\u00f6r\u0259&#187; v\u0259 &#171;F\u00fczulinin azad olunmas\u0131na g\u00f6r\u0259&#187; medallar\u0131 il\u0259 t\u0259ltif olunmu\u015fdur. Onun ad\u0131 yaln\u0131z ail\u0259sinin deyil, b\u00fct\u00f6v bir xalq\u0131n q\u0259lbind\u0259 \u0259b\u0259di ya\u015fay\u0131r.<\/p>\n\n\n\n<p>Bu g\u00fcn A\u011fstafa rayonunda t\u0259\u015fkil olunan An\u0131m G\u00fcn\u00fcnd\u0259 \u015f\u0259hidimizin xatir\u0259si b\u00f6y\u00fck ehtiramla yad edildi. Ziyar\u0259t m\u0259rasimind\u0259 A\u011fstafa Rayon \u0130cra Hakimiyy\u0259tinin n\u00fcmay\u0259nd\u0259l\u0259ri, Az\u0259rbaycan V\u0259t\u0259n M\u00fcharib\u0259si Veteranlar\u0131 \u0130ctimai Birliyinin A\u011fstafa \u015f\u00f6b\u0259sinin s\u0259dri v\u0259 \u00fczvl\u0259ri, qazil\u0259r, m\u00fcharib\u0259 i\u015ftirak\u00e7\u0131lar\u0131, \u015f\u0259hidin ail\u0259si, yax\u0131nlar\u0131, m\u00fc\u0259lliml\u0259ri v\u0259 dostlar\u0131 i\u015ftirak etdil\u0259r. M\u0259zar ba\u015f\u0131nda m\u00fcq\u0259dd\u0259s dualar oxundu, \u015f\u0259hidimizin ruhu \u015fad edilm\u0259k \u00fc\u00e7\u00fcn ehsan s\u00fcfr\u0259si a\u00e7\u0131ld\u0131.<\/p>\n\n\n\n<p><strong>AVMV\u0130B M\u0259tbuat xidm\u0259ti<\/strong><\/p>\n\n\n\n<a href=\"https:\/\/postimg.cc\/YGFnXrRB\" target=\"_blank\"><img decoding=\"async\" src=\"https:\/\/i.postimg.cc\/B6Yrnt1b\/Whats-App-Image-2024-11-21-at-18-00-21.jpg\" alt=\"Whats-App-Image-2024-11-21-at-18-00-21\"\/><\/a><br\/><br\/>\n<a href=\"https:\/\/postimg.cc\/NySC791x\" target=\"_blank\"><img decoding=\"async\" src=\"https:\/\/i.postimg.cc\/DZwVh10R\/Whats-App-Image-2024-11-21-at-18-01-26.jpg\" alt=\"Whats-App-Image-2024-11-21-at-18-01-26\"\/><\/a><br\/><br\/>\n\n","protected":false},"excerpt":{"rendered":"<p>V\u0259t\u0259n torpa\u011f\u0131 yaln\u0131z onun u\u011frunda can\u0131n\u0131 f\u0259da ed\u0259n m\u0259rd o\u011fullar say\u0259sind\u0259 m\u00fcq\u0259dd\u0259s olur. \u015e\u0259hidlik is\u0259 \u0259n uca zirv\u0259dir, Tanr\u0131 qat\u0131na y\u00fcks\u0259li\u015fdir. Bu g\u00fcn V\u0259t\u0259n<\/p>\n","protected":false},"author":2,"featured_media":100872,"comment_status":"closed","ping_status":"closed","sticky":false,"template":"","format":"standard","meta":{"footnotes":""},"categories":[5],"tags":[],"class_list":["post-100871","post","type-post","status-publish","format-standard","has-post-thumbnail","hentry","category-veteran"],"aioseo_notices":[],"_links":{"self":[{"href":"https:\/\/fedai.az\/index.php?rest_route=\/wp\/v2\/posts\/100871","targetHints":{"allow":["GET"]}}],"collection":[{"href":"https:\/\/fedai.az\/index.php?rest_route=\/wp\/v2\/posts"}],"about":[{"href":"https:\/\/fedai.az\/index.php?rest_route=\/wp\/v2\/types\/post"}],"author":[{"embeddable":true,"href":"https:\/\/fedai.az\/index.php?rest_route=\/wp\/v2\/users\/2"}],"replies":[{"embeddable":true,"href":"https:\/\/fedai.az\/index.php?rest_route=%2Fwp%2Fv2%2Fcomments&post=100871"}],"version-history":[{"count":1,"href":"https:\/\/fedai.az\/index.php?rest_route=\/wp\/v2\/posts\/100871\/revisions"}],"predecessor-version":[{"id":100873,"href":"https:\/\/fedai.az\/index.php?rest_route=\/wp\/v2\/posts\/100871\/revisions\/100873"}],"wp:featuredmedia":[{"embeddable":true,"href":"https:\/\/fedai.az\/index.php?rest_route=\/wp\/v2\/media\/100872"}],"wp:attachment":[{"href":"https:\/\/fedai.az\/index.php?rest_route=%2Fwp%2Fv2%2Fmedia&parent=100871"}],"wp:term":[{"taxonomy":"category","embeddable":true,"href":"https:\/\/fedai.az\/index.php?rest_route=%2Fwp%2Fv2%2Fcategories&post=100871"},{"taxonomy":"post_tag","embeddable":true,"href":"https:\/\/fedai.az\/index.php?rest_route=%2Fwp%2Fv2%2Ftags&post=100871"}],"curies":[{"name":"wp","href":"https:\/\/api.w.org\/{rel}","templated":true}]}}