{"id":100874,"date":"2024-11-21T21:14:27","date_gmt":"2024-11-21T17:14:27","guid":{"rendered":"https:\/\/fedai.az\/?p=100874"},"modified":"2024-11-21T21:14:28","modified_gmt":"2024-11-21T17:14:28","slug":"elillikl%c9%99-bagli-haqqi-catan-qanunvericiliy%c9%99-uygun-butun-hallar-d%c9%99y%c9%99rl%c9%99ndirilir-nazird%c9%99n-aciqlama","status":"publish","type":"post","link":"https:\/\/fedai.az\/?p=100874","title":{"rendered":"&#171;\u018flillikl\u0259 ba\u011fl\u0131 haqq\u0131 \u00e7atan, qanunvericiliy\u0259 uy\u011fun b\u00fct\u00fcn hallar d\u0259y\u0259rl\u0259ndirilir&#187; &#8212; Nazird\u0259n a\u00e7\u0131qlama"},"content":{"rendered":"\n<p><strong>\u201cM\u0259n inanm\u0131ram ki, Az\u0259rbaycan\u0131n b\u00fct\u00fcn x\u0259st\u0259xanalar\u0131 adekvat i\u015fl\u0259mir\u201d.<\/strong><\/p>\n\n\n\n<p>\u201cFedai.az\u201d x\u0259b\u0259r verir ki, bunu \u018fm\u0259k v\u0259 \u0259halinin sosial m\u00fcdafi\u0259si naziri Sahil Babayev Milli M\u0259clisin \u018fm\u0259k v\u0259 sosial siyas\u0259t, \u0130qtisadi siyas\u0259t, s\u0259naye v\u0259 sahibkarl\u0131q komit\u0259l\u0259rinin birg\u0259 iclas\u0131nda bildirib.<\/p>\n\n\n\n<p>\u201c\u018flilliyin t\u0259yin olunmas\u0131 prosedurlar\u0131n\u0131 bilirsiniz. V\u0259t\u0259nda\u015f x\u0259t\u0259xanada qeydiyyatdan ke\u00e7m\u0259li, orada m\u00fcayin\u0259 olunmal\u0131 v\u0259 s\u0259n\u0259dl\u0259r t\u0259qdim olunmal\u0131d\u0131r. Bizim t\u0259r\u0259fimizd\u0259n h\u0259r bir hal ara\u015fd\u0131r\u0131l\u0131r.&nbsp;<\/p>\n\n\n\n<p>Cari ild\u0259 40 mind\u0259n \u00e7ox \u015f\u0259xs\u0259 \u0259lillik t\u0259yin edilib. Bunun 50%-i ilkin \u0259lillik t\u0259yinat\u0131, 50%-i is\u0259 t\u0259krar \u0259lillik t\u0259yinat\u0131d\u0131r. \u018flillikl\u0259 ba\u011fl\u0131 bizim m\u00f6vqeyimiz birm\u0259nal\u0131d\u0131r. Haqq\u0131 \u00e7atan, qanunvericiliy\u0259 uy\u011fun b\u00fct\u00fcn hallar d\u0259y\u0259rl\u0259ndirilm\u0259li v\u0259 h\u0259min insanlar\u0131n \u0259lilliyi t\u0259yin olunmal\u0131d\u0131r. Amma saxta yollarla, \u0259sass\u0131z \u015f\u0259kild\u0259 \u0259lillikd\u0259n g\u0259lir yolu kimi istifad\u0259 edilm\u0259sin\u0259 icaz\u0259 verilm\u0259m\u0259lidir. Bunun qar\u015f\u0131s\u0131 ard\u0131c\u0131l olaraq al\u0131nacaq\u201d, &#8212; dey\u0259 nazir bildirib.<\/p>\n","protected":false},"excerpt":{"rendered":"<p>\u201cM\u0259n inanm\u0131ram ki, Az\u0259rbaycan\u0131n b\u00fct\u00fcn x\u0259st\u0259xanalar\u0131 adekvat i\u015fl\u0259mir\u201d. \u201cFedai.az\u201d x\u0259b\u0259r verir ki, bunu \u018fm\u0259k v\u0259 \u0259halinin sosial m\u00fcdafi\u0259si naziri Sahil Babayev Milli M\u0259clisin \u018fm\u0259k<\/p>\n","protected":false},"author":2,"featured_media":73930,"comment_status":"closed","ping_status":"closed","sticky":false,"template":"","format":"standard","meta":{"footnotes":""},"categories":[12],"tags":[],"class_list":["post-100874","post","type-post","status-publish","format-standard","has-post-thumbnail","hentry","category-sosial"],"aioseo_notices":[],"_links":{"self":[{"href":"https:\/\/fedai.az\/index.php?rest_route=\/wp\/v2\/posts\/100874","targetHints":{"allow":["GET"]}}],"collection":[{"href":"https:\/\/fedai.az\/index.php?rest_route=\/wp\/v2\/posts"}],"about":[{"href":"https:\/\/fedai.az\/index.php?rest_route=\/wp\/v2\/types\/post"}],"author":[{"embeddable":true,"href":"https:\/\/fedai.az\/index.php?rest_route=\/wp\/v2\/users\/2"}],"replies":[{"embeddable":true,"href":"https:\/\/fedai.az\/index.php?rest_route=%2Fwp%2Fv2%2Fcomments&post=100874"}],"version-history":[{"count":1,"href":"https:\/\/fedai.az\/index.php?rest_route=\/wp\/v2\/posts\/100874\/revisions"}],"predecessor-version":[{"id":100875,"href":"https:\/\/fedai.az\/index.php?rest_route=\/wp\/v2\/posts\/100874\/revisions\/100875"}],"wp:featuredmedia":[{"embeddable":true,"href":"https:\/\/fedai.az\/index.php?rest_route=\/wp\/v2\/media\/73930"}],"wp:attachment":[{"href":"https:\/\/fedai.az\/index.php?rest_route=%2Fwp%2Fv2%2Fmedia&parent=100874"}],"wp:term":[{"taxonomy":"category","embeddable":true,"href":"https:\/\/fedai.az\/index.php?rest_route=%2Fwp%2Fv2%2Fcategories&post=100874"},{"taxonomy":"post_tag","embeddable":true,"href":"https:\/\/fedai.az\/index.php?rest_route=%2Fwp%2Fv2%2Ftags&post=100874"}],"curies":[{"name":"wp","href":"https:\/\/api.w.org\/{rel}","templated":true}]}}