{"id":100897,"date":"2024-11-25T22:23:46","date_gmt":"2024-11-25T18:23:46","guid":{"rendered":"https:\/\/fedai.az\/?p=100897"},"modified":"2024-11-25T22:23:46","modified_gmt":"2024-11-25T18:23:46","slug":"h%c9%99rbi-ekspert-edal%c9%99t-verdiyev-h%c9%99bs-edildi","status":"publish","type":"post","link":"https:\/\/fedai.az\/?p=100897","title":{"rendered":"H\u0259rbi ekspert \u018fdal\u0259t Verdiyev h\u0259bs edildi"},"content":{"rendered":"\n<p>D\u00f6vl\u0259t sirri t\u0259\u015fkil ed\u0259n m\u0259lumatlar\u0131 yaymaqda t\u0259qsirl\u0259ndiril\u0259n h\u0259rbi ekspert \u018fdal\u0259t Verdiyev h\u0259bs edilib. Bu bar\u0259d\u0259 Ba\u015f Prokurorlu\u011fun M\u0259tbuat xidm\u0259tind\u0259n m\u0259lumat verilib. M\u0259lumatda qeyd edilib ki, media subyektl\u0259ri v\u0259 internet resurslar\u0131nda apar\u0131lan monitorinq zaman\u0131 bu ilin noyabr\u0131n 22-d\u0259 S\u0259hiyy\u0259 Nazirliyinin \u201c\u0130ctimai S\u0259hiyy\u0259 v\u0259 \u0130slahatlar M\u0259rk\u0259zi\u201d Publik H\u00fcquqi \u015e\u0259xsin m\u00fclki m\u00fcdafi\u0259 q\u0259rargah\u0131n\u0131n r\u0259isi v\u0259zif\u0259sind\u0259 i\u015fl\u0259y\u0259n, Az\u0259rbaycan Respublikas\u0131n\u0131n Silahl\u0131 Q\u00fcvv\u0259l\u0259rind\u0259 ixtisasl\u0131 zabit kimi h\u0259rbi xidm\u0259t ke\u00e7mi\u015f x\u00fcsusi s\u0259lahiyy\u0259t \u00fczr\u0259 h\u0259rbi-ekspert \u018fdal\u0259t Verdiyev t\u0259r\u0259find\u0259n d\u00f6vl\u0259t t\u0259hl\u00fck\u0259sizliyini v\u0259 m\u00fcdafi\u0259 qabiliyy\u0259tini t\u0259min ed\u0259n m\u0259nafel\u0259r\u0259 a\u011f\u0131r n\u0259tic\u0259l\u0259r\u0259 s\u0259b\u0259b olan m\u00fch\u00fcm z\u0259r\u0259r vurulmas\u0131 m\u00fc\u0259yy\u0259n olunub.<\/p>\n\n\n\n<p>Fakta g\u00f6r\u0259 cinay\u0259t i\u015fi ba\u015flanaraq ibtidai istintaq\u0131n apar\u0131lmas\u0131 Ba\u015f Prokurorlu\u011fun \u0130stintaq idar\u0259sin\u0259 h\u0259val\u0259 edilib.<\/p>\n\n\n\n<p>Ba\u015f prokurorlu\u011fun m\u0259lumat\u0131nda bildirilib ki, istintaqla, i\u015f\u011faldan azad olunmu\u015f \u0259razil\u0259r\u0259 noyabr\u0131n 22-d\u0259 t\u0259\u015fkil olunmu\u015f mediaturda h\u0259rbi-ekspert qismind\u0259 i\u015ftirak etmi\u015f \u018fdal\u0259t Verdiyevin Az\u0259rbaycan Respublikas\u0131n\u0131n Silahl\u0131 Q\u00fcvv\u0259l\u0259rinin d\u00f6y\u00fc\u015f m\u0259nt\u0259q\u0259l\u0259rinin yerl\u0259\u015fdiyi y\u00fcks\u0259klikl\u0259ri, s\u0259rh\u0259d qo\u015funlar\u0131n\u0131n dislokasiyas\u0131 yerl\u0259rini, koordinatlar\u0131n\u0131 v\u0259 \u0259m\u0259liyyat \u015f\u0259raitini n\u00fcmayi\u015f etdirib \u015f\u0259rhl\u0259r verm\u0259kl\u0259 video\u00e7\u0259kili\u015f apard\u0131qdan sonra h\u0259min videonu \u00f6z\u00fcn\u0259 m\u0259xsus sosial \u015f\u0259b\u0259k\u0259 hesab\u0131 vasit\u0259sil\u0259 qeyri-m\u0259hdud sayda izl\u0259yicil\u0259rin baxa bil\u0259c\u0259yi s\u0259viyy\u0259d\u0259 yaymas\u0131na, y\u0259ni \u00f6z qulluq s\u0259lahiyy\u0259tl\u0259rind\u0259n istifad\u0259 etm\u0259kl\u0259 Az\u0259rbaycan Respublikas\u0131n\u0131n qanunla qorunan d\u00f6vl\u0259t t\u0259hl\u00fck\u0259sizliyini v\u0259 m\u00fcdafi\u0259 qabiliyy\u0259tini t\u0259min ed\u0259n m\u0259nafel\u0259rin\u0259 a\u011f\u0131r n\u0259tic\u0259l\u0259r\u0259 s\u0259b\u0259b olan m\u00fch\u00fcm z\u0259r\u0259r vurmas\u0131na \u0259sasl\u0131 \u015f\u00fcbh\u0259l\u0259r m\u00fc\u0259yy\u0259n edilib.<\/p>\n\n\n\n<p>Toplanm\u0131\u015f s\u00fcbutlar \u0259sas\u0131nda \u018fdal\u0259t Verdiyev Cinay\u0259t M\u0259c\u0259ll\u0259sinin 284.1 (d\u00f6vl\u0259t sirrini yayma) v\u0259 308.2-ci (a\u011f\u0131r n\u0259tic\u0259l\u0259r\u0259 s\u0259b\u0259b olan v\u0259zif\u0259 s\u0259lahiyy\u0259tl\u0259rind\u0259n sui-istifad\u0259) madd\u0259l\u0259ri il\u0259 t\u0259qsirl\u0259ndiril\u0259n \u015f\u0259xs qismind\u0259 c\u0259lb edil\u0259r\u0259k bar\u0259sind\u0259 m\u00fcst\u0259ntiqin v\u0259sat\u0259ti v\u0259 ibtidai ara\u015fd\u0131rmaya prosessual r\u0259hb\u0259rliyi h\u0259yata ke\u00e7ir\u0259n prokurorun t\u0259qdimat\u0131 \u0259sas\u0131nda Bin\u0259q\u0259di rayon m\u0259hk\u0259m\u0259sinin q\u0259rar\u0131 il\u0259 h\u0259bs q\u0259timkan t\u0259dbiri se\u00e7ilib.<\/p>\n","protected":false},"excerpt":{"rendered":"<p>D\u00f6vl\u0259t sirri t\u0259\u015fkil ed\u0259n m\u0259lumatlar\u0131 yaymaqda t\u0259qsirl\u0259ndiril\u0259n h\u0259rbi ekspert \u018fdal\u0259t Verdiyev h\u0259bs edilib. Bu bar\u0259d\u0259 Ba\u015f Prokurorlu\u011fun M\u0259tbuat xidm\u0259tind\u0259n m\u0259lumat verilib. M\u0259lumatda qeyd edilib<\/p>\n","protected":false},"author":2,"featured_media":100898,"comment_status":"closed","ping_status":"closed","sticky":false,"template":"","format":"standard","meta":{"footnotes":""},"categories":[3],"tags":[],"class_list":["post-100897","post","type-post","status-publish","format-standard","has-post-thumbnail","hentry","category-gundm"],"aioseo_notices":[],"_links":{"self":[{"href":"https:\/\/fedai.az\/index.php?rest_route=\/wp\/v2\/posts\/100897","targetHints":{"allow":["GET"]}}],"collection":[{"href":"https:\/\/fedai.az\/index.php?rest_route=\/wp\/v2\/posts"}],"about":[{"href":"https:\/\/fedai.az\/index.php?rest_route=\/wp\/v2\/types\/post"}],"author":[{"embeddable":true,"href":"https:\/\/fedai.az\/index.php?rest_route=\/wp\/v2\/users\/2"}],"replies":[{"embeddable":true,"href":"https:\/\/fedai.az\/index.php?rest_route=%2Fwp%2Fv2%2Fcomments&post=100897"}],"version-history":[{"count":1,"href":"https:\/\/fedai.az\/index.php?rest_route=\/wp\/v2\/posts\/100897\/revisions"}],"predecessor-version":[{"id":100899,"href":"https:\/\/fedai.az\/index.php?rest_route=\/wp\/v2\/posts\/100897\/revisions\/100899"}],"wp:featuredmedia":[{"embeddable":true,"href":"https:\/\/fedai.az\/index.php?rest_route=\/wp\/v2\/media\/100898"}],"wp:attachment":[{"href":"https:\/\/fedai.az\/index.php?rest_route=%2Fwp%2Fv2%2Fmedia&parent=100897"}],"wp:term":[{"taxonomy":"category","embeddable":true,"href":"https:\/\/fedai.az\/index.php?rest_route=%2Fwp%2Fv2%2Fcategories&post=100897"},{"taxonomy":"post_tag","embeddable":true,"href":"https:\/\/fedai.az\/index.php?rest_route=%2Fwp%2Fv2%2Ftags&post=100897"}],"curies":[{"name":"wp","href":"https:\/\/api.w.org\/{rel}","templated":true}]}}