{"id":10095,"date":"2020-07-16T00:44:16","date_gmt":"2020-07-15T20:44:16","guid":{"rendered":"http:\/\/fedai.az\/?p=10095"},"modified":"2020-07-16T00:44:20","modified_gmt":"2020-07-15T20:44:20","slug":"m%c9%99mm%c9%99dyarovsayagi-qiyam-xarici-isl%c9%99r-naziri-itib","status":"publish","type":"post","link":"https:\/\/fedai.az\/?p=10095","title":{"rendered":"M\u0259mm\u0259dyarovsaya\u011f\u0131 qiyam: Xarici \u0130\u015fl\u0259r naziri &#171;itib&#187;"},"content":{"rendered":"\n<p><strong>Prezidentd\u0259n Elmar M\u0259mm\u0259dyarovla ba\u011fl\u0131 a\u00e7\u0131qlama: &#171;Xarici \u0130\u015fl\u0259r nazirini tapa bilm\u0259dim\u201d<\/strong><\/p>\n\n\n\n<p>\u201cM\u0259n demi\u015f\u0259m v\u0259 b\u00fct\u00fcn beyn\u0259lxalq t\u0259\u015fkilatlar, o c\u00fcml\u0259d\u0259n Minsk qrupunun h\u0259ms\u0259drl\u0259ri bunu bilirl\u0259r. Baxmayaraq, t\u0259xmin\u0259n son 17 il \u0259rzind\u0259 d\u0259f\u0259l\u0259rl\u0259 m\u0259n\u0259 t\u0259klifl\u0259r edilib ki, Erm\u0259nistanla hans\u0131sa formada \u0259m\u0259kda\u015fl\u0131\u011fa ba\u015flay\u0131n, &#8212; humanitar, etimad t\u0259dbirl\u0259rinin g\u00fccl\u0259ndirilm\u0259si v\u0259 dig\u0259r. M\u0259n demi\u015f\u0259m, biz buna haz\u0131r ola bil\u0259rik, ancaq biz dan\u0131\u015f\u0131qlar prosesind\u0259 t\u0259r\u0259qqi g\u00f6rm\u0259liyik. <\/p>\n\n\n\n<p>G\u00f6rm\u0259liyik ki, biz art\u0131q add\u0131m-add\u0131m s\u00fclh raz\u0131la\u015fmas\u0131na yax\u0131nla\u015f\u0131r\u0131q. \u018fg\u0259r bu yoxdursa, onda bu \u0259m\u0259kda\u015fl\u0131\u011f\u0131n n\u0259 m\u0259nas\u0131 var? Bu \u0259m\u0259kda\u015fl\u0131q ancaq bizim ziyan\u0131m\u0131za ola bil\u0259r. Bu g\u00fcn d\u0259 bu m\u00f6vqed\u0259y\u0259m. Gedin, i\u015f\u011fal\u00e7\u0131 d\u00f6vl\u0259t\u0259 t\u0259zyiq edin, ba\u015f\u0131na a\u011f\u0131l qoyun, n\u0259hay\u0259t, s\u00f6z\u00fcn\u00fcz\u00fc deyin ki, onlar bizim torpa\u011f\u0131m\u0131zdan \u00e7\u0131xmal\u0131d\u0131rlar. \u018fg\u0259r bu ba\u015f tutacaqsa v\u0259 bel\u0259 bir perspektiv real g\u00f6r\u00fcn\u0259c\u0259ks\u0259, b\u0259li, biz ondan sonra hans\u0131sa add\u0131mlar\u0131n at\u0131lmas\u0131n\u0131 t\u0259min ed\u0259 bil\u0259rik. Ancaq indiki \u015f\u0259raitd\u0259 Erm\u0259nistan\u0131n ba\u015f naziri deyir ki, \u201cQaraba\u011f Erm\u0259nistand\u0131r v\u0259 n\u00f6qt\u0259\u201d. M\u0259n buna cavab verir\u0259m. Xarici \u0130\u015fl\u0259r Nazirliyi hans\u0131sa s\u0259viyy\u0259d\u0259 buna cavab verib, yoxsa yox? M\u0259n e\u015fitm\u0259mi\u015f\u0259m, Az\u0259rbaycan xalq\u0131 da e\u015fitm\u0259yib\u201d.<\/p>\n\n\n\n<p>Prezident \u0130lham \u018fliyev Nazirl\u0259r Kabinetinin 2020-ci ilin birinci yar\u0131s\u0131n\u0131n sosial-iqtisadi inki\u015faf\u0131n\u0131n yekunlar\u0131na v\u0259 qar\u015f\u0131da duran v\u0259zif\u0259l\u0259r\u0259 h\u0259sr olunan iclasda bel\u0259 deyib.\u00d6lk\u0259mizin r\u0259hb\u0259ri daha sonra bir \u00e7ox maraql\u0131 m\u0259qamlara toxunub: \u201cBunu, ilk n\u00f6vb\u0259d\u0259, kim etm\u0259lidir? Xarici \u0130\u015fl\u0259r Nazirliyi, susur. M\u0259n demi\u015f\u0259m ki, dan\u0131\u015f\u0131qlar prosesind\u0259 t\u0259r\u0259qqi olmayana q\u0259d\u0259r Erm\u0259nistan il\u0259 h\u0259r hans\u0131 bir \u0259m\u0259kda\u015fl\u0131qdan s\u00f6hb\u0259t ged\u0259 bilm\u0259z. S\u0259n dem\u0259, COVID m\u00fczakir\u0259 olunur. Y\u0259ni, biz COVID-l\u0259 ba\u011fl\u0131 erm\u0259ni i\u015f\u011fal\u00e7\u0131lara k\u00f6m\u0259klikmi g\u00f6st\u0259rm\u0259liyik?! M\u0259n Az\u0259rbaycan xalq\u0131 il\u0259 b\u00fct\u00fcn vacib m\u0259s\u0259l\u0259l\u0259ri h\u0259m b\u00f6l\u00fc\u015f\u00fcr\u0259m, h\u0259m m\u0259sl\u0259h\u0259tl\u0259\u015fir\u0259m, h\u0259m \u00f6z fikirl\u0259rimi, \u00f6z siyas\u0259timi deyir\u0259m v\u0259 eyni zamanda, xalq\u0131 narahat ed\u0259n probleml\u0259ri d\u0259rind\u0259n t\u0259hlil edir\u0259m. T\u0259sad\u00fcf\u0259n deyilmir ki, xalq\u0131n g\u00f6z\u00fc t\u0259r\u0259zidir. Ona g\u00f6r\u0259, bizim hakimiyy\u0259t xalq hakimiyy\u0259tidir, xalq\u0131n irad\u0259sin\u0259 \u0259saslanan hakimiyy\u0259tdir. Ona g\u00f6r\u0259 m\u0259n b\u00fct\u00fcn bu suallar\u0131 \u00e7\u0131lpaql\u0131\u011f\u0131 il\u0259 ictimaiyy\u0259t\u0259 t\u0259qdim edir\u0259m. Bu son bir ne\u00e7\u0259 g\u00fcn \u0259rzind\u0259 ancaq m\u0259nim g\u00f6st\u0259ri\u015fl\u0259rim \u0259sas\u0131nda add\u0131mlar at\u0131l\u0131b. M\u0259nim k\u00f6m\u0259k\u00e7im Hikm\u0259t Hac\u0131yevl\u0259 g\u00fcnd\u0259 b\u0259lk\u0259 d\u0259 on d\u0259f\u0259 t\u0259masdayam, &#8212; onu bel\u0259 el\u0259, bunu bel\u0259 el\u0259, onu buna de, o t\u0259limat\u0131 buraya de.<\/p>\n\n\n\n<p>Xarici \u0130\u015fl\u0259r Nazirliyi n\u0259 il\u0259 m\u0259\u015f\u011ful idi? Harada idi? Ay\u0131n 12-d\u0259 hadis\u0259l\u0259r ba\u015f ver\u0259nd\u0259n sonra biz i\u015f yerind\u0259ydik. Ba\u015f Nazir i\u015f yerind\u0259, m\u0259n i\u015f yerind\u0259 s\u0259h\u0259r\u0259 q\u0259d\u0259r. M\u00fcdafi\u0259 naziri, Ba\u015f Q\u0259rargah r\u0259isi, h\u0259m\u00e7inin D\u00f6vl\u0259t T\u0259hl\u00fck\u0259sizlik Xidm\u0259tinin r\u0259isi, Daxili \u0130\u015fl\u0259r naziri, Xarici K\u0259\u015ffiyyat Xidm\u0259tinin r\u0259isi, T\u0259hl\u00fck\u0259sizlik \u015euras\u0131n\u0131n katibi gec\u0259 s\u0259h\u0259r\u0259 q\u0259d\u0259r i\u015f yerind\u0259. M\u0259n Xarici \u0130\u015fl\u0259r nazirini tapa bilm\u0259dim. M\u0259n \u018fli \u018fs\u0259dovdan soru\u015fdum, haradad\u0131r. S\u0259n\u0259 n\u0259 dedi? De\u201d \u2013dey\u0259 D\u00f6vl\u0259t ba\u015f\u00e7\u0131s\u0131 Ba\u015f Nazir \u018fli \u018fs\u0259dovdan soru\u015fub.<\/p>\n\n\n\n<p>Ba\u015f Nazir \u018fli \u018fs\u0259dov: <\/p>\n\n\n\n<p>&#8212; C\u0259nab Prezident, soru\u015fdum, dedi ki, m\u0259n evd\u0259n i\u015fl\u0259yir\u0259m.<\/p>\n\n\n\n<p>Prezident \u0130lham \u018fliyev:<\/p>\n\n\n\n<p> -Nec\u0259, evd\u0259n i\u015fl\u0259yir\u0259m?<\/p>\n\n\n\n<p>Ba\u015f Nazir \u018fli \u018fs\u0259dov:<\/p>\n\n\n\n<p> &#8212; B\u0259li, dedi ki, evd\u0259n i\u015fl\u0259yir\u0259m. M\u0259n Elmar M\u0259mm\u0259dyarova z\u0259ng etdim. Sizin dedikl\u0259rinizi ona dedim, soru\u015fdum ki, bu hadis\u0259ni s\u0259n n\u0259 vaxt e\u015fitmis\u0259n v\u0259 harada olmusan? Dedi, evd\u0259n i\u015fl\u0259mi\u015f\u0259m. Dedim, saatbasaat m\u0259n\u0259 de, harada olmusan? Yen\u0259 dedi ki, evd\u0259n i\u015fl\u0259mi\u015f\u0259m. G\u00fcnorta saat 3-d\u0259 e\u015fitmi\u015f\u0259m. Daha sonra dedi ki, t\u0259qrib\u0259n saat 6-da, 7-d\u0259 Hikm\u0259t Hac\u0131yevl\u0259 telefonla dan\u0131\u015f\u0131b. \u0130ndi Siz dediniz, Hikm\u0259t Hac\u0131yev Sizin t\u0259limatlar\u0131 ona \u00e7atd\u0131randan sonra deyib ki, bizim BMT-d\u0259ki n\u00fcmay\u0259nd\u0259miz Ya\u015far \u018fliyevl\u0259 dan\u0131\u015f\u0131b. Bax, bu q\u0259d\u0259r. M\u0259n Sizin verdiyiniz tap\u015f\u0131r\u0131qlar\u0131 ona \u00e7atd\u0131rd\u0131m, dedim ki, bel\u0259 olmaz. Biz ham\u0131m\u0131z i\u015f yerind\u0259yik. Prosesl\u0259ri c\u0259nab Prezident idar\u0259 edir. Xarici \u0130\u015fl\u0259r naziri olaraq s\u0259n bunu, bunu, bunu et &#8212; Sizin dediyiniz tap\u015f\u0131r\u0131qlar\u0131. Soru\u015fdum ki, evd\u0259 niy\u0259 i\u015fl\u0259yirsiniz? S\u0259n g\u0259l i\u015f yerin\u0259, kabinetin\u0259 v\u0259 s. Tap\u015f\u0131r\u0131q bel\u0259 oldu. Ondan sonra hadis\u0259l\u0259r m\u0259lumdur.<\/p>\n\n\n\n<p>Prezident \u0130lham \u018fliyev:<\/p>\n\n\n\n<p> &#8212; <strong>Ayd\u0131nd\u0131r. Daha d\u0259rin\u0259 getm\u0259k ist\u0259mir\u0259m. Bir \u00e7ox \u015fey dey\u0259 bil\u0259r\u0259m. Hesab edir\u0259m bu, kifay\u0259tdir. Ancaq biz ham\u0131m\u0131z \u2013 h\u0259m r\u0259hb\u0259r v\u0259zif\u0259l\u0259rd\u0259 olanlar v\u0259 ictimaiyy\u0259t bilm\u0259liyik real m\u0259nz\u0259r\u0259 n\u0259d\u0259n ibar\u0259tdir ki, d\u00fczg\u00fcn add\u0131mlar ataq. Biz h\u0259r g\u00fcn, h\u0259r d\u0259qiq\u0259 \u00f6lk\u0259mizin maraqlar\u0131n\u0131 qorumal\u0131y\u0131q.<\/strong><\/p>\n","protected":false},"excerpt":{"rendered":"<p>Prezidentd\u0259n Elmar M\u0259mm\u0259dyarovla ba\u011fl\u0131 a\u00e7\u0131qlama: &#171;Xarici \u0130\u015fl\u0259r nazirini tapa bilm\u0259dim\u201d \u201cM\u0259n demi\u015f\u0259m v\u0259 b\u00fct\u00fcn beyn\u0259lxalq t\u0259\u015fkilatlar, o c\u00fcml\u0259d\u0259n Minsk qrupunun h\u0259ms\u0259drl\u0259ri bunu bilirl\u0259r. Baxmayaraq,<\/p>\n","protected":false},"author":2,"featured_media":10096,"comment_status":"closed","ping_status":"closed","sticky":false,"template":"","format":"standard","meta":{"footnotes":""},"categories":[1],"tags":[],"class_list":["post-10095","post","type-post","status-publish","format-standard","has-post-thumbnail","hentry","category-siyast"],"aioseo_notices":[],"_links":{"self":[{"href":"https:\/\/fedai.az\/index.php?rest_route=\/wp\/v2\/posts\/10095","targetHints":{"allow":["GET"]}}],"collection":[{"href":"https:\/\/fedai.az\/index.php?rest_route=\/wp\/v2\/posts"}],"about":[{"href":"https:\/\/fedai.az\/index.php?rest_route=\/wp\/v2\/types\/post"}],"author":[{"embeddable":true,"href":"https:\/\/fedai.az\/index.php?rest_route=\/wp\/v2\/users\/2"}],"replies":[{"embeddable":true,"href":"https:\/\/fedai.az\/index.php?rest_route=%2Fwp%2Fv2%2Fcomments&post=10095"}],"version-history":[{"count":1,"href":"https:\/\/fedai.az\/index.php?rest_route=\/wp\/v2\/posts\/10095\/revisions"}],"predecessor-version":[{"id":10097,"href":"https:\/\/fedai.az\/index.php?rest_route=\/wp\/v2\/posts\/10095\/revisions\/10097"}],"wp:featuredmedia":[{"embeddable":true,"href":"https:\/\/fedai.az\/index.php?rest_route=\/wp\/v2\/media\/10096"}],"wp:attachment":[{"href":"https:\/\/fedai.az\/index.php?rest_route=%2Fwp%2Fv2%2Fmedia&parent=10095"}],"wp:term":[{"taxonomy":"category","embeddable":true,"href":"https:\/\/fedai.az\/index.php?rest_route=%2Fwp%2Fv2%2Fcategories&post=10095"},{"taxonomy":"post_tag","embeddable":true,"href":"https:\/\/fedai.az\/index.php?rest_route=%2Fwp%2Fv2%2Ftags&post=10095"}],"curies":[{"name":"wp","href":"https:\/\/api.w.org\/{rel}","templated":true}]}}