{"id":10098,"date":"2020-07-16T00:54:57","date_gmt":"2020-07-15T20:54:57","guid":{"rendered":"http:\/\/fedai.az\/?p=10098"},"modified":"2020-07-16T00:55:04","modified_gmt":"2020-07-15T20:55:04","slug":"ali-bas-komandan-sarsidici-z%c9%99rb%c9%99l%c9%99r-erm%c9%99nistan-ordusuna-yaxsi-d%c9%99rs-oldu","status":"publish","type":"post","link":"https:\/\/fedai.az\/?p=10098","title":{"rendered":"Ali Ba\u015f Komandan: \u201cSars\u0131d\u0131c\u0131 z\u0259rb\u0259l\u0259r Erm\u0259nistan ordusuna yax\u015f\u0131 d\u0259rs oldu\u201d"},"content":{"rendered":"\n<p><strong>Bu \u00e7irkin \u0259m\u0259ld\u0259n sonra m\u0259nim g\u00f6st\u0259ri\u015fiml\u0259 qisas \u0259m\u0259liyyat\u0131n\u0131n ikinci fazas\u0131 ba\u015flam\u0131\u015fd\u0131r.<\/strong><\/p>\n\n\n\n<p><strong>Fedai.az-\u0131n m\u0259lumat\u0131na g\u00f6r\u0259, bunu Prezident \u0130lham \u018fliyev iyulun 15-d\u0259 Nazirl\u0259r Kabinetinin 2020-ci ilin birinci yar\u0131s\u0131n\u0131n sosial-iqtisadi inki\u015faf\u0131n\u0131n yekunlar\u0131na v\u0259 qar\u015f\u0131da duran v\u0259zif\u0259l\u0259r\u0259 h\u0259sr olunan iclas\u0131nda nitqind\u0259 deyib.<\/strong><\/p>\n\n\n\n<p><strong>D\u00f6vl\u0259t ba\u015f\u00e7\u0131s\u0131 bildirib:<\/strong><\/p>\n\n\n\n<p>\u201cBildirm\u0259liy\u0259m ki, bu \u00e7irkin \u0259m\u0259ld\u0259n sonra m\u0259nim g\u00f6st\u0259ri\u015fiml\u0259 qisas \u0259m\u0259liyyat\u0131n\u0131n ikinci fazas\u0131 ba\u015flam\u0131\u015fd\u0131r. Son iki g\u00fcn \u0259rzind\u0259 d\u00fc\u015fm\u0259n\u0259 n\u00f6vb\u0259ti d\u0259f\u0259 sars\u0131d\u0131c\u0131 z\u0259rb\u0259l\u0259r endirildi. Bizd\u0259 olan m\u0259lumata g\u00f6r\u0259, onlarla erm\u0259ni h\u0259rb\u00e7i m\u0259hv edildi, onlar\u0131n s\u0259rh\u0259dboyu yerl\u0259\u015f\u0259n dayaq m\u0259nt\u0259q\u0259l\u0259rinin b\u00f6y\u00fck hiss\u0259si darmada\u011f\u0131n edildi. O c\u00fcml\u0259d\u0259n onlar\u0131n b\u0259han\u0259 kimi g\u0259tirdiyi m\u0259lum postun da b\u00fct\u00fcn infrastrukturu darmada\u011f\u0131n edildi, bu post art\u0131q m\u00f6vcud deyil. D\u00fc\u015fm\u0259nin texnikas\u0131, silah-sursat anbarlar\u0131, dayaq m\u0259nt\u0259q\u0259l\u0259ri, avtoma\u015f\u0131nlar, sisternl\u0259r, canl\u0131 q\u00fcvv\u0259nin yerl\u0259\u015fdiyi yerl\u0259r Az\u0259rbaycan Ordusu t\u0259r\u0259find\u0259n d\u0259qiq v\u0259 s\u0259rrast at\u0259\u015fl\u0259 m\u0259hv edilmi\u015fdir. \u018fm\u0259liyyat haqq\u0131nda bundan art\u0131q dem\u0259k ist\u0259m\u0259zdim. \u00c7\u00fcnki bu, h\u0259rbi sirdir, m\u0259xfi xarakter da\u015f\u0131y\u0131r. Ancaq biz b\u0259zi videog\u00f6r\u00fcnt\u00fcl\u0259ri payla\u015fd\u0131q. Bu videog\u00f6r\u00fcnt\u00fcl\u0259r Az\u0259rbaycan Ordusu t\u0259r\u0259find\u0259n ke\u00e7irilmi\u015f \u0259m\u0259liyyatlar\u0131n c\u00fczi bir hiss\u0259sidir. N\u0259 m\u00fcmk\u00fcn olubsa, onu g\u00f6st\u0259rmi\u015fik, hesab edir\u0259m ki, indiki m\u0259rh\u0259l\u0259d\u0259 bundan art\u0131q informasiya verm\u0259k d\u00fczg\u00fcn olmazd\u0131. Ancaq bu videos\u00fcjetl\u0259r a\u00e7\u0131q-ayd\u0131n g\u00f6st\u0259rir ki, d\u00fc\u015fm\u0259nin infrastrukturu, canl\u0131 q\u00fcvv\u0259si, s\u0259ng\u0259rl\u0259ri, postlar\u0131, dayaq m\u0259nt\u0259q\u0259l\u0259ri n\u0259 q\u0259d\u0259r d\u0259qiqlikl\u0259 m\u0259hv edilir.&nbsp;<\/p>\n\n\n\n<p>Dem\u0259liy\u0259m ki, son g\u00fcnl\u0259r \u0259rzind\u0259 Az\u0259rbaycan Ordusu bir daha \u00f6z \u00fcst\u00fcnl\u00fcy\u00fcn\u00fc g\u00f6st\u0259rdi. M\u0259n hesab edir\u0259m ki, bu \u0259m\u0259liyyat\u0131n Az\u0259rbaycan Ordusunun \u015fanl\u0131 tarixind\u0259 \u00f6z yeri olacaq. Nec\u0259 ki, 2016-c\u0131 ild\u0259 Aprel d\u00f6y\u00fc\u015fl\u0259rind\u0259 d\u00fc\u015fm\u0259n\u0259 d\u0259rs verdik v\u0259 A\u011fd\u0259r\u0259, F\u00fczuli, C\u0259bray\u0131l rayonlar\u0131n\u0131n bir hiss\u0259sini d\u00fc\u015fm\u0259nd\u0259n azad etdik. \u0130ki il bundan \u0259vv\u0259l \u2013 2018-ci ild\u0259 u\u011furlu Nax\u00e7\u0131van \u0259m\u0259liyyat\u0131 n\u0259tic\u0259sind\u0259 on min hektardan \u00e7ox torpaq sah\u0259si Az\u0259rbaycan Ordusu t\u0259r\u0259find\u0259n g\u00f6t\u00fcr\u00fcld\u00fc v\u0259 i\u015f\u011fal\u00e7\u0131lar o b\u00f6lg\u0259l\u0259rd\u0259n qovuldu. <\/p>\n\n\n\n<p><strong>Az\u0259rbaycan Ordusu t\u0259r\u0259find\u0259n g\u00f6t\u00fcr\u00fclm\u00fc\u015f strateji y\u00fcks\u0259klikl\u0259r imkan verir ki, biz Erm\u0259nistan\u0131n bir ne\u00e7\u0259 ya\u015fay\u0131\u015f m\u0259nt\u0259q\u0259sin\u0259 n\u0259zar\u0259t ed\u0259k. Erm\u0259nistandan Da\u011fl\u0131q Qaraba\u011fa ged\u0259n avtomobil yolu bizim n\u0259zar\u0259timizd\u0259dir. Vaxtil\u0259 \u2013 1990-c\u0131 ill\u0259rin \u0259vv\u0259ll\u0259rind\u0259 Nax\u00e7\u0131van \u0259razisinin bir hiss\u0259sini i\u015f\u011fal etmi\u015f Erm\u0259nistan q\u00fcvv\u0259l\u0259ri h\u0259min \u0259razil\u0259rd\u0259n qovuldu, \u00e7\u0131xar\u0131ld\u0131, o torpaqlarda Az\u0259rbaycan bayra\u011f\u0131 ucald\u0131ld\u0131\u201d.<\/strong><\/p>\n","protected":false},"excerpt":{"rendered":"<p>Bu \u00e7irkin \u0259m\u0259ld\u0259n sonra m\u0259nim g\u00f6st\u0259ri\u015fiml\u0259 qisas \u0259m\u0259liyyat\u0131n\u0131n ikinci fazas\u0131 ba\u015flam\u0131\u015fd\u0131r. Fedai.az-\u0131n m\u0259lumat\u0131na g\u00f6r\u0259, bunu Prezident \u0130lham \u018fliyev iyulun 15-d\u0259 Nazirl\u0259r Kabinetinin 2020-ci ilin<\/p>\n","protected":false},"author":2,"featured_media":0,"comment_status":"closed","ping_status":"closed","sticky":false,"template":"","format":"standard","meta":{"footnotes":""},"categories":[1],"tags":[],"class_list":["post-10098","post","type-post","status-publish","format-standard","hentry","category-siyast"],"aioseo_notices":[],"_links":{"self":[{"href":"https:\/\/fedai.az\/index.php?rest_route=\/wp\/v2\/posts\/10098","targetHints":{"allow":["GET"]}}],"collection":[{"href":"https:\/\/fedai.az\/index.php?rest_route=\/wp\/v2\/posts"}],"about":[{"href":"https:\/\/fedai.az\/index.php?rest_route=\/wp\/v2\/types\/post"}],"author":[{"embeddable":true,"href":"https:\/\/fedai.az\/index.php?rest_route=\/wp\/v2\/users\/2"}],"replies":[{"embeddable":true,"href":"https:\/\/fedai.az\/index.php?rest_route=%2Fwp%2Fv2%2Fcomments&post=10098"}],"version-history":[{"count":1,"href":"https:\/\/fedai.az\/index.php?rest_route=\/wp\/v2\/posts\/10098\/revisions"}],"predecessor-version":[{"id":10099,"href":"https:\/\/fedai.az\/index.php?rest_route=\/wp\/v2\/posts\/10098\/revisions\/10099"}],"wp:attachment":[{"href":"https:\/\/fedai.az\/index.php?rest_route=%2Fwp%2Fv2%2Fmedia&parent=10098"}],"wp:term":[{"taxonomy":"category","embeddable":true,"href":"https:\/\/fedai.az\/index.php?rest_route=%2Fwp%2Fv2%2Fcategories&post=10098"},{"taxonomy":"post_tag","embeddable":true,"href":"https:\/\/fedai.az\/index.php?rest_route=%2Fwp%2Fv2%2Ftags&post=10098"}],"curies":[{"name":"wp","href":"https:\/\/api.w.org\/{rel}","templated":true}]}}