{"id":10101,"date":"2020-07-16T01:47:03","date_gmt":"2020-07-15T21:47:03","guid":{"rendered":"http:\/\/fedai.az\/?p=10101"},"modified":"2020-07-16T01:47:09","modified_gmt":"2020-07-15T21:47:09","slug":"turk-qardaslarimizdan-birlik-mesajlari","status":"publish","type":"post","link":"https:\/\/fedai.az\/?p=10101","title":{"rendered":"T\u00fcrk qarda\u015flar\u0131m\u0131zdan birlik mesajlar\u0131"},"content":{"rendered":"\n<p><strong>\u0130\u015f\u011fal\u00e7\u0131 Erm\u0259nistan\u0131n h\u0259rbi birl\u0259\u015fm\u0259l\u0259ri Az\u0259rbaycan\u0131n Tovuz rayonu istiqam\u0259tind\u0259n iyulun 12-d\u0259n ba\u015flayaraq n\u00f6vb\u0259ti d\u0259f\u0259 t\u0259xribatlara \u0259l atd\u0131. H\u0259r zaman ay\u0131q-say\u0131q olan Silahl\u0131 Q\u00fcvv\u0259l\u0259rimizin b\u00f6lm\u0259l\u0259ri art\u0131q bir ne\u00e7\u0259 g\u00fcnd\u00fcr ki, d\u00fc\u015fm\u0259n\u0259 tutarl\u0131 cavablar ver\u0259r\u0259k b\u00f6y\u00fck itkil\u0259rl\u0259 d\u00fc\u015fm\u0259ni geri otuzdurur. \u0130\u015f\u011fal\u00e7\u0131 Erm\u0259nistan\u0131n t\u0259xribatlar\u0131na qar\u015f\u0131 m\u00fcbariz\u0259 aparan \u00f6lk\u0259miz\u0259 is\u0259 ilk d\u0259st\u0259k yen\u0259 d\u0259 m\u0259hz qarda\u015f T\u00fcrkiy\u0259d\u0259n g\u0259ldi. <\/strong><\/p>\n\n\n\n<figure class=\"wp-block-image size-large\"><img loading=\"lazy\" decoding=\"async\" width=\"960\" height=\"697\" src=\"http:\/\/fedai.az\/wp-content\/uploads\/2020\/07\/109320896_3037648562938174_1647041554106460149_n.jpg\" alt=\"\" class=\"wp-image-10102\" srcset=\"https:\/\/fedai.az\/wp-content\/uploads\/2020\/07\/109320896_3037648562938174_1647041554106460149_n.jpg 960w, https:\/\/fedai.az\/wp-content\/uploads\/2020\/07\/109320896_3037648562938174_1647041554106460149_n-300x218.jpg 300w, https:\/\/fedai.az\/wp-content\/uploads\/2020\/07\/109320896_3037648562938174_1647041554106460149_n-150x109.jpg 150w, https:\/\/fedai.az\/wp-content\/uploads\/2020\/07\/109320896_3037648562938174_1647041554106460149_n-768x558.jpg 768w\" sizes=\"auto, (max-width: 960px) 100vw, 960px\" \/><\/figure>\n\n\n\n<p>Qarda\u015f T\u00fcrkiy\u0259nin r\u0259smil\u0259ri a\u00e7\u0131q-ayd\u0131n Az\u0259rbaycan\u0131n yan\u0131nda olduqlar\u0131n\u0131 bildirdil\u0259r, d\u00fc\u015fm\u0259nd\u0259n \u201ca\u011fl\u0131n\u0131 ba\u015f\u0131na toplama\u011f\u0131\u201d s\u0259rt \u015f\u0259kild\u0259 t\u0259l\u0259b etdil\u0259r. Bu s\u00f6zl\u0259ri m\u0259tbuata a\u00e7\u0131qlamas\u0131nda T\u0259rxis Olunmu\u015f H\u0259rb\u00e7il\u0259rin G\u0259ncl\u0259ri Maarifl\u0259ndirm\u0259 \u0130ctimai Birliyinin s\u0259dri Emin H\u0259s\u0259nli bildirib. Emin H\u0259s\u0259nlinin s\u00f6zl\u0259rin\u0259 g\u00f6r\u0259, bu \u0259sl qarda\u015fl\u0131q v\u0259 h\u0259mr\u0259ylik n\u00fcmayi\u015fidir: \u201cT\u00fcrkiy\u0259 Respublikas\u0131n\u0131n Prezidenti R.T.\u018frdo\u011fan, Xari\u00e7i i\u015fl\u0259r naziri Mevlut \u00c7avu\u015fo\u011flu, T\u00fcrkiy\u0259 Milli M\u00fcdafi\u0259 naziri Hulusi Akar v\u0259 qarda\u015f \u00f6lk\u0259nin dig\u0259r r\u0259smil\u0259rinin Az\u0259rbaycana verdikl\u0259ri d\u0259st\u0259y\u0259 d\u00fcnyan\u0131n d\u00f6rd bir yan\u0131nda olan t\u00fcrk qarda\u015flar\u0131m\u0131z da qo\u015fuldu. Qeyd ed\u0259k ki, tarixi k\u00f6kl\u0259r\u0259 ba\u011fl\u0131 olan Az\u0259rbaycan-T\u00fcrkiy\u0259 m\u00fcnasib\u0259tl\u0259ri h\u0259r bir sah\u0259d\u0259 oldu\u011fu kimi v\u0259t\u0259nda\u015f c\u0259miyy\u0259ti inistutlar\u0131 s\u0259viyy\u0259sind\u0259 d\u0259 m\u00f6hk\u0259ml\u0259nir, davaml\u0131 olaraq inki\u015faf edir\u201d. <\/p>\n\n\n\n<figure class=\"wp-block-image size-large\"><img loading=\"lazy\" decoding=\"async\" width=\"960\" height=\"720\" src=\"http:\/\/fedai.az\/wp-content\/uploads\/2020\/07\/109751861_598349251066625_6787216730727748339_n.jpg\" alt=\"\" class=\"wp-image-10110\" srcset=\"https:\/\/fedai.az\/wp-content\/uploads\/2020\/07\/109751861_598349251066625_6787216730727748339_n.jpg 960w, https:\/\/fedai.az\/wp-content\/uploads\/2020\/07\/109751861_598349251066625_6787216730727748339_n-300x225.jpg 300w, https:\/\/fedai.az\/wp-content\/uploads\/2020\/07\/109751861_598349251066625_6787216730727748339_n-150x113.jpg 150w, https:\/\/fedai.az\/wp-content\/uploads\/2020\/07\/109751861_598349251066625_6787216730727748339_n-768x576.jpg 768w\" sizes=\"auto, (max-width: 960px) 100vw, 960px\" \/><\/figure>\n\n\n\n<p>Emin H\u0259s\u0259nli deyib ki, T\u0259rxis Olunmu\u015f H\u0259rb\u00e7il\u0259rin G\u0259ncl\u0259ri Maarifl\u0259ndirm\u0259 \u0130ctimai Birliyi art\u0131q bir ne\u00e7\u0259 ildir ki, qarda\u015f \u00f6lk\u0259nin qeyri-h\u00f6k\u00fcm\u0259t t\u0259\u015fkilatlar\u0131, x\u00fcsusil\u0259 d\u0259 h\u0259rbi y\u00f6n\u00fcml\u00fc QHT-l\u0259rl\u0259 s\u0131x \u0259m\u0259kda\u015fl\u0131q edir, qar\u015f\u0131l\u0131ql\u0131 s\u0259f\u0259rl\u0259rl\u0259 \u0259laq\u0259l\u0259rin m\u00f6hk\u0259ml\u0259ndirilm\u0259si \u00fc\u00e7\u00fcn birg\u0259 f\u0259aliyy\u0259tl\u0259r h\u0259yata ke\u00e7irir: \u201c\u0130\u015f\u011fal\u00e7\u0131 Erm\u0259nistan\u0131n t\u0259xribatlar\u0131na qar\u015f\u0131 apar\u0131lan m\u00fcbariz\u0259y\u0259 d\u0259st\u0259k verm\u0259k m\u0259qs\u0259dil\u0259 \u0259m\u0259kda\u015fl\u0131q etdiyimiz qarda\u015f \u00f6lk\u0259nin \u0259n b\u00f6y\u00fck h\u0259rbi y\u00f6n\u00fcml\u00fc t\u0259\u015fkilatlar\u0131 &#8212; T\u00fcrkiy\u0259 T\u0259qa\u00fcdd\u0259 olan Zabitl\u0259r Birliyi, T\u00fcrkiy\u0259 M\u00fcharib\u0259 Veteranlar\u0131 Birliyi, T\u00fcrkiy\u0259 M\u00fcharib\u0259 \u018flill\u0259ri, \u015e\u0259hid, Dul v\u0259 Yetiml\u0259r Birliyi, T\u00fcrkiy\u0259 T\u0259qa\u00fcdd\u0259 olan Gizirl\u0259r Birliyi, el\u0259c\u0259 d\u0259 T\u00fcrkiy\u0259 Ayd\u0131nlar Oca\u011f\u0131, Anadolu Ayd\u0131nlar Oca\u011f\u0131, T\u00fcrkiy\u0259 Milliy\u0259t\u00e7i H\u0259kiml\u0259r Birliyi, Rumeli Balkan Strateji Ara\u015fd\u0131rmalar M\u0259rk\u0259zi biz\u0259 qarda\u015f Az\u0259rbaycan xalq\u0131n\u0131n yan\u0131nda olduqlar\u0131n\u0131 ifad\u0259 ed\u0259n d\u0259st\u0259k m\u0259ktublar\u0131 g\u00f6nd\u0259ribl\u0259r. <\/p>\n\n\n\n<figure class=\"wp-block-image size-large\"><img loading=\"lazy\" decoding=\"async\" width=\"960\" height=\"640\" src=\"http:\/\/fedai.az\/wp-content\/uploads\/2020\/07\/109581852_750999255727748_6779832168851992230_n-1.jpg\" alt=\"\" class=\"wp-image-10103\" srcset=\"https:\/\/fedai.az\/wp-content\/uploads\/2020\/07\/109581852_750999255727748_6779832168851992230_n-1.jpg 960w, https:\/\/fedai.az\/wp-content\/uploads\/2020\/07\/109581852_750999255727748_6779832168851992230_n-1-300x200.jpg 300w, https:\/\/fedai.az\/wp-content\/uploads\/2020\/07\/109581852_750999255727748_6779832168851992230_n-1-150x100.jpg 150w, https:\/\/fedai.az\/wp-content\/uploads\/2020\/07\/109581852_750999255727748_6779832168851992230_n-1-768x512.jpg 768w\" sizes=\"auto, (max-width: 960px) 100vw, 960px\" \/><\/figure>\n\n\n\n<p>\u015eimal\u0131 Kipr T\u00fcrk C\u00fcmhuriyy\u0259tininin T\u00fcrk M\u00fcqavim\u0259t T\u0259\u015fkilat\u0131 v\u0259 \u015f\u0259hid ail\u0259l\u0259rinin m\u00fcharib\u0259 veteranlar\u0131 v\u0259 \u0259lill\u0259rinin ehtiyatda olan zabitl\u0259rin birl\u0259\u015fdiyi ictimai birlikl\u0259r d\u0259 biz\u0259 d\u0259st\u0259kl\u0259rini ifad\u0259 edibl\u0259r. M\u0259ktublarda d\u00fc\u015fm\u0259n t\u0259r\u0259fin Az\u0259rbaycan\u0131n Tovuz rayonu istiqam\u0259tind\u0259 h\u0259yata ke\u00e7irm\u0259k ist\u0259diyi t\u0259xribat \u015fidd\u0259tli \u015f\u0259kild\u0259 pisl\u0259nir, edil\u0259nl\u0259rin beyn\u0259lxalq h\u00fcquqa zidd oldu\u011fu bildirilir, beyn\u0259lxalq t\u0259\u015fkilatlardan bu m\u0259s\u0259l\u0259d\u0259 \u0259dal\u0259tli, haqql\u0131 m\u00f6vqe s\u0259rgil\u0259m\u0259k t\u0259l\u0259b olunur. Sonda is\u0259 qeyd olunur ki, qarda\u015f Az\u0259rbaycan il\u0259 tariximiz, ya\u015fad\u0131qlar\u0131m\u0131z, \u015f\u0259hidl\u0259rimiz, k\u0259d\u0259rimiz v\u0259 sevincimiz eynidir. <\/p>\n\n\n\n<figure class=\"wp-block-image size-large\"><img loading=\"lazy\" decoding=\"async\" width=\"960\" height=\"587\" src=\"http:\/\/fedai.az\/wp-content\/uploads\/2020\/07\/107379777_4174963589212736_6876275084510278993_n.jpg\" alt=\"\" class=\"wp-image-10104\" srcset=\"https:\/\/fedai.az\/wp-content\/uploads\/2020\/07\/107379777_4174963589212736_6876275084510278993_n.jpg 960w, https:\/\/fedai.az\/wp-content\/uploads\/2020\/07\/107379777_4174963589212736_6876275084510278993_n-300x183.jpg 300w, https:\/\/fedai.az\/wp-content\/uploads\/2020\/07\/107379777_4174963589212736_6876275084510278993_n-150x92.jpg 150w, https:\/\/fedai.az\/wp-content\/uploads\/2020\/07\/107379777_4174963589212736_6876275084510278993_n-768x470.jpg 768w\" sizes=\"auto, (max-width: 960px) 100vw, 960px\" \/><\/figure>\n\n\n\n<p>T\u0259xribatlar zaman\u0131 \u015f\u0259hid olan V\u0259t\u0259n o\u011fullar\u0131na Allahdan r\u0259hm\u0259t, yax\u0131nlar\u0131na s\u0259br dil\u0259y\u0259n qarda\u015flar\u0131m\u0131z h\u0259r zaman Az\u0259rbaycan\u0131n yan\u0131nda olduqlar\u0131n\u0131 ifad\u0259 edirl\u0259r\u201d.<\/p>\n\n\n\n<p><strong>Fedai.az<\/strong><\/p>\n\n\n\n<figure class=\"wp-block-image size-large\"><img decoding=\"async\" src=\"http:\/\/fedai.az\/wp-content\/uploads\/2020\/07\/108194156_645949009607478_4940512711540156725_n.jpg\" alt=\"\" class=\"wp-image-10109\"\/><\/figure>\n\n\n\n<figure class=\"wp-block-image size-large\"><img loading=\"lazy\" decoding=\"async\" width=\"960\" height=\"640\" src=\"http:\/\/fedai.az\/wp-content\/uploads\/2020\/07\/107664223_1157387924633259_4484884693568350937_n.jpg\" alt=\"\" class=\"wp-image-10108\" srcset=\"https:\/\/fedai.az\/wp-content\/uploads\/2020\/07\/107664223_1157387924633259_4484884693568350937_n.jpg 960w, https:\/\/fedai.az\/wp-content\/uploads\/2020\/07\/107664223_1157387924633259_4484884693568350937_n-300x200.jpg 300w, https:\/\/fedai.az\/wp-content\/uploads\/2020\/07\/107664223_1157387924633259_4484884693568350937_n-150x100.jpg 150w, https:\/\/fedai.az\/wp-content\/uploads\/2020\/07\/107664223_1157387924633259_4484884693568350937_n-768x512.jpg 768w\" sizes=\"auto, (max-width: 960px) 100vw, 960px\" \/><\/figure>\n\n\n\n<figure class=\"wp-block-image size-large\"><img loading=\"lazy\" decoding=\"async\" width=\"960\" height=\"640\" src=\"http:\/\/fedai.az\/wp-content\/uploads\/2020\/07\/109581852_750999255727748_6779832168851992230_n-2.jpg\" alt=\"\" class=\"wp-image-10107\" srcset=\"https:\/\/fedai.az\/wp-content\/uploads\/2020\/07\/109581852_750999255727748_6779832168851992230_n-2.jpg 960w, https:\/\/fedai.az\/wp-content\/uploads\/2020\/07\/109581852_750999255727748_6779832168851992230_n-2-300x200.jpg 300w, https:\/\/fedai.az\/wp-content\/uploads\/2020\/07\/109581852_750999255727748_6779832168851992230_n-2-150x100.jpg 150w, https:\/\/fedai.az\/wp-content\/uploads\/2020\/07\/109581852_750999255727748_6779832168851992230_n-2-768x512.jpg 768w\" sizes=\"auto, (max-width: 960px) 100vw, 960px\" \/><\/figure>\n\n\n\n<figure class=\"wp-block-image size-large\"><img loading=\"lazy\" decoding=\"async\" width=\"833\" height=\"422\" src=\"http:\/\/fedai.az\/wp-content\/uploads\/2020\/07\/107672059_631503797470579_1568762760409769681_n.jpg\" alt=\"\" class=\"wp-image-10105\" srcset=\"https:\/\/fedai.az\/wp-content\/uploads\/2020\/07\/107672059_631503797470579_1568762760409769681_n.jpg 833w, https:\/\/fedai.az\/wp-content\/uploads\/2020\/07\/107672059_631503797470579_1568762760409769681_n-300x152.jpg 300w, https:\/\/fedai.az\/wp-content\/uploads\/2020\/07\/107672059_631503797470579_1568762760409769681_n-150x76.jpg 150w, https:\/\/fedai.az\/wp-content\/uploads\/2020\/07\/107672059_631503797470579_1568762760409769681_n-768x389.jpg 768w\" sizes=\"auto, (max-width: 833px) 100vw, 833px\" \/><\/figure>\n","protected":false},"excerpt":{"rendered":"<p>\u0130\u015f\u011fal\u00e7\u0131 Erm\u0259nistan\u0131n h\u0259rbi birl\u0259\u015fm\u0259l\u0259ri Az\u0259rbaycan\u0131n Tovuz rayonu istiqam\u0259tind\u0259n iyulun 12-d\u0259n ba\u015flayaraq n\u00f6vb\u0259ti d\u0259f\u0259 t\u0259xribatlara \u0259l atd\u0131. H\u0259r zaman ay\u0131q-say\u0131q olan Silahl\u0131 Q\u00fcvv\u0259l\u0259rimizin b\u00f6lm\u0259l\u0259ri art\u0131q<\/p>\n","protected":false},"author":2,"featured_media":10111,"comment_status":"closed","ping_status":"closed","sticky":false,"template":"","format":"standard","meta":{"footnotes":""},"categories":[1],"tags":[],"class_list":["post-10101","post","type-post","status-publish","format-standard","has-post-thumbnail","hentry","category-siyast"],"aioseo_notices":[],"_links":{"self":[{"href":"https:\/\/fedai.az\/index.php?rest_route=\/wp\/v2\/posts\/10101","targetHints":{"allow":["GET"]}}],"collection":[{"href":"https:\/\/fedai.az\/index.php?rest_route=\/wp\/v2\/posts"}],"about":[{"href":"https:\/\/fedai.az\/index.php?rest_route=\/wp\/v2\/types\/post"}],"author":[{"embeddable":true,"href":"https:\/\/fedai.az\/index.php?rest_route=\/wp\/v2\/users\/2"}],"replies":[{"embeddable":true,"href":"https:\/\/fedai.az\/index.php?rest_route=%2Fwp%2Fv2%2Fcomments&post=10101"}],"version-history":[{"count":1,"href":"https:\/\/fedai.az\/index.php?rest_route=\/wp\/v2\/posts\/10101\/revisions"}],"predecessor-version":[{"id":10112,"href":"https:\/\/fedai.az\/index.php?rest_route=\/wp\/v2\/posts\/10101\/revisions\/10112"}],"wp:featuredmedia":[{"embeddable":true,"href":"https:\/\/fedai.az\/index.php?rest_route=\/wp\/v2\/media\/10111"}],"wp:attachment":[{"href":"https:\/\/fedai.az\/index.php?rest_route=%2Fwp%2Fv2%2Fmedia&parent=10101"}],"wp:term":[{"taxonomy":"category","embeddable":true,"href":"https:\/\/fedai.az\/index.php?rest_route=%2Fwp%2Fv2%2Fcategories&post=10101"},{"taxonomy":"post_tag","embeddable":true,"href":"https:\/\/fedai.az\/index.php?rest_route=%2Fwp%2Fv2%2Ftags&post=10101"}],"curies":[{"name":"wp","href":"https:\/\/api.w.org\/{rel}","templated":true}]}}