{"id":101034,"date":"2024-12-12T18:14:00","date_gmt":"2024-12-12T14:14:00","guid":{"rendered":"https:\/\/fedai.az\/?p=101034"},"modified":"2024-12-12T23:28:21","modified_gmt":"2024-12-12T19:28:21","slug":"avmvib-kollektivi-f%c9%99xri-xiyabanda-ulu-ond%c9%99r-heyd%c9%99r-eliyevin-m%c9%99zarini-ziyar%c9%99t-etmisdir","status":"publish","type":"post","link":"https:\/\/fedai.az\/?p=101034","title":{"rendered":"AVMV\u0130B kollektivi F\u0259xri xiyabanda Ulu \u00d6nd\u0259r Heyd\u0259r \u018fliyevin m\u0259zar\u0131n\u0131 ziyar\u0259t etmi\u015fdir"},"content":{"rendered":"\n<p>Bu g\u00fcn Az\u0259rbaycan V\u0259t\u0259n M\u00fcharib\u0259si Veteranlar\u0131 \u0130ctimai Birliyinin (AVMV\u0130B) r\u0259hb\u0259rliyi Ulu \u00d6nd\u0259r Heyd\u0259r \u018fliyevin An\u0131m G\u00fcn\u00fc il\u0259 \u0259laq\u0259dar F\u0259xri Xiyabanda onu ziyar\u0259t etmi\u015f, m\u0259zar\u0131 \u00f6n\u00fcn\u0259 \u0259klil qoyaraq onun \u0259ziz xatir\u0259sin\u0259 ehtiramlar\u0131n\u0131 ifad\u0259 etmi\u015fl\u0259r.<\/p>\n\n\n\n<p>Az\u0259rbaycan V\u0259t\u0259n M\u00fcharib\u0259si Veteranlar\u0131 \u0130ctimai Birliyinin (AVMV\u0130B) s\u0259dri F\u00fczuli Rzaquliyev \u00dcmummilli Lider Heyd\u0259r \u018fliyevin m\u00fcasir Az\u0259rbaycan tarixinin memar\u0131 kimi milli d\u00f6vl\u0259t\u00e7iliyimizin \u0259saslar\u0131n\u0131 yaratd\u0131\u011f\u0131n\u0131, xalq\u0131n rifah\u0131 v\u0259 \u00f6lk\u0259nin beyn\u0259lxalq arenada n\u00fcfuzunun artmas\u0131 istiqam\u0259tind\u0259 h\u0259yata ke\u00e7irdiyi geni\u015fmiqyasl\u0131 islahatlar\u0131n \u0259h\u0259miyy\u0259tini qeyd etmi\u015fdir. O, Ulu \u00d6nd\u0259rin uzaqg\u00f6r\u0259n siyas\u0259tinin Az\u0259rbaycan xalq\u0131n\u0131n g\u0259l\u0259c\u0259k n\u0259sill\u0259ri \u00fc\u00e7\u00fcn g\u00fccl\u00fc v\u0259 q\u00fcdr\u0259tli bir d\u00f6vl\u0259t qurma\u011fa xidm\u0259t etdiyini bildirmi\u015f, Heyd\u0259r \u018fliyevin Az\u0259rbaycan d\u00f6vl\u0259t\u00e7iliyinin inki\u015faf\u0131nda v\u0259 m\u00f6hk\u0259ml\u0259nm\u0259sind\u0259ki tarixi rolunu x\u00fcsusi vur\u011fulam\u0131\u015fd\u0131r.<\/p>\n\n\n\n<p>Az\u0259rbaycan V\u0259t\u0259n M\u00fcharib\u0259si Veteranlar\u0131 \u0130ctimai Birliyinin s\u0259dri F\u00fczuli Rzaquliyev sayt\u0131m\u0131za a\u00e7\u0131qlamas\u0131nda Heyd\u0259r \u018fliyev irsinin layiqli davam\u00e7\u0131s\u0131 olan, Ali Ba\u015f Komandan \u0130lham \u018fliyev c\u0259nablar\u0131n\u0131n ata v\u0259siyy\u0259tin\u0259 \u0259m\u0259l ed\u0259r\u0259k suveren, g\u00fccl\u00fc v\u0259 m\u00fcst\u0259qil Az\u0259rbaycan\u0131n daha da m\u00f6hk\u0259ml\u0259ndirilm\u0259si istiqam\u0259tind\u0259 q\u0259tiyy\u0259tli add\u0131mlar atd\u0131\u011f\u0131n\u0131 vur\u011fulam\u0131\u015fd\u0131r. O, h\u0259m\u00e7inin qeyd etmi\u015fdir ki, 44 g\u00fcnl\u00fck V\u0259t\u0259n m\u00fcharib\u0259si zaman\u0131 \u0259ld\u0259 olunan tarixi Z\u0259f\u0259r d\u0259 m\u0259hz Heyd\u0259r \u018fliyev siyas\u0259tinin v\u0259 bu siyas\u0259ti u\u011furla davam etdir\u0259n \u0130lham \u018fliyevin q\u0259tiyy\u0259tli liderliyinin n\u0259tic\u0259sidir v\u0259 Ulu \u00d6nd\u0259rin \u0259ziz xatir\u0259si h\u0259r bir Az\u0259rbaycanl\u0131n\u0131n xatir\u0259sind\u0259 \u0259b\u0259di olaraq ya\u015fayacaqd\u0131r.<\/p>\n\n\n\n<p><strong>AVMV\u0130B-in M\u0259tbuat xidm\u0259ti<\/strong><\/p>\n\n\n\n<p><strong><em>FOTO: Yav\u0259r M\u0259mm\u0259dov<\/em><\/strong><\/p>\n\n\n\n<a href=\"https:\/\/postimg.cc\/ThvS4MYX\" target=\"_blank\"><img decoding=\"async\" src=\"https:\/\/i.postimg.cc\/kM2mDq0D\/Whats-App-Image-2024-12-12-at-20-22-18.jpg\" alt=\"Whats-App-Image-2024-12-12-at-20-22-18\"\/><\/a><br\/><br\/>\n<a href=\"https:\/\/postimg.cc\/jnTzQhbG\" target=\"_blank\"><img decoding=\"async\" src=\"https:\/\/i.postimg.cc\/qqhjrmZM\/Whats-App-Image-2024-12-12-at-20-22-19-1.jpg\" alt=\"Whats-App-Image-2024-12-12-at-20-22-19-1\"\/><\/a><br\/><br\/>\n<a href=\"https:\/\/postimg.cc\/0MDYwBLY\" target=\"_blank\"><img decoding=\"async\" src=\"https:\/\/i.postimg.cc\/NMPpWhDz\/Whats-App-Image-2024-12-12-at-20-22-20.jpg\" alt=\"Whats-App-Image-2024-12-12-at-20-22-20\"\/><\/a><br\/><br\/>\n<a href=\"https:\/\/postimg.cc\/fVqfnXc9\" target=\"_blank\"><img decoding=\"async\" src=\"https:\/\/i.postimg.cc\/Zq47Nx0V\/Whats-App-Image-2024-12-12-at-21-08-57.jpg\" alt=\"Whats-App-Image-2024-12-12-at-21-08-57\"\/><\/a><br\/><br\/>\n<a href=\"https:\/\/postimg.cc\/PLBbNjFf\" target=\"_blank\"><img decoding=\"async\" src=\"https:\/\/i.postimg.cc\/76LKsP3z\/Whats-App-Image-2024-12-12-at-21-08-58.jpg\" alt=\"Whats-App-Image-2024-12-12-at-21-08-58\"\/><\/a><br\/><br\/>\n","protected":false},"excerpt":{"rendered":"<p>Bu g\u00fcn Az\u0259rbaycan V\u0259t\u0259n M\u00fcharib\u0259si Veteranlar\u0131 \u0130ctimai Birliyinin (AVMV\u0130B) r\u0259hb\u0259rliyi Ulu \u00d6nd\u0259r Heyd\u0259r \u018fliyevin An\u0131m G\u00fcn\u00fc il\u0259 \u0259laq\u0259dar F\u0259xri Xiyabanda onu ziyar\u0259t etmi\u015f, m\u0259zar\u0131<\/p>\n","protected":false},"author":2,"featured_media":101035,"comment_status":"closed","ping_status":"closed","sticky":false,"template":"","format":"standard","meta":{"footnotes":""},"categories":[5],"tags":[],"class_list":["post-101034","post","type-post","status-publish","format-standard","has-post-thumbnail","hentry","category-veteran"],"aioseo_notices":[],"_links":{"self":[{"href":"https:\/\/fedai.az\/index.php?rest_route=\/wp\/v2\/posts\/101034","targetHints":{"allow":["GET"]}}],"collection":[{"href":"https:\/\/fedai.az\/index.php?rest_route=\/wp\/v2\/posts"}],"about":[{"href":"https:\/\/fedai.az\/index.php?rest_route=\/wp\/v2\/types\/post"}],"author":[{"embeddable":true,"href":"https:\/\/fedai.az\/index.php?rest_route=\/wp\/v2\/users\/2"}],"replies":[{"embeddable":true,"href":"https:\/\/fedai.az\/index.php?rest_route=%2Fwp%2Fv2%2Fcomments&post=101034"}],"version-history":[{"count":3,"href":"https:\/\/fedai.az\/index.php?rest_route=\/wp\/v2\/posts\/101034\/revisions"}],"predecessor-version":[{"id":101038,"href":"https:\/\/fedai.az\/index.php?rest_route=\/wp\/v2\/posts\/101034\/revisions\/101038"}],"wp:featuredmedia":[{"embeddable":true,"href":"https:\/\/fedai.az\/index.php?rest_route=\/wp\/v2\/media\/101035"}],"wp:attachment":[{"href":"https:\/\/fedai.az\/index.php?rest_route=%2Fwp%2Fv2%2Fmedia&parent=101034"}],"wp:term":[{"taxonomy":"category","embeddable":true,"href":"https:\/\/fedai.az\/index.php?rest_route=%2Fwp%2Fv2%2Fcategories&post=101034"},{"taxonomy":"post_tag","embeddable":true,"href":"https:\/\/fedai.az\/index.php?rest_route=%2Fwp%2Fv2%2Ftags&post=101034"}],"curies":[{"name":"wp","href":"https:\/\/api.w.org\/{rel}","templated":true}]}}