{"id":101051,"date":"2024-12-14T21:59:52","date_gmt":"2024-12-14T17:59:52","guid":{"rendered":"https:\/\/fedai.az\/?p=101051"},"modified":"2024-12-14T21:59:52","modified_gmt":"2024-12-14T17:59:52","slug":"leyla-eliyeva-ruandada-reallasdirilacaq-layih%c9%99l%c9%99r-uzr%c9%99-gorusl%c9%99r-kecirdi-fotolar","status":"publish","type":"post","link":"https:\/\/fedai.az\/?p=101051","title":{"rendered":"Leyla \u018fliyeva Ruandada realla\u015fd\u0131r\u0131lacaq layih\u0259l\u0259r \u00fczr\u0259 g\u00f6r\u00fc\u015fl\u0259r ke\u00e7irdi\u00a0&#8212; Fotolar"},"content":{"rendered":"\n<p><strong>Heyd\u0259r \u018fliyev Fondunun vitse-prezidenti Leyla \u018fliyeva Ruandan\u0131n paytaxt\u0131 Kiqali \u015f\u0259h\u0259rind\u0259 bu \u00f6lk\u0259nin Xarici \u0130\u015fl\u0259r \u00fczr\u0259 daimi katibi Klementine Mukeka il\u0259 g\u00f6r\u00fc\u015f\u00fcb.<\/strong><\/p>\n\n\n\n<p>\u201cFedai.az\u201d x\u0259b\u0259r verir ki, g\u00f6r\u00fc\u015fd\u0259 Heyd\u0259r \u018fliyev Fondunun \u201cAfrika \u00f6lk\u0259l\u0259rind\u0259 t\u0259hsil v\u0259 m\u0259d\u0259niyy\u0259tin inki\u015faf\u0131\u201d layih\u0259si \u00fczr\u0259 h\u0259yata ke\u00e7iril\u0259c\u0259k t\u0259dbirl\u0259r, ikit\u0259r\u0259fli \u0259m\u0259kda\u015fl\u0131q m\u00fczakir\u0259 edilib. Vur\u011fulan\u0131b ki, Heyd\u0259r \u018fliyev Fondu il\u0259 Afrika \u00f6lk\u0259l\u0259ri aras\u0131nda g\u0259l\u0259c\u0259k faydal\u0131 \u0259m\u0259kda\u015fl\u0131q m\u00fcnasib\u0259tl\u0259rin inki\u015faf\u0131na \u00f6z t\u00f6hf\u0259sini ver\u0259c\u0259k.<\/p>\n\n\n\n<p>Leyla \u018fliyeva Ruandan\u0131n G\u0259ncl\u0259r v\u0259 \u0130nc\u0259s\u0259n\u0259t naziri Sandrine Umutoni il\u0259 d\u0259 g\u00f6r\u00fc\u015f\u00fcb. Az\u0259rbaycan v\u0259 Ruanda aras\u0131nda m\u0259d\u0259ni \u0259laq\u0259l\u0259r\u0259 dair, t\u0259hsil sah\u0259sind\u0259, el\u0259c\u0259 d\u0259 g\u0259ncl\u0259rin m\u00fcbadil\u0259 proqram \u00e7\u0259r\u00e7iv\u0259sind\u0259 m\u00fczakir\u0259l\u0259r apar\u0131l\u0131b, bu istiqam\u0259td\u0259ki layih\u0259l\u0259rin xalqlar aras\u0131nda m\u00fcnasib\u0259tl\u0259r\u0259 m\u00fcsb\u0259t t\u0259siri qeyd edilib. &nbsp;M\u00fcxt\u0259lif m\u00f6vzulara dair s\u0259rgil\u0259rin t\u0259\u015fkili kimi t\u0259dbirl\u0259rin xalqlar\u0131m\u0131z\u0131n bir-birini daha yax\u0131ndan tan\u0131mas\u0131na imkan yaradaca\u011f\u0131 bildirilib.<\/p>\n\n\n\n<figure class=\"wp-block-image\"><img decoding=\"async\" src=\"https:\/\/qafqazinfo.az\/uploads\/1734165110\/2.jpeg\" alt=\"\" title=\"\"\/><\/figure>\n\n\n\n<figure class=\"wp-block-image\"><img decoding=\"async\" src=\"https:\/\/qafqazinfo.az\/uploads\/1734165110\/3.jpeg\" alt=\"\" title=\"\"\/><\/figure>\n\n\n\n<figure class=\"wp-block-image\"><img decoding=\"async\" src=\"https:\/\/qafqazinfo.az\/uploads\/1734165110\/4.jpeg\" alt=\"\" title=\"\"\/><\/figure>\n","protected":false},"excerpt":{"rendered":"<p>Heyd\u0259r \u018fliyev Fondunun vitse-prezidenti Leyla \u018fliyeva Ruandan\u0131n paytaxt\u0131 Kiqali \u015f\u0259h\u0259rind\u0259 bu \u00f6lk\u0259nin Xarici \u0130\u015fl\u0259r \u00fczr\u0259 daimi katibi Klementine Mukeka il\u0259 g\u00f6r\u00fc\u015f\u00fcb. \u201cFedai.az\u201d x\u0259b\u0259r verir<\/p>\n","protected":false},"author":2,"featured_media":101052,"comment_status":"closed","ping_status":"closed","sticky":false,"template":"","format":"standard","meta":{"footnotes":""},"categories":[3],"tags":[],"class_list":["post-101051","post","type-post","status-publish","format-standard","has-post-thumbnail","hentry","category-gundm"],"aioseo_notices":[],"_links":{"self":[{"href":"https:\/\/fedai.az\/index.php?rest_route=\/wp\/v2\/posts\/101051","targetHints":{"allow":["GET"]}}],"collection":[{"href":"https:\/\/fedai.az\/index.php?rest_route=\/wp\/v2\/posts"}],"about":[{"href":"https:\/\/fedai.az\/index.php?rest_route=\/wp\/v2\/types\/post"}],"author":[{"embeddable":true,"href":"https:\/\/fedai.az\/index.php?rest_route=\/wp\/v2\/users\/2"}],"replies":[{"embeddable":true,"href":"https:\/\/fedai.az\/index.php?rest_route=%2Fwp%2Fv2%2Fcomments&post=101051"}],"version-history":[{"count":1,"href":"https:\/\/fedai.az\/index.php?rest_route=\/wp\/v2\/posts\/101051\/revisions"}],"predecessor-version":[{"id":101053,"href":"https:\/\/fedai.az\/index.php?rest_route=\/wp\/v2\/posts\/101051\/revisions\/101053"}],"wp:featuredmedia":[{"embeddable":true,"href":"https:\/\/fedai.az\/index.php?rest_route=\/wp\/v2\/media\/101052"}],"wp:attachment":[{"href":"https:\/\/fedai.az\/index.php?rest_route=%2Fwp%2Fv2%2Fmedia&parent=101051"}],"wp:term":[{"taxonomy":"category","embeddable":true,"href":"https:\/\/fedai.az\/index.php?rest_route=%2Fwp%2Fv2%2Fcategories&post=101051"},{"taxonomy":"post_tag","embeddable":true,"href":"https:\/\/fedai.az\/index.php?rest_route=%2Fwp%2Fv2%2Ftags&post=101051"}],"curies":[{"name":"wp","href":"https:\/\/api.w.org\/{rel}","templated":true}]}}