{"id":10121,"date":"2020-07-16T03:45:37","date_gmt":"2020-07-15T23:45:37","guid":{"rendered":"http:\/\/fedai.az\/?p=10121"},"modified":"2020-07-16T14:37:36","modified_gmt":"2020-07-16T10:37:36","slug":"avmvib-r%c9%99hb%c9%99rliyi-v%c9%99-rayon-sob%c9%99l%c9%99ri-tovuza-s%c9%99f%c9%99r-etdil%c9%99r","status":"publish","type":"post","link":"https:\/\/fedai.az\/?p=10121","title":{"rendered":"AVMV\u0130B R\u0259hb\u0259rliyi v\u0259 rayon \u015f\u00f6b\u0259l\u0259ri Tovuza s\u0259f\u0259r etdil\u0259r"},"content":{"rendered":"\n<p><strong>\u0130yulun 12-d\u0259 Erm\u0259nistan silahl\u0131 q\u00fcvv\u0259l\u0259rinin b\u00f6lm\u0259l\u0259ri Az\u0259rbaycan-Erm\u0259nistan d\u00f6vl\u0259t s\u0259rh\u0259dinin Tovuz istiqam\u0259tind\u0259 m\u00f6vqel\u0259rimizi \u0259l\u0259 ke\u00e7irm\u0259k m\u0259qs\u0259dil\u0259 artilleriya at\u0259\u015find\u0259n istifad\u0259 ed\u0259r\u0259k h\u00fccuma ke\u00e7m\u0259y\u0259 c\u0259hd g\u00f6st\u0259rm\u0259si n\u0259tic\u0259sind\u0259 \u00f6lk\u0259mizin q\u0259rb s\u0259rh\u0259ddind\u0259 v\u0259ziyy\u0259t g\u0259rginl\u0259\u015fib.<\/strong><\/p>\n\n\n\n<figure class=\"wp-block-image size-large\"><img loading=\"lazy\" decoding=\"async\" width=\"1024\" height=\"768\" src=\"http:\/\/fedai.az\/wp-content\/uploads\/2020\/07\/108118272_1234742150210019_669233203696022358_n-1024x768.jpg\" alt=\"\" class=\"wp-image-10122\" srcset=\"https:\/\/fedai.az\/wp-content\/uploads\/2020\/07\/108118272_1234742150210019_669233203696022358_n-1024x768.jpg 1024w, https:\/\/fedai.az\/wp-content\/uploads\/2020\/07\/108118272_1234742150210019_669233203696022358_n-300x225.jpg 300w, https:\/\/fedai.az\/wp-content\/uploads\/2020\/07\/108118272_1234742150210019_669233203696022358_n-150x113.jpg 150w, https:\/\/fedai.az\/wp-content\/uploads\/2020\/07\/108118272_1234742150210019_669233203696022358_n-768x576.jpg 768w, https:\/\/fedai.az\/wp-content\/uploads\/2020\/07\/108118272_1234742150210019_669233203696022358_n.jpg 1152w\" sizes=\"auto, (max-width: 1024px) 100vw, 1024px\" \/><\/figure>\n\n\n\n<p>AVMV\u0130B R\u0259hb\u0259rliyi v\u0259 rayon \u015f\u00f6b\u0259l\u0259ri r\u0259hb\u0259rliyi ordumuza, yerli sakinl\u0259r\u0259 \u00f6z d\u0259st\u0259kl\u0259rini bildirm\u0259k \u00fc\u00e7\u00fcn Tovuz rayonunda oldular. <strong>AVMV\u0130B s\u0259dri F\u00fczuli Rzaquliyev, s\u0259drin I m\u00fcavini Kamil \u015eirinov, s\u0259drin m\u00fcavinl\u0259ri Vahid Abdur\u0259hmanov, \u0130slam S\u0259f\u0259rov, M\u00fcbariz Quliyev, NTK s\u0259dri Niyazi Quliyev, AVMV\u0130B Ming\u0259\u00e7evir, Tovuz, Goranboy, Yasamal, N\u0259simi, Saatl\u0131, Z\u0259rdab, \u015eamax\u0131, A\u011fda\u015f, Z\u0259ngilan, \u00c7ilov, Qazax, A\u011fstafa, G\u00f6yg\u00f6l, A\u011fsu, \u0130smay\u0131ll\u0131, Q\u0259b\u0259l\u0259, \u015e\u0259mkir, \u0130mi\u015fli, A\u011fsu, Q\u0259b\u0259l\u0259, G\u0259nc\u0259, X\u0259z\u0259r, Ucar, La\u00e7\u0131n, C\u0259bray\u0131l, Pirallah\u0131, Samux, Sumqay\u0131t, D\u0259mir Yollar\u0131, <\/strong>rayon \u015f\u00f6b\u0259l\u0259rinin s\u0259drl\u0259ri v\u0259 \u00fczvl\u0259ri Tovuz rayonunda olublar. B\u00f6lg\u0259y\u0259 g\u0259l\u0259n d\u00f6y\u00fc\u015f\u00e7\u00fc hey\u0259ti AVMV\u0130B Tovuz rayon \u015f\u00f6b\u0259sinin s\u0259dri Etibar V\u0259liyev v\u0259 rayon \u015f\u00f6b\u0259sinin \u00fczvl\u0259ri qar\u015f\u0131lay\u0131blar. M\u00fcharib\u0259 veteranlar\u0131n\u0131n bu s\u0259f\u0259rd\u0259 m\u0259qs\u0259dl\u0259ri, h\u0259m ordumuza d\u0259st\u0259k, h\u0259m d\u0259 yerli sakinl\u0259rl\u0259 birg\u0259 omaqdan ibar\u0259t idi.<\/p>\n\n\n\n<p>AVMV\u0130B R\u0259hb\u0259rliyi \u015f\u0259hidimiz Az\u0259rbaycan Ordusunun ba\u015f \u0259sg\u0259ri M\u0259mm\u0259dov El\u015fad D\u00f6nm\u0259z o\u011flunun do\u011fuldu\u011fu Tovuz rayonun A\u011fdam k\u0259ndind\u0259 \u015f\u0259hidin atas\u0131 D\u00f6nm\u0259z M\u0259mm\u0259dovla da g\u00f6r\u00fc\u015f\u00fcbl\u0259r.<\/p>\n\n\n\n<figure class=\"wp-block-image size-large\"><img decoding=\"async\" src=\"blob:http:\/\/fedai.az\/69019995-6751-47ae-be76-bda9f8289d0b\" alt=\"\"\/><\/figure>\n\n\n\n<p>B\u00f6y\u00fck bir hey\u0259tl\u0259 b\u00f6lg\u0259y\u0259 s\u0259f\u0259r ed\u0259n <strong>AVMV\u0130B-nin s\u0259dri F\u00fczuli Rzaquliyev<\/strong> biziml\u0259 s\u00f6hb\u0259td\u0259 dedi: &#171;Bu b\u00f6lg\u0259mizin \u0259halisi q\u0259hr\u0259man v\u0259 qorxmazd\u0131r. Hadis\u0259l\u0259rin h\u0259l\u0259 ilk g\u00fcnl\u0259rind\u0259n, y\u0259ni \u00f6t\u0259n \u0259srd\u0259n tovuzlular q\u0259hr\u0259mancas\u0131na d\u00fc\u015fm\u0259n\u0259 qar\u015f\u0131 m\u00fcbariz\u0259 apard\u0131\u011f\u0131n\u0131 ham\u0131m\u0131z bilirik. Ona g\u00f6r\u0259 d\u0259 burada bir daha q\u00fcrur hissi ke\u00e7irdim. Sakinl\u0259r bir d\u0259qiq\u0259 bel\u0259 olsun d\u00fc\u015f\u00fcnm\u0259dil\u0259r ki, ya\u015fad\u0131qlar\u0131 k\u0259ndi t\u0259rk etsinl\u0259r. B\u00fct\u00fcn bunlar\u0131 \u00f6z g\u00f6zl\u0259rimizl\u0259 g\u00f6rm\u0259k \u00fc\u00e7\u00fcn buraya g\u0259ldik. Ali Ba\u015f Komandan\u0131m\u0131z c\u0259nab \u0130lham \u018fliyevin \u0259mrin\u0259 haz\u0131r oldu\u011fumuzu bildirm\u0259k \u00fc\u00e7\u00fcn buraday\u0131q v\u0259 \u0259ld\u0259 silah \u0259n \u00e7\u0259tin d\u00f6y\u00fc\u015fl\u0259rd\u0259 i\u015ftirak etm\u0259y\u0259 haz\u0131r oldu\u011fumuzu is\u0259 d\u00fc\u015fm\u0259n\u0259 mesaj kimi \u00e7atd\u0131rmaq \u00fc\u00e7\u00fcn buraday\u0131q. Bu q\u0259hr\u0259man b\u00f6lg\u0259mizin h\u0259r birin\u0259 can sa\u011fl\u0131\u011f\u0131 arzulay\u0131r\u0131q.&#187;<\/p>\n\n\n\n<figure class=\"wp-block-image size-large\"><img loading=\"lazy\" decoding=\"async\" width=\"1024\" height=\"768\" src=\"http:\/\/fedai.az\/wp-content\/uploads\/2020\/07\/108141528_563694907840581_1713997073669849587_n-1024x768.jpg\" alt=\"\" class=\"wp-image-10125\" srcset=\"https:\/\/fedai.az\/wp-content\/uploads\/2020\/07\/108141528_563694907840581_1713997073669849587_n-1024x768.jpg 1024w, https:\/\/fedai.az\/wp-content\/uploads\/2020\/07\/108141528_563694907840581_1713997073669849587_n-300x225.jpg 300w, https:\/\/fedai.az\/wp-content\/uploads\/2020\/07\/108141528_563694907840581_1713997073669849587_n-150x113.jpg 150w, https:\/\/fedai.az\/wp-content\/uploads\/2020\/07\/108141528_563694907840581_1713997073669849587_n-768x576.jpg 768w, https:\/\/fedai.az\/wp-content\/uploads\/2020\/07\/108141528_563694907840581_1713997073669849587_n.jpg 1032w\" sizes=\"auto, (max-width: 1024px) 100vw, 1024px\" \/><\/figure>\n\n\n\n<p>Bu s\u0259f\u0259rin t\u0259\u015f\u0259bb\u00fcskarlar\u0131ndan olan <strong>AVMV\u0130B s\u0259drinin I m\u00fcavini Kamil<\/strong> \u015eirinov da m\u00fcharib\u0259 veteranlar\u0131n\u0131n bel\u0259 s\u0259f\u0259rl\u0259ri, h\u0259m yerli \u0259hali, h\u0259m d\u0259 d\u00f6y\u00fc\u015f\u0259n h\u0259rb\u00e7il\u0259rimizi ruhland\u0131r\u0131lmas\u0131 \u00fc\u00e7\u00fcn vacibdir. Hesab edir\u0259m ki, ordumuz, h\u0259qiq\u0259t\u0259n d\u0259 q\u00fcdr\u0259tli oldu\u011funu bir daha s\u00fcbut etdi. Bu d\u00f6y\u00fc\u015fl\u0259rd\u0259 \u015f\u0259hid olan h\u0259rb\u00e7il\u0259rimiz\u0259 Allahdan r\u0259hm\u0259t dl\u0259yir\u0259m v\u0259 bel\u0259 s\u0259f\u0259rl\u0259rin davaml\u0131 olmas\u0131n\u0131n vacib oldu\u011funu bildirir\u0259m.<\/p>\n\n\n\n<figure class=\"wp-block-image size-large\"><img decoding=\"async\" src=\"blob:http:\/\/fedai.az\/234eeb3d-06d1-4819-b8a8-2cb0f2f2009c\" alt=\"\"\/><\/figure>\n\n\n\n<p>S\u0259f\u0259rl\u0259 ba\u011fl\u0131 <strong>AVMV\u0130B s\u0259drinin t\u0259\u015fkilati i\u015fl\u0259r \u00fczr\u0259 m\u00fcavini Vahid Abdur\u0259hmanov<\/strong> bildirdi ki, bu s\u0259f\u0259rd\u0259 i\u015ftirak ed\u0259n 26 \u015f\u00f6b\u0259nin h\u0259r birin\u0259 AVMV\u0130B ad\u0131ndan \u00f6z minn\u0259tdarl\u0131\u011f\u0131m\u0131 bildirir\u0259m. Bu s\u0259f\u0259r\u0259 b\u00fct\u00fcn \u015f\u00f6b\u0259l\u0259rimiz qo\u015fulmaq ist\u0259yirdi. Lakin m\u00f6vcud reall\u0131\u011f\u0131 n\u0259z\u0259r\u0259 ald\u0131q. AVMV\u0130B A\u011fda\u015f rayon \u015f\u00f6b\u0259sinin s\u0259dri \u0130lham Beydullayev v\u0259 rayon \u015f\u00f6b\u0259si veteranlar\u0131 \u0259sg\u0259rl\u0259rimiz\u0259 sovqat g\u0259tirmi\u015fdi. Rayondan xo\u015f t\u0259f\u0259rr\u00fcatlarla ayr\u0131ld\u0131q. Allah V\u0259t\u0259nimizi v\u0259 ordumuzu qorusun!<\/p>\n\n\n\n<figure class=\"wp-block-image size-large\"><img loading=\"lazy\" decoding=\"async\" width=\"768\" height=\"1024\" src=\"http:\/\/fedai.az\/wp-content\/uploads\/2020\/07\/108222916_1627015484135227_1000196749954389237_n-768x1024.jpg\" alt=\"\" class=\"wp-image-10127\" srcset=\"https:\/\/fedai.az\/wp-content\/uploads\/2020\/07\/108222916_1627015484135227_1000196749954389237_n-768x1024.jpg 768w, https:\/\/fedai.az\/wp-content\/uploads\/2020\/07\/108222916_1627015484135227_1000196749954389237_n-225x300.jpg 225w, https:\/\/fedai.az\/wp-content\/uploads\/2020\/07\/108222916_1627015484135227_1000196749954389237_n-113x150.jpg 113w, https:\/\/fedai.az\/wp-content\/uploads\/2020\/07\/108222916_1627015484135227_1000196749954389237_n.jpg 774w\" sizes=\"auto, (max-width: 768px) 100vw, 768px\" \/><\/figure>\n\n\n\n<p>M\u00fcharib\u0259 veteranlar\u0131 Tovuz rayonunda \u015e\u0259hidl\u0259r Xiyaban\u0131n\u0131 ziyar\u0259t etdil\u0259r.<\/p>\n\n\n\n<p><strong>Vaqif Sad\u0131qov<\/strong><\/p>\n\n\n\n<p><strong>Nurlan M\u0259mm\u0259dli<\/strong><\/p>\n\n\n\n<figure class=\"wp-block-image size-large\"><img loading=\"lazy\" decoding=\"async\" width=\"1024\" height=\"768\" src=\"http:\/\/fedai.az\/wp-content\/uploads\/2020\/07\/108201853_600850130563643_8845905861681803389_n-1024x768.jpg\" alt=\"\" class=\"wp-image-10123\" srcset=\"https:\/\/fedai.az\/wp-content\/uploads\/2020\/07\/108201853_600850130563643_8845905861681803389_n-1024x768.jpg 1024w, https:\/\/fedai.az\/wp-content\/uploads\/2020\/07\/108201853_600850130563643_8845905861681803389_n-300x225.jpg 300w, https:\/\/fedai.az\/wp-content\/uploads\/2020\/07\/108201853_600850130563643_8845905861681803389_n-150x113.jpg 150w, https:\/\/fedai.az\/wp-content\/uploads\/2020\/07\/108201853_600850130563643_8845905861681803389_n-768x576.jpg 768w, https:\/\/fedai.az\/wp-content\/uploads\/2020\/07\/108201853_600850130563643_8845905861681803389_n.jpg 1280w\" sizes=\"auto, (max-width: 1024px) 100vw, 1024px\" \/><\/figure>\n\n\n\n<figure class=\"wp-block-embed-youtube wp-block-embed is-type-video is-provider-youtube wp-embed-aspect-16-9 wp-has-aspect-ratio\"><div class=\"wp-block-embed__wrapper\">\n<iframe loading=\"lazy\" title=\"AVMV\u0130B r\u0259hb\u0259rliyi Tovuzda\" width=\"715\" height=\"402\" src=\"https:\/\/www.youtube.com\/embed\/xEzQbOEpcnc?feature=oembed\" frameborder=\"0\" allow=\"accelerometer; autoplay; encrypted-media; gyroscope; picture-in-picture\" allowfullscreen><\/iframe>\n<\/div><\/figure>\n","protected":false},"excerpt":{"rendered":"<p>\u0130yulun 12-d\u0259 Erm\u0259nistan silahl\u0131 q\u00fcvv\u0259l\u0259rinin b\u00f6lm\u0259l\u0259ri Az\u0259rbaycan-Erm\u0259nistan d\u00f6vl\u0259t s\u0259rh\u0259dinin Tovuz istiqam\u0259tind\u0259 m\u00f6vqel\u0259rimizi \u0259l\u0259 ke\u00e7irm\u0259k m\u0259qs\u0259dil\u0259 artilleriya at\u0259\u015find\u0259n istifad\u0259 ed\u0259r\u0259k h\u00fccuma ke\u00e7m\u0259y\u0259 c\u0259hd g\u00f6st\u0259rm\u0259si n\u0259tic\u0259sind\u0259<\/p>\n","protected":false},"author":2,"featured_media":10126,"comment_status":"closed","ping_status":"closed","sticky":false,"template":"","format":"standard","meta":{"footnotes":""},"categories":[5],"tags":[],"class_list":["post-10121","post","type-post","status-publish","format-standard","has-post-thumbnail","hentry","category-veteran"],"aioseo_notices":[],"_links":{"self":[{"href":"https:\/\/fedai.az\/index.php?rest_route=\/wp\/v2\/posts\/10121","targetHints":{"allow":["GET"]}}],"collection":[{"href":"https:\/\/fedai.az\/index.php?rest_route=\/wp\/v2\/posts"}],"about":[{"href":"https:\/\/fedai.az\/index.php?rest_route=\/wp\/v2\/types\/post"}],"author":[{"embeddable":true,"href":"https:\/\/fedai.az\/index.php?rest_route=\/wp\/v2\/users\/2"}],"replies":[{"embeddable":true,"href":"https:\/\/fedai.az\/index.php?rest_route=%2Fwp%2Fv2%2Fcomments&post=10121"}],"version-history":[{"count":2,"href":"https:\/\/fedai.az\/index.php?rest_route=\/wp\/v2\/posts\/10121\/revisions"}],"predecessor-version":[{"id":10156,"href":"https:\/\/fedai.az\/index.php?rest_route=\/wp\/v2\/posts\/10121\/revisions\/10156"}],"wp:featuredmedia":[{"embeddable":true,"href":"https:\/\/fedai.az\/index.php?rest_route=\/wp\/v2\/media\/10126"}],"wp:attachment":[{"href":"https:\/\/fedai.az\/index.php?rest_route=%2Fwp%2Fv2%2Fmedia&parent=10121"}],"wp:term":[{"taxonomy":"category","embeddable":true,"href":"https:\/\/fedai.az\/index.php?rest_route=%2Fwp%2Fv2%2Fcategories&post=10121"},{"taxonomy":"post_tag","embeddable":true,"href":"https:\/\/fedai.az\/index.php?rest_route=%2Fwp%2Fv2%2Ftags&post=10121"}],"curies":[{"name":"wp","href":"https:\/\/api.w.org\/{rel}","templated":true}]}}