{"id":10145,"date":"2020-07-16T13:39:43","date_gmt":"2020-07-16T09:39:43","guid":{"rendered":"http:\/\/fedai.az\/?p=10145"},"modified":"2020-07-16T13:39:51","modified_gmt":"2020-07-16T09:39:51","slug":"mu%c9%99lliml%c9%99rin-is%c9%99-q%c9%99bulu-uzr%c9%99-elektron-%c9%99riz%c9%99l%c9%99rin-qeydiyyati-baslayir","status":"publish","type":"post","link":"https:\/\/fedai.az\/?p=10145","title":{"rendered":"M\u00fc\u0259lliml\u0259rin i\u015f\u0259 q\u0259bulu \u00fczr\u0259 elektron \u0259riz\u0259l\u0259rin qeydiyyat\u0131 ba\u015flay\u0131r"},"content":{"rendered":"\n<p><strong>Bu g\u00fcnd\u0259n T\u0259hsil Nazirliyi sistemin\u0259 daxil olan \u00fcmumi t\u0259hsil m\u00fc\u0259ssis\u0259l\u0259rin\u0259 m\u00fc\u0259lliml\u0259rin i\u015f\u0259 q\u0259bulu \u00fczr\u0259 elektron \u0259riz\u0259l\u0259rin qeydiyyat\u0131 ba\u015flay\u0131r. Bu proses iyulun 25-d\u0259k (son tarix daxil olmaqla) davam ed\u0259c\u0259k.<\/strong><\/p>\n\n\n\n<p>Nazirlikd\u0259n veril\u0259n m\u0259lumata g\u00f6r\u0259, m\u00fcsabiq\u0259d\u0259 ali v\u0259 orta ixtisas t\u0259hsili m\u00fc\u0259ssis\u0259l\u0259rini pedaqoji ixtisaslar \u00fczr\u0259 bitirmi\u015f, d\u00f6vl\u0259t n\u00fcmun\u0259li t\u0259hsil s\u0259n\u0259di (diplom) alm\u0131\u015f v\u0259 ya xarici \u00f6lk\u0259d\u0259 ald\u0131\u011f\u0131 ali t\u0259hsil haqq\u0131nda s\u0259n\u0259di tan\u0131nm\u0131\u015f Az\u0259rbaycan Respublikas\u0131n\u0131n v\u0259t\u0259nda\u015flar\u0131 v\u0259 ya Az\u0259rbaycan Respublikas\u0131nda daimi ya\u015famaq \u00fc\u00e7\u00fcn icaz\u0259 verilmi\u015f \u015f\u0259xsl\u0259r i\u015ftirak ed\u0259 bil\u0259rl\u0259r.<\/p>\n\n\n\n<p>M\u00fcsabiq\u0259d\u0259 i\u015ftirak etm\u0259k ist\u0259y\u0259n namiz\u0259dl\u0259r miq.edu.az sayt\u0131nda qeydiyyatdan ke\u00e7m\u0259lidirl\u0259r.<\/p>\n\n\n\n<p>H\u0259r il oldu\u011fu kimi, m\u00fc\u0259lliml\u0259rin i\u015f\u0259 q\u0259bulu \u00fczr\u0259 m\u00fcsabiq\u0259 4 m\u0259rh\u0259l\u0259d\u0259 (elektron \u0259riz\u0259d\u0259ki g\u00f6st\u0259ricil\u0259rin qiym\u0259tl\u0259ndirilm\u0259si, test imtahan\u0131, vakant yerl\u0259rin se\u00e7ilm\u0259si v\u0259 m\u00fcsahib\u0259) t\u0259\u015fkil edil\u0259c\u0259k. Test imtahan\u0131 m\u0259rh\u0259l\u0259sind\u0259 namiz\u0259d\u0259 ixtisas, t\u0259dris metodikas\u0131 v\u0259 t\u0259lim strategiyalar\u0131na aid suallar t\u0259qdim edil\u0259c\u0259k. Bu ild\u0259n namiz\u0259dl\u0259r\u0259 m\u0259ntiq \u00fczr\u0259 suallar t\u0259qdim edilm\u0259y\u0259c\u0259k. Namiz\u0259dl\u0259r vakansiya se\u00e7imini m\u00fcsabiq\u0259nin test imtahan\u0131 m\u0259rh\u0259l\u0259sind\u0259n sonra ed\u0259 bil\u0259c\u0259kl\u0259r. Bu m\u0259rh\u0259l\u0259d\u0259 ke\u00e7id bal\u0131n\u0131 toplam\u0131\u015f namiz\u0259dl\u0259r 8 vakant yer se\u00e7\u0259 bil\u0259c\u0259kl\u0259r. Namiz\u0259dl\u0259rin vakant yerl\u0259r\u0259 yerl\u0259\u015fdirilm\u0259si elektron \u0259riz\u0259l\u0259rind\u0259 qeyd etdikl\u0259ri se\u00e7im ard\u0131c\u0131ll\u0131\u011f\u0131 g\u00f6zl\u0259nilm\u0259kl\u0259 apar\u0131lacaq. M\u00fcsahib\u0259 m\u0259rh\u0259l\u0259sind\u0259 test imtahanlar\u0131n\u0131n n\u0259tic\u0259l\u0259rin\u0259 \u0259sas\u0259n vakant yer tutmaq h\u00fcququ qazanm\u0131\u015f namiz\u0259dl\u0259rin bilik v\u0259 bacar\u0131qlar\u0131, psixoloji haz\u0131rl\u0131\u011f\u0131 v\u0259 \u00fcmumi d\u00fcnyag\u00f6r\u00fc\u015f\u00fc&nbsp; yoxlan\u0131lacaq.<\/p>\n\n\n\n<p>\u00d6lk\u0259d\u0259 m\u00f6vcud olan sanitar-epidemioloji v\u0259ziyy\u0259ti v\u0259 Nazirl\u0259r Kabineti yan\u0131nda Operativ Q\u0259rargah\u0131n pandemiya \u015f\u0259raitind\u0259 imtahanlar\u0131n ke\u00e7irilm\u0259sin\u0259 dair t\u0259l\u0259b v\u0259 t\u00f6vsiy\u0259l\u0259rini n\u0259z\u0259r\u0259 alaraq, builki m\u00fc\u0259lliml\u0259rin i\u015f\u0259 q\u0259bulu m\u00fcsabiq\u0259sin\u0259 \u0259vv\u0259lki ill\u0259rd\u0259n f\u0259rqli olaraq x\u00fcsusi \u015f\u0259rtl\u0259r t\u0259tbiq edil\u0259c\u0259k.<\/p>\n\n\n\n<p>\u2022 M\u00fcsabiq\u0259nin test imtahan\u0131 m\u0259rh\u0259l\u0259si \u0259n\u0259n\u0259vi olaraq Bak\u0131 \u015f\u0259h\u0259rind\u0259, bir m\u0259kanda deyil, \u00f6lk\u0259nin m\u00fcxt\u0259lif \u015f\u0259h\u0259r v\u0259 rayonlar\u0131nda yarad\u0131lan imtahan m\u0259rk\u0259zl\u0259rind\u0259 karantin rejiminin m\u00fcvafiq t\u0259l\u0259bl\u0259rin\u0259 \u0259m\u0259l edilm\u0259kl\u0259 \u0259vv\u0259lc\u0259d\u0259n elan edilmi\u015f qrafik\u0259 uy\u011fun olaraq t\u0259\u015fkil edil\u0259c\u0259k.<\/p>\n\n\n\n<p>\u2022 H\u0259r bir imtahan m\u0259rk\u0259zind\u0259 eyni zamanda imtahanda i\u015ftirak ed\u0259c\u0259k namiz\u0259dl\u0259rin v\u0259 t\u0259\u015fkil edil\u0259c\u0259k imtahan sessiyalar\u0131n say\u0131na m\u0259hdudiyy\u0259t t\u0259tbiq edil\u0259c\u0259k.<\/p>\n\n\n\n<p>\u2022 \u0130mtahanlar\u0131n t\u0259\u015fkilin\u0259 c\u0259lb olunan b\u00fct\u00fcn \u0259m\u0259kda\u015flar COVID\u201119 testind\u0259n ke\u00e7iril\u0259c\u0259k.<\/p>\n\n\n\n<p>\u2022 Builki imtahanda i\u015ftirak\u00e7\u0131lar\u0131n k\u00fctl\u0259viliyinin azald\u0131lmas\u0131 m\u0259qs\u0259dil\u0259 haz\u0131rda d\u00f6vl\u0259t \u00fcmumi t\u0259hsil m\u00fc\u0259ssis\u0259l\u0259rind\u0259 \u00e7al\u0131\u015fan v\u0259 imtahanda i\u015ftirak etm\u0259kd\u0259 \u0259sas m\u0259qs\u0259di \u00f6z\u00fcn\u00fc s\u0131namaq, \u0259vv\u0259lki imtahanda qazand\u0131\u011f\u0131 n\u0259tic\u0259l\u0259ri yax\u015f\u0131la\u015fd\u0131rmaqla i\u015f yerini d\u0259yi\u015fdirm\u0259k v\u0259 ya ikinci i\u015f yeri qazanmaq olan m\u00fc\u0259lliml\u0259r bu imtahanlarda i\u015ftirak etm\u0259y\u0259c\u0259kl\u0259r. Bu namiz\u0259dl\u0259r\u0259 n\u00f6vb\u0259ti aylarda \u0259lav\u0259 olaraq t\u0259\u015fkil edil\u0259c\u0259k yerd\u0259yi\u015fm\u0259, qar\u015f\u0131l\u0131ql\u0131 yerd\u0259yi\u015fm\u0259 v\u0259 ya t\u0259krar m\u00fc\u0259lliml\u0259rin i\u015f\u0259 q\u0259bulu m\u00fcsabiq\u0259sind\u0259 (sanitar-epidemioloji v\u0259ziyy\u0259td\u0259n as\u0131l\u0131 olaraq) i\u015ftirak etm\u0259k imkan\u0131 t\u0259qdim edil\u0259c\u0259k.<\/p>\n\n\n\n<p>\u2022 M\u00fcsabiq\u0259nin m\u00fcsahib\u0259 m\u0259rh\u0259l\u0259si onlayn \u015f\u0259kild\u0259 t\u0259\u015fkil olunacaq.&nbsp;<\/p>\n\n\n\n<p>M\u00fc\u0259lliml\u0259rin i\u015f\u0259 q\u0259bulu \u00fczr\u0259 elektron \u0259riz\u0259l\u0259rin qeydiyyat\u0131 tamamland\u0131qdan sonra m\u00fcsabiq\u0259nin test m\u0259rh\u0259l\u0259sinin t\u0259\u015fkil edil\u0259c\u0259yi imtahan m\u0259rk\u0259zl\u0259rinin yerl\u0259ri v\u0259 h\u0259min m\u0259rk\u0259zl\u0259rd\u0259 imtahan\u0131n t\u0259\u015fkil edil\u0259c\u0259yi tarixl\u0259r bar\u0259d\u0259 m\u0259lumat namiz\u0259dl\u0259rin elektron kabinetl\u0259rin\u0259 g\u00f6nd\u0259ril\u0259c\u0259k.<\/p>\n","protected":false},"excerpt":{"rendered":"<p>Bu g\u00fcnd\u0259n T\u0259hsil Nazirliyi sistemin\u0259 daxil olan \u00fcmumi t\u0259hsil m\u00fc\u0259ssis\u0259l\u0259rin\u0259 m\u00fc\u0259lliml\u0259rin i\u015f\u0259 q\u0259bulu \u00fczr\u0259 elektron \u0259riz\u0259l\u0259rin qeydiyyat\u0131 ba\u015flay\u0131r. Bu proses iyulun 25-d\u0259k (son tarix<\/p>\n","protected":false},"author":2,"featured_media":0,"comment_status":"closed","ping_status":"closed","sticky":false,"template":"","format":"standard","meta":{"footnotes":""},"categories":[8],"tags":[],"class_list":["post-10145","post","type-post","status-publish","format-standard","hentry","category-thsil"],"aioseo_notices":[],"_links":{"self":[{"href":"https:\/\/fedai.az\/index.php?rest_route=\/wp\/v2\/posts\/10145","targetHints":{"allow":["GET"]}}],"collection":[{"href":"https:\/\/fedai.az\/index.php?rest_route=\/wp\/v2\/posts"}],"about":[{"href":"https:\/\/fedai.az\/index.php?rest_route=\/wp\/v2\/types\/post"}],"author":[{"embeddable":true,"href":"https:\/\/fedai.az\/index.php?rest_route=\/wp\/v2\/users\/2"}],"replies":[{"embeddable":true,"href":"https:\/\/fedai.az\/index.php?rest_route=%2Fwp%2Fv2%2Fcomments&post=10145"}],"version-history":[{"count":1,"href":"https:\/\/fedai.az\/index.php?rest_route=\/wp\/v2\/posts\/10145\/revisions"}],"predecessor-version":[{"id":10146,"href":"https:\/\/fedai.az\/index.php?rest_route=\/wp\/v2\/posts\/10145\/revisions\/10146"}],"wp:attachment":[{"href":"https:\/\/fedai.az\/index.php?rest_route=%2Fwp%2Fv2%2Fmedia&parent=10145"}],"wp:term":[{"taxonomy":"category","embeddable":true,"href":"https:\/\/fedai.az\/index.php?rest_route=%2Fwp%2Fv2%2Fcategories&post=10145"},{"taxonomy":"post_tag","embeddable":true,"href":"https:\/\/fedai.az\/index.php?rest_route=%2Fwp%2Fv2%2Ftags&post=10145"}],"curies":[{"name":"wp","href":"https:\/\/api.w.org\/{rel}","templated":true}]}}