{"id":10148,"date":"2020-07-16T13:51:26","date_gmt":"2020-07-16T09:51:26","guid":{"rendered":"http:\/\/fedai.az\/?p=10148"},"modified":"2020-07-16T15:13:43","modified_gmt":"2020-07-16T11:13:43","slug":"ombudsman-yarali-h%c9%99rbcil%c9%99rimiz%c9%99-bas-c%c9%99kdi-foto","status":"publish","type":"post","link":"https:\/\/fedai.az\/?p=10148","title":{"rendered":"Ombudsman yaral\u0131 h\u0259rb\u00e7il\u0259rimiz\u0259 ba\u015f \u00e7\u0259kdi"},"content":{"rendered":"\n<p>Az\u0259rbaycan\u0131n \u0130nsan H\u00fcquqlar\u0131 \u00fczr\u0259 M\u00fcv\u0259kkili (Ombudsman) S\u0259bin\u0259 \u018fliyeva Erm\u0259nistan silahl\u0131 q\u00fcvv\u0259l\u0259rinin Az\u0259rbaycan-Erm\u0259nistan d\u00f6vl\u0259t s\u0259rh\u0259dinin Tovuz rayonu istiqam\u0259tind\u0259 t\u00f6r\u0259tdiyi t\u0259xribat n\u0259tic\u0259sind\u0259 yaralanan h\u0259rbi qulluq\u00e7ulara ba\u015f \u00e7\u0259kib.<\/p>\n\n\n\n<p>Bu bar\u0259d\u0259 Ombudsman Aparat\u0131 m\u0259lumat yay\u0131b.<\/p>\n\n\n\n<figure class=\"wp-block-image size-large\"><img loading=\"lazy\" decoding=\"async\" width=\"960\" height=\"720\" src=\"http:\/\/fedai.az\/wp-content\/uploads\/2020\/07\/1594890116_c640ee68-d50a-3af1-815e-ca8952b0e735-1.jpg\" alt=\"\" class=\"wp-image-10163\" srcset=\"https:\/\/fedai.az\/wp-content\/uploads\/2020\/07\/1594890116_c640ee68-d50a-3af1-815e-ca8952b0e735-1.jpg 960w, https:\/\/fedai.az\/wp-content\/uploads\/2020\/07\/1594890116_c640ee68-d50a-3af1-815e-ca8952b0e735-1-300x225.jpg 300w, https:\/\/fedai.az\/wp-content\/uploads\/2020\/07\/1594890116_c640ee68-d50a-3af1-815e-ca8952b0e735-1-150x113.jpg 150w, https:\/\/fedai.az\/wp-content\/uploads\/2020\/07\/1594890116_c640ee68-d50a-3af1-815e-ca8952b0e735-1-768x576.jpg 768w\" sizes=\"auto, (max-width: 960px) 100vw, 960px\" \/><\/figure>\n","protected":false},"excerpt":{"rendered":"<p>Az\u0259rbaycan\u0131n \u0130nsan H\u00fcquqlar\u0131 \u00fczr\u0259 M\u00fcv\u0259kkili (Ombudsman) S\u0259bin\u0259 \u018fliyeva Erm\u0259nistan silahl\u0131 q\u00fcvv\u0259l\u0259rinin Az\u0259rbaycan-Erm\u0259nistan d\u00f6vl\u0259t s\u0259rh\u0259dinin Tovuz rayonu istiqam\u0259tind\u0259 t\u00f6r\u0259tdiyi t\u0259xribat n\u0259tic\u0259sind\u0259 yaralanan h\u0259rbi qulluq\u00e7ulara ba\u015f<\/p>\n","protected":false},"author":2,"featured_media":0,"comment_status":"closed","ping_status":"closed","sticky":false,"template":"","format":"standard","meta":{"footnotes":""},"categories":[3],"tags":[],"class_list":["post-10148","post","type-post","status-publish","format-standard","hentry","category-gundm"],"aioseo_notices":[],"_links":{"self":[{"href":"https:\/\/fedai.az\/index.php?rest_route=\/wp\/v2\/posts\/10148","targetHints":{"allow":["GET"]}}],"collection":[{"href":"https:\/\/fedai.az\/index.php?rest_route=\/wp\/v2\/posts"}],"about":[{"href":"https:\/\/fedai.az\/index.php?rest_route=\/wp\/v2\/types\/post"}],"author":[{"embeddable":true,"href":"https:\/\/fedai.az\/index.php?rest_route=\/wp\/v2\/users\/2"}],"replies":[{"embeddable":true,"href":"https:\/\/fedai.az\/index.php?rest_route=%2Fwp%2Fv2%2Fcomments&post=10148"}],"version-history":[{"count":2,"href":"https:\/\/fedai.az\/index.php?rest_route=\/wp\/v2\/posts\/10148\/revisions"}],"predecessor-version":[{"id":10164,"href":"https:\/\/fedai.az\/index.php?rest_route=\/wp\/v2\/posts\/10148\/revisions\/10164"}],"wp:attachment":[{"href":"https:\/\/fedai.az\/index.php?rest_route=%2Fwp%2Fv2%2Fmedia&parent=10148"}],"wp:term":[{"taxonomy":"category","embeddable":true,"href":"https:\/\/fedai.az\/index.php?rest_route=%2Fwp%2Fv2%2Fcategories&post=10148"},{"taxonomy":"post_tag","embeddable":true,"href":"https:\/\/fedai.az\/index.php?rest_route=%2Fwp%2Fv2%2Ftags&post=10148"}],"curies":[{"name":"wp","href":"https:\/\/api.w.org\/{rel}","templated":true}]}}