{"id":10157,"date":"2020-07-16T14:51:48","date_gmt":"2020-07-16T10:51:48","guid":{"rendered":"http:\/\/fedai.az\/?p=10157"},"modified":"2020-07-16T14:51:56","modified_gmt":"2020-07-16T10:51:56","slug":"generalin-bacisindan-sensasion-aciqlama-dovl%c9%99tlinin-s%c9%99hidi-olmur-kasibin-s%c9%99hididir-video","status":"publish","type":"post","link":"https:\/\/fedai.az\/?p=10157","title":{"rendered":"General\u0131n bac\u0131s\u0131ndan sensasion a\u00e7\u0131qlama: &#171;D\u00f6vl\u0259tlinin \u015f\u0259hidi olmur, kas\u0131b\u0131n \u015f\u0259hididir&#187; &#8212; V\u0130DEO"},"content":{"rendered":"\n<p><strong>\u201cD\u00f6vl\u0259tlinin \u015f\u0259hidi olmur, kas\u0131b\u0131n \u015f\u0259hididir.\u201d<\/strong><\/p>\n\n\n\n<p>Bu s\u00f6zl\u0259ri \u0130yulun 13-d\u0259 Tovuz rayonunda \u015f\u0259hid olan General Polad H\u0259\u015fimovun bac\u0131s\u0131 Arzu H\u0259\u015fimova deyib.<\/p>\n\n\n\n<p>\u201c\u015e\u0259hidin torpa\u011f\u0131d\u0131r, kas\u0131b\u0131n torpa\u011f\u0131d\u0131r. Kimin siyasi mara\u011f\u0131 varsa, getsin, meydanda el\u0259sin. \u0130caz\u0259 verin m\u0259n o\u011flumla vidala\u015f\u0131m. H\u0259r bir anan\u0131n haqq\u0131d\u0131r ki, o\u011fulunun tabutu il\u0259 sa\u011folla\u015fs\u0131n\u201d. Kadrlar\u0131 Meydan tv yay\u0131b&#8230;<\/p>\n\n\n\n<figure class=\"wp-block-embed-youtube wp-block-embed is-type-video is-provider-youtube wp-embed-aspect-16-9 wp-has-aspect-ratio\"><div class=\"wp-block-embed__wrapper\">\n<iframe loading=\"lazy\" title=\"\u015e\u0259hid general\u0131n bac\u0131s\u0131: &quot;Bu \u015f\u0259hid kas\u0131b\u0131n \u015f\u0259hididir, d\u00f6vl\u0259tlinin \u015f\u0259hidi olmur&quot;\" width=\"715\" height=\"402\" src=\"https:\/\/www.youtube.com\/embed\/HiUohS2oQ0E?feature=oembed\" frameborder=\"0\" allow=\"accelerometer; autoplay; encrypted-media; gyroscope; picture-in-picture\" allowfullscreen><\/iframe>\n<\/div><\/figure>\n","protected":false},"excerpt":{"rendered":"<p>\u201cD\u00f6vl\u0259tlinin \u015f\u0259hidi olmur, kas\u0131b\u0131n \u015f\u0259hididir.\u201d Bu s\u00f6zl\u0259ri \u0130yulun 13-d\u0259 Tovuz rayonunda \u015f\u0259hid olan General Polad H\u0259\u015fimovun bac\u0131s\u0131 Arzu H\u0259\u015fimova deyib. \u201c\u015e\u0259hidin torpa\u011f\u0131d\u0131r, kas\u0131b\u0131n torpa\u011f\u0131d\u0131r.<\/p>\n","protected":false},"author":2,"featured_media":0,"comment_status":"closed","ping_status":"closed","sticky":false,"template":"","format":"standard","meta":{"footnotes":""},"categories":[3],"tags":[],"class_list":["post-10157","post","type-post","status-publish","format-standard","hentry","category-gundm"],"aioseo_notices":[],"_links":{"self":[{"href":"https:\/\/fedai.az\/index.php?rest_route=\/wp\/v2\/posts\/10157","targetHints":{"allow":["GET"]}}],"collection":[{"href":"https:\/\/fedai.az\/index.php?rest_route=\/wp\/v2\/posts"}],"about":[{"href":"https:\/\/fedai.az\/index.php?rest_route=\/wp\/v2\/types\/post"}],"author":[{"embeddable":true,"href":"https:\/\/fedai.az\/index.php?rest_route=\/wp\/v2\/users\/2"}],"replies":[{"embeddable":true,"href":"https:\/\/fedai.az\/index.php?rest_route=%2Fwp%2Fv2%2Fcomments&post=10157"}],"version-history":[{"count":1,"href":"https:\/\/fedai.az\/index.php?rest_route=\/wp\/v2\/posts\/10157\/revisions"}],"predecessor-version":[{"id":10159,"href":"https:\/\/fedai.az\/index.php?rest_route=\/wp\/v2\/posts\/10157\/revisions\/10159"}],"wp:attachment":[{"href":"https:\/\/fedai.az\/index.php?rest_route=%2Fwp%2Fv2%2Fmedia&parent=10157"}],"wp:term":[{"taxonomy":"category","embeddable":true,"href":"https:\/\/fedai.az\/index.php?rest_route=%2Fwp%2Fv2%2Fcategories&post=10157"},{"taxonomy":"post_tag","embeddable":true,"href":"https:\/\/fedai.az\/index.php?rest_route=%2Fwp%2Fv2%2Ftags&post=10157"}],"curies":[{"name":"wp","href":"https:\/\/api.w.org\/{rel}","templated":true}]}}