{"id":10168,"date":"2020-07-16T16:37:26","date_gmt":"2020-07-16T12:37:26","guid":{"rendered":"http:\/\/fedai.az\/?p=10168"},"modified":"2020-07-16T16:48:27","modified_gmt":"2020-07-16T12:48:27","slug":"ceyhun-bayramov-xarici-isl%c9%99r-naziri-t%c9%99yin-edildi","status":"publish","type":"post","link":"https:\/\/fedai.az\/?p=10168","title":{"rendered":"Ceyhun Bayramov Xarici \u0130\u015fl\u0259r naziri t\u0259yin edildi"},"content":{"rendered":"\n<p>Ceyhun \u018fziz o\u011flu Bayramov Az\u0259rbaycan Respublikas\u0131n\u0131n T\u0259hsil naziri v\u0259zif\u0259sind\u0259n azad edilib.&nbsp;<\/p>\n\n\n\n<p><br>Fedai.az x\u0259b\u0259r verir ki, bu haqda Az\u0259rbaycan Prezidenti \u0130lham \u018fliyev s\u0259r\u0259ncam verib.\u00a0<br>***<br>D\u00f6vl\u0259t ba\u015f\u00e7\u0131s\u0131n\u0131n dig\u0259r s\u0259r\u0259ncam\u0131 Ceyhun \u018fziz o\u011flu Bayramov Az\u0259rbaycan Respublikas\u0131n\u0131n Xarici i\u015fl\u0259r naziri t\u0259yin edilib.<\/p>\n\n\n\n<p>Ceyhun \u018fziz o\u011flu Bayramov 1973-c\u00fc ild\u0259 Bak\u0131 \u015f\u0259h\u0259rind\u0259 anadan olub. Az\u0259rbaycan D\u00f6vl\u0259t \u0130qtisad \u0130nstitutunu iqtisad\u00e7\u0131 ixtisas\u0131 \u00fczr\u0259, Az\u0259rbaycan Universitetini is\u0259 h\u00fcquq\u015f\u00fcnasl\u0131q ixtisas\u0131 \u00fczr\u0259 bitirib.<\/p>\n\n\n\n<p><br>1996-2000-ci ill\u0259rd\u0259 Vergil\u0259r Nazirliyind\u0259 m\u00fcxt\u0259lif v\u0259zif\u0259l\u0259rd\u0259 \u00e7al\u0131\u015f\u0131b, 2000-2002-ci ill\u0259rd\u0259 &#171;Salans Hertzfeld &amp; Heilbronn (Baku) Limited\u201d \u015firk\u0259tind\u0259 h\u00fcquq\u015f\u00fcnas, 2002-2013-c\u00fc ill\u0259rd\u0259 is\u0259 &#171;OMN\u0130\u201d h\u00fcquq \u015firk\u0259tinin direktoru olub.<\/p>\n\n\n\n<p><br>2004-2012-ci ill\u0259rd\u0259 d\u00fcnyan\u0131n apar\u0131c\u0131 h\u00fcquq n\u0259\u015frl\u0259rind\u0259n olan &#171;Chambers Global\u201d, &#171;IFLR1000\u201d v\u0259 &#171;Legal500\u201d t\u0259r\u0259find\u0259n h\u0259r il Az\u0259rbaycanda vergiqoyma v\u0259 m\u00fclki h\u00fcquq sah\u0259sind\u0259 apar\u0131c\u0131 h\u00fcquq\u015f\u00fcnaslar siyah\u0131s\u0131na daxil edilib. 2013-c\u00fc il may\u0131n 30-dan avqustun 12-d\u0259k Az\u0259rbaycan Respublikas\u0131 T\u0259hsil Nazirliyi aparat\u0131n\u0131n r\u0259hb\u0259ri v\u0259zif\u0259sind\u0259 \u00e7al\u0131\u015f\u0131b.<br>Az\u0259rbaycan Respublikas\u0131 Prezidentinin 12 avqust 2013-c\u00fc il tarixli s\u0259r\u0259ncam\u0131 il\u0259 Az\u0259rbaycan Respublikas\u0131 T\u0259hsil nazirinin m\u00fcavini t\u0259yin olunub.<\/p>\n\n\n\n<p><br>Evlidir, 2 \u00f6vlad\u0131 var.<\/p>\n","protected":false},"excerpt":{"rendered":"<p>Ceyhun \u018fziz o\u011flu Bayramov Az\u0259rbaycan Respublikas\u0131n\u0131n T\u0259hsil naziri v\u0259zif\u0259sind\u0259n azad edilib.&nbsp; Fedai.az x\u0259b\u0259r verir ki, bu haqda Az\u0259rbaycan Prezidenti \u0130lham \u018fliyev s\u0259r\u0259ncam verib.\u00a0***D\u00f6vl\u0259t ba\u015f\u00e7\u0131s\u0131n\u0131n<\/p>\n","protected":false},"author":2,"featured_media":0,"comment_status":"closed","ping_status":"closed","sticky":false,"template":"","format":"standard","meta":{"footnotes":""},"categories":[1],"tags":[],"class_list":["post-10168","post","type-post","status-publish","format-standard","hentry","category-siyast"],"aioseo_notices":[],"_links":{"self":[{"href":"https:\/\/fedai.az\/index.php?rest_route=\/wp\/v2\/posts\/10168","targetHints":{"allow":["GET"]}}],"collection":[{"href":"https:\/\/fedai.az\/index.php?rest_route=\/wp\/v2\/posts"}],"about":[{"href":"https:\/\/fedai.az\/index.php?rest_route=\/wp\/v2\/types\/post"}],"author":[{"embeddable":true,"href":"https:\/\/fedai.az\/index.php?rest_route=\/wp\/v2\/users\/2"}],"replies":[{"embeddable":true,"href":"https:\/\/fedai.az\/index.php?rest_route=%2Fwp%2Fv2%2Fcomments&post=10168"}],"version-history":[{"count":2,"href":"https:\/\/fedai.az\/index.php?rest_route=\/wp\/v2\/posts\/10168\/revisions"}],"predecessor-version":[{"id":10171,"href":"https:\/\/fedai.az\/index.php?rest_route=\/wp\/v2\/posts\/10168\/revisions\/10171"}],"wp:attachment":[{"href":"https:\/\/fedai.az\/index.php?rest_route=%2Fwp%2Fv2%2Fmedia&parent=10168"}],"wp:term":[{"taxonomy":"category","embeddable":true,"href":"https:\/\/fedai.az\/index.php?rest_route=%2Fwp%2Fv2%2Fcategories&post=10168"},{"taxonomy":"post_tag","embeddable":true,"href":"https:\/\/fedai.az\/index.php?rest_route=%2Fwp%2Fv2%2Ftags&post=10168"}],"curies":[{"name":"wp","href":"https:\/\/api.w.org\/{rel}","templated":true}]}}