{"id":10191,"date":"2020-07-16T18:11:15","date_gmt":"2020-07-16T14:11:15","guid":{"rendered":"http:\/\/fedai.az\/?p=10191"},"modified":"2020-07-16T18:27:35","modified_gmt":"2020-07-16T14:27:35","slug":"s%c9%99hidimiz-var-2","status":"publish","type":"post","link":"https:\/\/fedai.az\/?p=10191","title":{"rendered":"\u015e\u018fH\u0130D\u0130M\u0130Z VAR&#8230;"},"content":{"rendered":"\n<p><strong>\u0130yulun 16-da s\u0259h\u0259r saat 05.45-d\u0259n ba\u015flayaraq Az\u0259rbaycan-Erm\u0259nistan d\u00f6vl\u0259t s\u0259rh\u0259dinin Tovuz rayonu istiqam\u0259tind\u0259 aktiv d\u00f6y\u00fc\u015f \u0259m\u0259liyyatlar\u0131 ke\u00e7irilir<\/strong>.<\/p>\n\n\n\n<p><br>Bu bar\u0259d\u0259 Az\u0259rbaycan M\u00fcdafi\u0259 Nazirliyind\u0259n m\u0259lumat verilib.<\/p>\n\n\n\n<figure class=\"wp-block-gallery columns-1 is-cropped wp-block-gallery-1 is-layout-flex wp-block-gallery-is-layout-flex\"><ul class=\"blocks-gallery-grid\"><li class=\"blocks-gallery-item\"><figure><img loading=\"lazy\" decoding=\"async\" width=\"552\" height=\"656\" src=\"http:\/\/fedai.az\/wp-content\/uploads\/2020\/07\/109840748_730928264146799_7866984616916722146_n.jpg\" alt=\"\" data-id=\"10192\" data-full-url=\"http:\/\/fedai.az\/wp-content\/uploads\/2020\/07\/109840748_730928264146799_7866984616916722146_n.jpg\" data-link=\"http:\/\/fedai.az\/?attachment_id=10192\" class=\"wp-image-10192\" srcset=\"https:\/\/fedai.az\/wp-content\/uploads\/2020\/07\/109840748_730928264146799_7866984616916722146_n.jpg 552w, https:\/\/fedai.az\/wp-content\/uploads\/2020\/07\/109840748_730928264146799_7866984616916722146_n-252x300.jpg 252w, https:\/\/fedai.az\/wp-content\/uploads\/2020\/07\/109840748_730928264146799_7866984616916722146_n-126x150.jpg 126w\" sizes=\"auto, (max-width: 552px) 100vw, 552px\" \/><\/figure><\/li><\/ul><\/figure>\n\n\n\n<p><br>Haz\u0131rki vaxtad\u0259k davam ed\u0259n d\u00f6y\u00fc\u015fl\u0259rd\u0259 d\u00fc\u015fm\u0259nin 20-y\u0259 yax\u0131n canl\u0131 q\u00fcvv\u0259si, 1 zirehli texnikas\u0131, 1 radioelektron m\u00fcbariz\u0259 (REM) vasit\u0259si, d\u00f6y\u00fc\u015f postlar\u0131 v\u0259 dayaq m\u0259nt\u0259q\u0259si b\u00f6lm\u0259l\u0259rimizin s\u0259rrast at\u0259\u015fi il\u0259 m\u0259hv edilib.<\/p>\n\n\n\n<p><br>D\u00f6y\u00fc\u015fl\u0259r zaman\u0131 Az\u0259rbaycan Ordusunun m\u00fcdd\u0259td\u0259n art\u0131q h\u0259qiqi h\u0259rbi xidm\u0259t qulluq\u00e7usu \u0259sg\u0259r \u0130smay\u0131lov Nazim \u018ffqan o\u011flu \u015f\u0259hid olub.<\/p>\n\n\n\n<p><br>M\u00fcdafi\u0259 Nazirliyinin r\u0259hb\u0259rliyi \u015f\u0259hidin ail\u0259sin\u0259 ba\u015fsa\u011fl\u0131\u011f\u0131 verir v\u0259 s\u0259br dil\u0259yir. Allah r\u0259hm\u0259t el\u0259sin!<\/p>\n\n\n\n<p><br>B\u00f6lm\u0259l\u0259rimiz d\u00fc\u015fm\u0259nin d\u00f6y\u00fc\u015f aktivliyinin qar\u015f\u0131s\u0131n\u0131 almaq m\u0259qs\u0259di il\u0259 cavab t\u0259dbirl\u0259ri g\u00f6r\u00fcr.<\/p>\n\n\n\n<p><strong>AVMV\u0130B R\u0259hb\u0259rliyi \u015f\u0259hidin yax\u0131nlar\u0131na v\u0259 Az\u0259rbaycan xalq\u0131na d\u0259rin h\u00fcznl\u0259 ba\u015fsa\u011fl\u0131\u011f\u0131 verir.<\/strong><\/p>\n\n\n\n<p><strong>Allah r\u0259hm\u0259t el\u0259sin!<\/strong><\/p>\n","protected":false},"excerpt":{"rendered":"<p>\u0130yulun 16-da s\u0259h\u0259r saat 05.45-d\u0259n ba\u015flayaraq Az\u0259rbaycan-Erm\u0259nistan d\u00f6vl\u0259t s\u0259rh\u0259dinin Tovuz rayonu istiqam\u0259tind\u0259 aktiv d\u00f6y\u00fc\u015f \u0259m\u0259liyyatlar\u0131 ke\u00e7irilir. Bu bar\u0259d\u0259 Az\u0259rbaycan M\u00fcdafi\u0259 Nazirliyind\u0259n m\u0259lumat verilib. Haz\u0131rki<\/p>\n","protected":false},"author":2,"featured_media":9172,"comment_status":"closed","ping_status":"closed","sticky":false,"template":"","format":"standard","meta":{"footnotes":""},"categories":[3],"tags":[],"class_list":["post-10191","post","type-post","status-publish","format-standard","has-post-thumbnail","hentry","category-gundm"],"aioseo_notices":[],"_links":{"self":[{"href":"https:\/\/fedai.az\/index.php?rest_route=\/wp\/v2\/posts\/10191","targetHints":{"allow":["GET"]}}],"collection":[{"href":"https:\/\/fedai.az\/index.php?rest_route=\/wp\/v2\/posts"}],"about":[{"href":"https:\/\/fedai.az\/index.php?rest_route=\/wp\/v2\/types\/post"}],"author":[{"embeddable":true,"href":"https:\/\/fedai.az\/index.php?rest_route=\/wp\/v2\/users\/2"}],"replies":[{"embeddable":true,"href":"https:\/\/fedai.az\/index.php?rest_route=%2Fwp%2Fv2%2Fcomments&post=10191"}],"version-history":[{"count":2,"href":"https:\/\/fedai.az\/index.php?rest_route=\/wp\/v2\/posts\/10191\/revisions"}],"predecessor-version":[{"id":10195,"href":"https:\/\/fedai.az\/index.php?rest_route=\/wp\/v2\/posts\/10191\/revisions\/10195"}],"wp:featuredmedia":[{"embeddable":true,"href":"https:\/\/fedai.az\/index.php?rest_route=\/wp\/v2\/media\/9172"}],"wp:attachment":[{"href":"https:\/\/fedai.az\/index.php?rest_route=%2Fwp%2Fv2%2Fmedia&parent=10191"}],"wp:term":[{"taxonomy":"category","embeddable":true,"href":"https:\/\/fedai.az\/index.php?rest_route=%2Fwp%2Fv2%2Fcategories&post=10191"},{"taxonomy":"post_tag","embeddable":true,"href":"https:\/\/fedai.az\/index.php?rest_route=%2Fwp%2Fv2%2Ftags&post=10191"}],"curies":[{"name":"wp","href":"https:\/\/api.w.org\/{rel}","templated":true}]}}