{"id":10196,"date":"2020-07-16T18:55:58","date_gmt":"2020-07-16T14:55:58","guid":{"rendered":"http:\/\/fedai.az\/?p=10196"},"modified":"2020-07-16T18:57:35","modified_gmt":"2020-07-16T14:57:35","slug":"x%c9%99z%c9%99rli-g%c9%99ncl%c9%99rd%c9%99n-prezidentin-cagrisina-d%c9%99st%c9%99k","status":"publish","type":"post","link":"https:\/\/fedai.az\/?p=10196","title":{"rendered":"X\u0259z\u0259rli g\u0259ncl\u0259rd\u0259n Prezidentin \u00e7a\u011fr\u0131\u015f\u0131na d\u0259st\u0259k"},"content":{"rendered":"\n<p><strong>Xalq-iqtidar birliyinin t\u0259minatc\u0131s\u0131 \u2013 Prezident \u0130lham \u018fliyev<\/strong><\/p>\n\n\n\n<p><strong><br>\u0130yulun 15-d\u0259 Prezident \u0130lham \u018fliyevin s\u0259drliyi il\u0259 Nazirl\u0259r Kabinetinin 2020-ci ilin birinci yar\u0131s\u0131n\u0131n sosial-iqtisadi inki\u015faf\u0131n\u0131n yekunlar\u0131na v\u0259 qar\u015f\u0131da duran v\u0259zif\u0259l\u0259r\u0259 h\u0259sr olunan iclas\u0131 ke\u00e7irildi.\u018fvv\u0259ll\u0259r oldu\u011fu kimi yen\u0259 d\u0259 C\u0259nab Prezident bir \u00e7ox m\u00fch\u00fcm probleml\u0259r\u0259 toxundu. Bunlardan \u0259n vacibi is\u0259 12 iyulda Erm\u0259nistanla s\u0259rh\u0259dd\u0259 ba\u015f vermi\u015f h\u0259rbi toqqu\u015fma haqq\u0131nda idi.<\/strong><\/p>\n\n\n\n<p>\u00d6lk\u0259 ba\u015fc\u0131s\u0131 d\u00fc\u015fm\u0259nin b\u00fct\u00fcn h\u0259ml\u0259l\u0259rinin q\u0259tiyy\u0259tl\u0259 al\u0131nmas\u0131na toxunaraq ordumuzun q\u00fcdr\u0259tinin hans\u0131 s\u0259viyy\u0259d\u0259 oldu\u011funu g\u00f6st\u0259rdi. H\u0259mcinin Erm\u0259nistan r\u0259hb\u0259rliyinin Az\u0259rbaycan\u0131 ittiham\u0131nda n\u0259 q\u0259d\u0259r m\u0259ntiqsiz yana\u015fd\u0131\u011f\u0131n\u0131 bildirdi.<\/p>\n\n\n\n<p>C\u0259nab prezidentin erm\u0259ni t\u0259xribat\u0131 n\u0259tic\u0259sind\u0259 \u015f\u0259hid olan general mayor Polad H\u0259\u015fimovun yax\u0131n qohumlar\u0131 il\u0259 telefon \u0259laq\u0259si saxlamas\u0131 haqq\u0131nda, erm\u0259ni artilleriyas\u0131n\u0131n qurban\u0131 olan 76 ya\u015fl\u0131 a\u011fsaqqal \u018fziz \u018fzizovu qeyd etm\u0259si, onu g\u00f6st\u0259rdi ki, h\u0259m ali ba\u015f komandan kimi, h\u0259m d\u0259 prezident kimi h\u0259r bir v\u0259t\u0259nda\u015f\u0131n diqq\u0259t v\u0259 qay\u011f\u0131s\u0131 \u00f6lk\u0259 r\u0259hb\u0259rinin n\u0259zar\u0259tind\u0259dir.<\/p>\n\n\n\n<p>Erm\u0259ni vadalizminin vaxt\u0131nda v\u0259 d\u0259qiqlikl\u0259 qar\u015f\u0131s\u0131n\u0131n al\u0131nmas\u0131, erm\u0259ni c\u0259miyy\u0259tind\u0259 v\u0259 siyasi m\u00fchitind\u0259 yaranan ca\u015fq\u0131nl\u0131 bir daha onu g\u00f6st\u0259rir ki, biz h\u0259r c\u0259h\u0259td\u0259n d\u00fc\u015fm\u0259ni \u00fcst\u0259l\u0259yirik. Bel\u0259 ki, Prezident d\u00fc\u015fm\u0259n \u00f6lk\u0259nin torpaqlar\u0131m\u0131z\u0131 m\u0259hz 1992-93c\u00fc ill\u0259rd\u0259 iqtidarda olanlar\u0131n hakimiyy\u0259t daxili m\u00fcbariz\u0259sind\u0259n, nizami ordumuzun olmamas\u0131ndan faydalanaraq i\u015f\u011fal etdiyini bildirdi.<\/p>\n\n\n\n<p>Amma indi qeyd etdiyimiz kimi v\u0259ziyy\u0259t tam \u0259ksin\u0259 cevrilib. Az\u0259rbaycan Respublikas\u0131nda art\u0131q \u0259sas\u0131 \u00dcmummilli liderimiz Heyd\u0259r \u018fliyev t\u0259r\u0259find\u0259n qoyulan inki\u015faf yolu onun layiqli davamc\u0131s\u0131 prezident \u0130lham \u018fliyev t\u0259r\u0259find\u0259n u\u011furla davam etdirilir. \u00d6lk\u0259d\u0259ki iqtisadi inki\u015faf, ictimai sabitlik bunu subut edir. Erm\u0259nistanda is\u0259 h\u0259rbi xuntan\u0131 devir\u0259r\u0259k demokratiya v\u0259 sosial rifah na\u011f\u0131llar\u0131 il\u0259 hakimiyy\u0259t\u0259 g\u0259l\u0259n Nikol Pa\u015finyan h\u00f6k\u00fcm\u0259tinin \u00f6lk\u0259sind\u0259 yaratd\u0131\u011f\u0131 siyasi h\u0259rc-m\u0259rclik, s\u00f6z s\u0259l\u0259fl\u0259ri kimi h\u0259rbi t\u0259cav\u00fczkarl\u0131q x\u0259tti v\u0259 m\u00f6hk\u0259ml\u0259n\u0259n diktatura dayan\u0131r. Bunlar\u0131 bil\u0259n c\u0259nab Prezident Erm\u0259nistan\u0131n getdiyi bu yolla he\u00e7 vaxt inki\u015faf etm\u0259y\u0259c\u0259yini \u0259ksin\u0259 daha \u00e7ox t\u0259n\u0259zz\u00fcl\u0259 m\u0259ruz qalaca\u011f\u0131n\u0131 qeyd etdi.<\/p>\n\n\n\n<p>\u0130clas zaman\u0131 c\u0259nab \u0130lham \u018fliyevin diplomatiyam\u0131za toxunaraq \u00f6z t\u0259nqidi fikirl\u0259rini bildirm\u0259si, bu sah\u0259d\u0259 bo\u015fluqlar\u0131n olmas\u0131, \u00f6lk\u0259mizin u\u011furlu inki\u015faf\u0131 il\u0259 haz\u0131rki diplomatiyam\u0131z\u0131n uzla\u015fa bilm\u0259m\u0259si, passiv, \u00f6z\u00fcn\u00fc m\u00fcdafi\u0259 diplomatiya yerin\u0259 \u00f6lk\u0259mizin daima h\u00fccum diplomatiyas\u0131na sahib olmal\u0131 oldu\u011funu dem\u0259si bu sah\u0259d\u0259 d\u0259 tezlikl\u0259 islahatlar\u0131n olaca\u011f\u0131 mesaj\u0131n\u0131 v\u0259t\u0259nda\u015flara verdi.<\/p>\n\n\n\n<p>T\u0259sad\u00fcfi deyil ki, C\u0259nab Prezid\u0259ntin y\u00fcr\u00fctd\u00fcy\u00fc u\u011furlu xarici siyas\u0259ti n\u0259tic\u0259sind\u0259 d\u00f6y\u00fc\u015fl\u0259rin ba\u015flamas\u0131 il\u0259 tez bir zamanda \u00f6lk\u0259miz\u0259 qarda\u015f T\u00fcrkiy\u0259 Respublikas\u0131, Pakistan v\u0259 bir s\u0131ra Avropa d\u00f6vl\u0259tl\u0259ri, h\u0259mcinin \u0130slam \u018fm\u0259kda\u015fl\u0131q T\u0259\u015fkilat\u0131, T\u00fcrkdilli D\u00f6vl\u0259tl\u0259rin \u018fm\u0259kda\u015fl\u0131q \u015euras\u0131 \u00f6z d\u0259st\u0259kl\u0259rini bildirdil\u0259r. \u00d6lk\u0259 r\u0259hb\u0259ri b\u00fct\u00fcn bunlar\u0131 qeyd etm\u0259kl\u0259 Az\u0259rbaycan\u0131n bu sah\u0259d\u0259 haqql\u0131 oldu\u011funu, d\u00fcnya \u00f6lk\u0259l\u0259rinin \u00f6lk\u0259mizin yan\u0131nda oldu\u011funu h\u00f6k\u00fcm\u0259t n\u00fcmay\u0259nd\u0259l\u0259rinin diqq\u0259tin\u0259 catd\u0131rd\u0131.<\/p>\n\n\n\n<p>C\u0259nab Prezident h\u0259mcinin h\u0259r bir v\u0259t\u0259nda\u015f\u0131 \u0259min etdi ki, \u00f6lk\u0259mizd\u0259 ictimai sabitlik daima \u0259n \u00fcst s\u0259viyy\u0259d\u0259 qorunacaq. G\u0259ncl\u0259rin t\u0259\u015fkil etdiyi Qaraba\u011f y\u00fcr\u00fc\u015f\u00fcnd\u0259 \u00e7axna\u015fma salmaq ist\u0259y\u0259n, \u00f6lk\u0259d\u0259ki sabitliyi pozub anarxiya yaratmaq ist\u0259y\u0259n \u201c5-ci kolon\u201d n\u00fcmay\u0259nd\u0259l\u0259rinin h\u0259r bir \u00fczv\u00fcn\u00fcn tap\u0131l\u0131b c\u0259zaland\u0131r\u0131lacaq. Buna hec kim \u015f\u00fcbh\u0259d\u0259 etmir, \u00e7\u00fcnki m\u0259hz prezident \u0130lham \u018fliyevin m\u0259qs\u0259dy\u00f6nl\u00fc siyas\u0259ti n\u0259tic\u0259sind\u0259 \u00f6lk\u0259mizd\u0259 g\u00fccl\u00fc siyasi sistem formala\u015f\u0131b. Xalq-iqtidar birliyi g\u00fcn\u00fc-g\u00fcnd\u0259n m\u00f6hk\u0259ml\u0259nir. Bu daxili sistemi z\u0259ifl\u0259tm\u0259k hec bir xarici q\u00fcvv\u0259nin imkanlar\u0131 daxilind\u0259 deyildir.<\/p>\n\n\n\n<p>Bunlardan \u0259lav\u0259 c\u0259nab Prezidentin \u00f6lk\u0259mizd\u0259 sosial-iqtisadi inki\u015faf\u0131n davaml\u0131 olmas\u0131 \u00fc\u00e7\u00fcn ortaya c\u0131xan probleml\u0259rin vaxt\u0131nda h\u0259ll olunmas\u0131 istiqam\u0259tind\u0259 x\u00fcsus\u0259n d\u0259 pandemiya il\u0259 m\u00fcbariz\u0259d\u0259 v\u0259 ba\u015f vermi\u015f quraql\u0131q say\u0259sind\u0259 \u00f6lk\u0259 iqtisadiyyat\u0131na d\u0259y\u0259n ziyan\u0131n tezlikl\u0259 aradan qald\u0131r\u0131lmas\u0131 \u00fc\u00e7\u00fcn h\u00f6k\u00fcm\u0259t n\u00fcmay\u0259nd\u0259l\u0259rin\u0259 verdiyi tap\u015f\u0131r\u0131qlar bir daha onu g\u00f6st\u0259rir ki, Az\u0259rbaycan v\u0259t\u0259nda\u015flar\u0131n\u0131n sosial rifah\u0131 daima d\u00f6vl\u0259tin diqq\u0259tind\u0259dir. Bununla da \u0259minlikl\u0259 dey\u0259 bil\u0259rik ki, c\u0259nab prezident \u0130lham \u018fliyevin s\u0259drliyi il\u0259 ba\u015f tutan nazirl\u0259r kabinetinin iclas\u0131nda verdiyi b\u0259yanatlar v\u0259 tap\u015f\u0131r\u0131qlar h\u0259r bir \u00f6lk\u0259 v\u0259t\u0259nda\u015f\u0131n\u0131n d\u00f6vl\u0259t\u0259 ba\u011fl\u0131l\u0131\u011f\u0131, g\u0259l\u0259c\u0259y\u0259 inam\u0131 daha da artm\u0131\u015f olur.<\/p>\n\n\n\n<figure class=\"wp-block-image size-large is-resized\"><img loading=\"lazy\" decoding=\"async\" src=\"http:\/\/fedai.az\/wp-content\/uploads\/2020\/07\/mg.jpg\" alt=\"\" class=\"wp-image-10197\" width=\"180\" height=\"251\" srcset=\"https:\/\/fedai.az\/wp-content\/uploads\/2020\/07\/mg.jpg 467w, https:\/\/fedai.az\/wp-content\/uploads\/2020\/07\/mg-215x300.jpg 215w, https:\/\/fedai.az\/wp-content\/uploads\/2020\/07\/mg-107x150.jpg 107w\" sizes=\"auto, (max-width: 180px) 100vw, 180px\" \/><\/figure>\n\n\n\n<p><strong>Nural\u0131 M\u00fc\u015ffiq o\u011flu \u018flizad\u0259<br>X\u018fZ\u018fR RAYON SAK\u0130N\u0130, Respublika \u015e\u0259hid ail\u0259l\u0259rin\u0259 Qay\u011f\u0131 c\u0259miyy\u0259ti G\u0259ncl\u0259r t\u0259\u015fkilat\u0131n\u0131n s\u0259dri<\/strong><\/p>\n","protected":false},"excerpt":{"rendered":"<p>Xalq-iqtidar birliyinin t\u0259minatc\u0131s\u0131 \u2013 Prezident \u0130lham \u018fliyev \u0130yulun 15-d\u0259 Prezident \u0130lham \u018fliyevin s\u0259drliyi il\u0259 Nazirl\u0259r Kabinetinin 2020-ci ilin birinci yar\u0131s\u0131n\u0131n sosial-iqtisadi inki\u015faf\u0131n\u0131n yekunlar\u0131na v\u0259<\/p>\n","protected":false},"author":2,"featured_media":10198,"comment_status":"closed","ping_status":"closed","sticky":false,"template":"","format":"standard","meta":{"footnotes":""},"categories":[3],"tags":[],"class_list":["post-10196","post","type-post","status-publish","format-standard","has-post-thumbnail","hentry","category-gundm"],"aioseo_notices":[],"_links":{"self":[{"href":"https:\/\/fedai.az\/index.php?rest_route=\/wp\/v2\/posts\/10196","targetHints":{"allow":["GET"]}}],"collection":[{"href":"https:\/\/fedai.az\/index.php?rest_route=\/wp\/v2\/posts"}],"about":[{"href":"https:\/\/fedai.az\/index.php?rest_route=\/wp\/v2\/types\/post"}],"author":[{"embeddable":true,"href":"https:\/\/fedai.az\/index.php?rest_route=\/wp\/v2\/users\/2"}],"replies":[{"embeddable":true,"href":"https:\/\/fedai.az\/index.php?rest_route=%2Fwp%2Fv2%2Fcomments&post=10196"}],"version-history":[{"count":2,"href":"https:\/\/fedai.az\/index.php?rest_route=\/wp\/v2\/posts\/10196\/revisions"}],"predecessor-version":[{"id":10200,"href":"https:\/\/fedai.az\/index.php?rest_route=\/wp\/v2\/posts\/10196\/revisions\/10200"}],"wp:featuredmedia":[{"embeddable":true,"href":"https:\/\/fedai.az\/index.php?rest_route=\/wp\/v2\/media\/10198"}],"wp:attachment":[{"href":"https:\/\/fedai.az\/index.php?rest_route=%2Fwp%2Fv2%2Fmedia&parent=10196"}],"wp:term":[{"taxonomy":"category","embeddable":true,"href":"https:\/\/fedai.az\/index.php?rest_route=%2Fwp%2Fv2%2Fcategories&post=10196"},{"taxonomy":"post_tag","embeddable":true,"href":"https:\/\/fedai.az\/index.php?rest_route=%2Fwp%2Fv2%2Ftags&post=10196"}],"curies":[{"name":"wp","href":"https:\/\/api.w.org\/{rel}","templated":true}]}}