{"id":102015,"date":"2025-05-20T00:26:21","date_gmt":"2025-05-19T20:26:21","guid":{"rendered":"https:\/\/fedai.az\/?p=102015"},"modified":"2025-05-20T00:26:21","modified_gmt":"2025-05-19T20:26:21","slug":"naxcivanda-18-may-s%c9%99d%c9%99r%c9%99k-s%c9%99hidl%c9%99rinin-xatir%c9%99sin%c9%99-anim-gunu-kecirilib","status":"publish","type":"post","link":"https:\/\/fedai.az\/?p=102015","title":{"rendered":"Nax\u00e7\u0131vanda \u201c18 May S\u0259d\u0259r\u0259k \u015f\u0259hidl\u0259ri\u201dnin xatir\u0259sin\u0259 An\u0131m G\u00fcn\u00fc ke\u00e7irilib"},"content":{"rendered":"\n<p>Az\u0259rbaycan V\u0259t\u0259n M\u00fcharib\u0259si Veteranlar\u0131 \u0130ctimai Birliyinin (AVMV\u0130B) Nax\u00e7\u0131van Muxtar Respublikas\u0131 t\u0259\u015fkilat\u0131n\u0131n t\u0259\u015f\u0259bb\u00fcs\u00fc il\u0259 Nax\u00e7\u0131van \u015f\u0259h\u0259rind\u0259 \u201c18 May S\u0259d\u0259r\u0259k \u015f\u0259hidl\u0259ri\u201dnin \u0259ziz xatir\u0259sin\u0259 h\u0259sr olunmu\u015f an\u0131m g\u00fcn\u00fc t\u0259dbiri ke\u00e7irilib.<\/p>\n\n\n\n<p>T\u0259dbirin ke\u00e7irilm\u0259sind\u0259 \u0259sas m\u0259qs\u0259d Az\u0259rbaycan\u0131n \u0259razi b\u00fct\u00f6vl\u00fcy\u00fc u\u011frunda canlar\u0131ndan ke\u00e7mi\u015f q\u0259hr\u0259man \u015f\u0259hidl\u0259rin xatir\u0259sini ehtiramla yad etm\u0259k, onlar\u0131n \u015f\u00fcca\u0259tini g\u0259nc n\u0259sl\u0259 a\u015f\u0131lamaq v\u0259 v\u0259t\u0259np\u0259rv\u0259rlik ruhunu g\u00fccl\u0259ndirm\u0259k olub. An\u0131m m\u0259rasimi \u015f\u0259hidl\u0259rin \u0259ziz ruhunun bir d\u0259qiq\u0259lik s\u00fckutla yad edilm\u0259si v\u0259 Az\u0259rbaycan Respublikas\u0131n\u0131n D\u00f6vl\u0259t Himninin s\u0259sl\u0259ndirilm\u0259si il\u0259 ba\u015flay\u0131b.<\/p>\n\n\n\n<p>T\u0259dbird\u0259 \u00e7\u0131x\u0131\u015f ed\u0259n AVMV\u0130B Nax\u00e7\u0131van MR t\u0259\u015fkilat\u0131n\u0131n s\u0259dri R\u00f6v\u015f\u0259n \u0130smay\u0131lxanl\u0131 1990-c\u0131 ill\u0259rin \u0259vv\u0259ll\u0259rind\u0259 ba\u015f ver\u0259n S\u0259d\u0259r\u0259k d\u00f6y\u00fc\u015fl\u0259rinin tarixi \u0259h\u0259miyy\u0259tind\u0259n dan\u0131\u015faraq bildirib ki, bu d\u00f6y\u00fc\u015fl\u0259r Az\u0259rbaycan xalq\u0131n\u0131n milli azadl\u0131q v\u0259 m\u00fcst\u0259qillik u\u011frunda apard\u0131\u011f\u0131 m\u00fcbariz\u0259nin simvoluna \u00e7evrilib. O qeyd edib ki, \u015f\u0259hidl\u0259rin \u0259ziz xatir\u0259si xalq\u0131m\u0131z\u0131n yadda\u015f\u0131nda daim ya\u015fayacaq v\u0259 onlar\u0131n g\u00f6st\u0259rdiyi q\u0259hr\u0259manl\u0131q g\u0259l\u0259c\u0259k n\u0259sill\u0259r\u0259 n\u00fcmun\u0259 olacaq.<\/p>\n\n\n\n<p>T\u0259dbird\u0259 h\u0259m\u00e7inin AVMV\u0130B \u00fczvl\u0259ri, \u015f\u0259hid ail\u0259l\u0259ri, qazil\u0259r, ictimaiyy\u0259t n\u00fcmay\u0259nd\u0259l\u0259ri v\u0259 g\u0259ncl\u0259r i\u015ftirak edib. \u00c7\u0131x\u0131\u015f\u00e7\u0131lar S\u0259d\u0259r\u0259k d\u00f6y\u00fc\u015fl\u0259rind\u0259 \u015f\u0259hid olmu\u015f q\u0259hr\u0259manlar\u0131n v\u0259t\u0259np\u0259rv\u0259rliyind\u0259n, onlar\u0131n ke\u00e7diyi \u015f\u0259r\u0259fli d\u00f6y\u00fc\u015f yolundan dan\u0131\u015f\u0131blar.<\/p>\n\n\n\n<p><strong>AVMV\u0130B-in M\u0259tbuat xidm\u0259ti<\/strong><\/p>\n\n\n\n<a href=\"https:\/\/postimages.org\/\" target=\"_blank\"><img decoding=\"async\" src=\"https:\/\/i.postimg.cc\/K8TJmm4j\/2025-05-20-002235.jpg\" alt=\"2025-05-20-002235\"\/><\/a><br\/><br\/>\n<a href=\"https:\/\/postimages.org\/\" target=\"_blank\"><img decoding=\"async\" src=\"https:\/\/i.postimg.cc\/8CVw5xrH\/2025-05-20-002246.jpg\" alt=\"2025-05-20-002246\"\/><\/a><br\/><br\/>\n<a href=\"https:\/\/postimages.org\/\" target=\"_blank\"><img decoding=\"async\" src=\"https:\/\/i.postimg.cc\/hP62FXDN\/2025-05-20-002305.jpg\" alt=\"2025-05-20-002305\"\/><\/a><br\/><br\/>\n<a href=\"https:\/\/postimages.org\/\" target=\"_blank\"><img decoding=\"async\" src=\"https:\/\/i.postimg.cc\/mrNjFVYG\/2025-05-20-002513.jpg\" alt=\"2025-05-20-002513\"\/><\/a><br\/><br\/>\n\n","protected":false},"excerpt":{"rendered":"<p>Az\u0259rbaycan V\u0259t\u0259n M\u00fcharib\u0259si Veteranlar\u0131 \u0130ctimai Birliyinin (AVMV\u0130B) Nax\u00e7\u0131van Muxtar Respublikas\u0131 t\u0259\u015fkilat\u0131n\u0131n t\u0259\u015f\u0259bb\u00fcs\u00fc il\u0259 Nax\u00e7\u0131van \u015f\u0259h\u0259rind\u0259 \u201c18 May S\u0259d\u0259r\u0259k \u015f\u0259hidl\u0259ri\u201dnin \u0259ziz xatir\u0259sin\u0259 h\u0259sr olunmu\u015f an\u0131m<\/p>\n","protected":false},"author":2,"featured_media":102016,"comment_status":"closed","ping_status":"closed","sticky":false,"template":"","format":"standard","meta":{"footnotes":""},"categories":[5],"tags":[],"class_list":["post-102015","post","type-post","status-publish","format-standard","has-post-thumbnail","hentry","category-veteran"],"aioseo_notices":[],"_links":{"self":[{"href":"https:\/\/fedai.az\/index.php?rest_route=\/wp\/v2\/posts\/102015","targetHints":{"allow":["GET"]}}],"collection":[{"href":"https:\/\/fedai.az\/index.php?rest_route=\/wp\/v2\/posts"}],"about":[{"href":"https:\/\/fedai.az\/index.php?rest_route=\/wp\/v2\/types\/post"}],"author":[{"embeddable":true,"href":"https:\/\/fedai.az\/index.php?rest_route=\/wp\/v2\/users\/2"}],"replies":[{"embeddable":true,"href":"https:\/\/fedai.az\/index.php?rest_route=%2Fwp%2Fv2%2Fcomments&post=102015"}],"version-history":[{"count":1,"href":"https:\/\/fedai.az\/index.php?rest_route=\/wp\/v2\/posts\/102015\/revisions"}],"predecessor-version":[{"id":102017,"href":"https:\/\/fedai.az\/index.php?rest_route=\/wp\/v2\/posts\/102015\/revisions\/102017"}],"wp:featuredmedia":[{"embeddable":true,"href":"https:\/\/fedai.az\/index.php?rest_route=\/wp\/v2\/media\/102016"}],"wp:attachment":[{"href":"https:\/\/fedai.az\/index.php?rest_route=%2Fwp%2Fv2%2Fmedia&parent=102015"}],"wp:term":[{"taxonomy":"category","embeddable":true,"href":"https:\/\/fedai.az\/index.php?rest_route=%2Fwp%2Fv2%2Fcategories&post=102015"},{"taxonomy":"post_tag","embeddable":true,"href":"https:\/\/fedai.az\/index.php?rest_route=%2Fwp%2Fv2%2Ftags&post=102015"}],"curies":[{"name":"wp","href":"https:\/\/api.w.org\/{rel}","templated":true}]}}