{"id":102033,"date":"2025-05-20T23:42:38","date_gmt":"2025-05-20T19:42:38","guid":{"rendered":"https:\/\/fedai.az\/?p=102033"},"modified":"2025-05-20T23:42:51","modified_gmt":"2025-05-20T19:42:51","slug":"qazil%c9%99rimizin-horm%c9%99t%c9%99-v%c9%99-huquqa-ehtiyaci-var-gedis-haqqi-deyil-haqqin-ozu","status":"publish","type":"post","link":"https:\/\/fedai.az\/?p=102033","title":{"rendered":"Qazil\u0259rimizin h\u00f6rm\u0259t\u0259 v\u0259 h\u00fcquqa ehtiyac\u0131 var \u2013 gedi\u015f haqq\u0131 deyil, Haqq\u0131n \u00f6z\u00fc"},"content":{"rendered":"\n<p>M\u0259n, ad\u0259t\u0259n, \u015f\u0259xsi avtomobiliml\u0259 h\u0259r\u0259k\u0259t edir\u0259m. \u0130ctimai n\u0259qliyyatdan az istifad\u0259 etdiyim \u00fc\u00e7\u00fcn bu sah\u0259 il\u0259 ba\u011fl\u0131 \u015f\u0259xsi t\u0259cr\u00fcb\u0259m \u00e7ox deyil. Amma bu g\u00fcn avtomobilim t\u0259mir\u0259 verildiyind\u0259n avtobusa mindim v\u0259 orada ya\u015fad\u0131\u011f\u0131m bir hadis\u0259 m\u0259ni h\u0259m t\u0259sirl\u0259ndirdi, h\u0259m d\u0259 d\u00fc\u015f\u00fcnd\u00fcrd\u00fc.<\/p>\n\n\n\n<p>Avtobusa \u0259lind\u0259 \u0259sa il\u0259 bir n\u0259f\u0259r daxil oldu. G\u00f6r\u00fcn\u00fc\u015f\u00fcnd\u0259n v\u0259 davran\u0131\u015f\u0131ndan onun qazi oldu\u011fu hiss olunurdu. S\u00fcr\u00fcc\u00fc ondan gedi\u015f haqq\u0131n\u0131 t\u0259l\u0259b etdi. Qazi is\u0259 sakit s\u0259sl\u0259, \u201cM\u0259n qaziy\u0259m\u201d dedi. N\u0259hay\u0259t, bir xan\u0131m onun gedi\u015f haqq\u0131n\u0131 \u00f6d\u0259y\u0259r\u0259k n\u0259ciblik n\u00fcmayi\u015f etdirdi.<\/p>\n\n\n\n<p>Bu m\u0259nz\u0259r\u0259 bir sual\u0131 aktualla\u015fd\u0131rd\u0131: Qazil\u0259rimiz ictimai n\u0259qliyyatdan g\u00fcz\u0259\u015ftli v\u0259 ya pulsuz \u015f\u0259kild\u0259 istifad\u0259 ed\u0259 bilm\u0259lidirl\u0259rmi?<\/p>\n\n\n\n<p>Bu sual t\u0259kc\u0259 bir s\u0259rni\u015finin m\u00fc\u015fahid\u0259si deyil, bu, h\u0259r birimizin i\u00e7ind\u0259n g\u0259l\u0259n vicdani bir \u00e7a\u011f\u0131r\u0131\u015fd\u0131r.<\/p>\n\n\n\n<p>2020-ci ilin 27 sentyabr tarixind\u0259 Az\u0259rbaycan\u0131n igid \u00f6vladlar\u0131 V\u0259t\u0259n u\u011frunda d\u00f6y\u00fc\u015f meydan\u0131na yolland\u0131lar. Onlar \u00f6lk\u0259mizin \u0259razi b\u00fct\u00f6vl\u00fcy\u00fc v\u0259 suverenliyi u\u011frunda canlar\u0131n\u0131 f\u0259da etdil\u0259r. \u015e\u0259hidl\u0259rimiz tarix\u0259 yaz\u0131ld\u0131, qazil\u0259rimiz is\u0259 bu q\u0259l\u0259b\u0259nin canl\u0131 da\u015f\u0131y\u0131c\u0131lar\u0131 kimi g\u00fcnd\u0259lik h\u0259yatlar\u0131n\u0131 davam etdirirl\u0259r.<\/p>\n\n\n\n<p>D\u00f6vl\u0259timiz m\u00fcharib\u0259 i\u015ftirak\u00e7\u0131lar\u0131na, qazil\u0259r\u0259 v\u0259 \u015f\u0259hid ail\u0259l\u0259rin\u0259 h\u0259r zaman x\u00fcsusi diqq\u0259t v\u0259 qay\u011f\u0131 g\u00f6st\u0259rmi\u015fdir. Onlar\u0131n sosial m\u00fcdafi\u0259si, m\u0259nzil v\u0259 tibbi t\u0259minat\u0131 istiqam\u0259tind\u0259 m\u00fch\u00fcm proqramlar h\u0259yata ke\u00e7irilmi\u015f, bir s\u0131ra h\u00fcquqlar t\u0259sbit olunmu\u015fdur. Bu t\u0259\u015f\u0259bb\u00fcsl\u0259r Az\u0259rbaycan d\u00f6vl\u0259tinin v\u0259 r\u0259hb\u0259rliyinin qazil\u0259rimiz\u0259 olan y\u00fcks\u0259k m\u00fcnasib\u0259tinin t\u0259zah\u00fcr\u00fcd\u00fcr.<\/p>\n\n\n\n<p>Eyni zamanda, zaman ke\u00e7dikc\u0259 yeni ehtiyaclar v\u0259 texnoloji imkanlar meydana \u00e7\u0131x\u0131r. Bu ehtiyaclara uy\u011fun olaraq qazil\u0259rimizin ictimai n\u0259qliyyatdan istifad\u0259sinin daha da rahatla\u015fd\u0131r\u0131lmas\u0131 m\u0259qs\u0259d\u0259uy\u011fun ola bil\u0259r.<\/p>\n\n\n\n<p>D\u00fcnya t\u0259cr\u00fcb\u0259sind\u0259 bu m\u0259s\u0259l\u0259 bel\u0259 h\u0259ll olunur:<br>\u2022 T\u00fcrkiy\u0259d\u0259 qazil\u0259r \u015f\u0259xsiyy\u0259t kart\u0131 il\u0259 ictimai n\u0259qliyyatdan pulsuz istifad\u0259 edirl\u0259r.<br>\u2022 AB\u015e-da veteranlara n\u0259qliyyat g\u00fcz\u0259\u015ftl\u0259ri il\u0259 yana\u015f\u0131, sosial v\u0259 psixoloji d\u0259st\u0259k proqramlar\u0131 t\u0259qdim olunur.<br>\u2022 Rusiyada m\u00fcharib\u0259 i\u015ftirak\u00e7\u0131lar\u0131 regionlardan as\u0131l\u0131 olmayaraq ictimai n\u0259qliyyatdan g\u00fcz\u0259\u015ftli istifad\u0259 h\u00fcququna malikdirl\u0259r.<\/p>\n\n\n\n<p>Az\u0259rbaycanda qazil\u0259r \u00fc\u00e7\u00fcn t\u0259klif edil\u0259 bil\u0259c\u0259k t\u0259\u015f\u0259bb\u00fcsl\u0259r:<br>1. Veteran v\u0259siq\u0259l\u0259rinin r\u0259q\u0259msalla\u015fd\u0131r\u0131lmas\u0131 v\u0259 n\u0259qliyyat sisteml\u0259rin\u0259 inteqrasiyas\u0131<br>\u2013 M\u00f6vcud veteran v\u0259siq\u0259l\u0259rinin Bak\u0131Kart v\u0259 dig\u0259r n\u0259qliyyat sisteml\u0259ri il\u0259 texniki uy\u011funlu\u011fu t\u0259min edil\u0259 bil\u0259r.<br>2. Qanunvericiliyin t\u0259kmill\u0259\u015fdirilm\u0259si<br>\u2013 M\u00f6vcud sosial m\u00fcdafi\u0259 qanunvericiliyin\u0259 \u0259lav\u0259 v\u0259 ya d\u0259yi\u015fiklikl\u0259r edilm\u0259kl\u0259, qazil\u0259rin ictimai n\u0259qliyyatdan g\u00fcz\u0259\u015ftli v\u0259 ya pulsuz istifad\u0259si qanunla t\u0259nziml\u0259n\u0259 bil\u0259r.<br>3. S\u00fcr\u00fcc\u00fcl\u0259r \u00fc\u00e7\u00fcn maarifl\u0259ndirm\u0259 proqramlar\u0131<br>\u2013 \u0130ctimai n\u0259qliyyat s\u00fcr\u00fcc\u00fcl\u0259rin\u0259 qazil\u0259rl\u0259 davran\u0131\u015f m\u0259d\u0259niyy\u0259ti il\u0259 ba\u011fl\u0131 t\u0259liml\u0259r ke\u00e7irilm\u0259si c\u0259miyy\u0259timizd\u0259 empatiyan\u0131n v\u0259 h\u00f6rm\u0259tin art\u0131r\u0131lmas\u0131na xidm\u0259t ed\u0259r.<br>4. ASAN Xidm\u0259t v\u0259 Bak\u0131Kart \u0259m\u0259kda\u015fl\u0131\u011f\u0131<br>\u2013 Qazil\u0259rin v\u0259siq\u0259l\u0259rinin n\u0259qliyyat kartlar\u0131na rahat v\u0259 \u015f\u0259ffaf \u015f\u0259kild\u0259 inteqrasiyas\u0131 \u00fc\u00e7\u00fcn m\u00fcvafiq qurumlar aras\u0131nda \u0259m\u0259kda\u015fl\u0131q g\u00fccl\u0259ndiril\u0259 bil\u0259r.<\/p>\n\n\n\n<p>Bu c\u00fcr t\u0259\u015f\u0259bb\u00fcsl\u0259r qazil\u0259r\u0259 g\u00f6st\u0259ril\u0259n diqq\u0259t v\u0259 qay\u011f\u0131n\u0131n daha da sistemli v\u0259 texnoloji \u0259saslarla geni\u015fl\u0259ndirilm\u0259sin\u0259 xidm\u0259t ed\u0259r. Bu, d\u00f6vl\u0259tin v\u0259 c\u0259miyy\u0259tin q\u0259hr\u0259manlara olan m\u00fcnasib\u0259tinin bariz n\u00fcmun\u0259si olar.<\/p>\n\n\n\n<p>Qazil\u0259rimiz d\u00f6y\u00fc\u015f meydan\u0131nda \u00f6z borclar\u0131n\u0131 yerin\u0259 yetiribl\u0259r. Onlara g\u00f6st\u0259ril\u0259c\u0259k h\u0259r bir qay\u011f\u0131, h\u0259r bir jest bizim minn\u0259tdarl\u0131\u011f\u0131m\u0131z\u0131n ifad\u0259sidir.<\/p>\n\n\n\n<p>\u018fg\u0259r bir g\u00fcn h\u0259r bir avtobusda qap\u0131dan daxil olan qaziy\u0259 g\u00fcl\u00fcms\u0259y\u0259r\u0259k&nbsp;<strong>\u201cBuyurun, q\u0259hr\u0259man\u0131m\u0131z\u201d<\/strong>&nbsp;deyil\u0259rs\u0259, bu, xalq olaraq birlik v\u0259 minn\u0259tdarl\u0131q duy\u011fular\u0131m\u0131z\u0131n \u0259n g\u00f6z\u0259l ifad\u0259si olar.<\/p>\n\n\n\n<p><strong>M\u00fc\u0259llif: Tural K\u0259lb\u0259c\u0259rli<\/strong><\/p>\n","protected":false},"excerpt":{"rendered":"<p>M\u0259n, ad\u0259t\u0259n, \u015f\u0259xsi avtomobiliml\u0259 h\u0259r\u0259k\u0259t edir\u0259m. \u0130ctimai n\u0259qliyyatdan az istifad\u0259 etdiyim \u00fc\u00e7\u00fcn bu sah\u0259 il\u0259 ba\u011fl\u0131 \u015f\u0259xsi t\u0259cr\u00fcb\u0259m \u00e7ox deyil. Amma bu g\u00fcn avtomobilim<\/p>\n","protected":false},"author":2,"featured_media":102034,"comment_status":"closed","ping_status":"closed","sticky":false,"template":"","format":"standard","meta":{"footnotes":""},"categories":[12],"tags":[],"class_list":["post-102033","post","type-post","status-publish","format-standard","has-post-thumbnail","hentry","category-sosial"],"aioseo_notices":[],"_links":{"self":[{"href":"https:\/\/fedai.az\/index.php?rest_route=\/wp\/v2\/posts\/102033","targetHints":{"allow":["GET"]}}],"collection":[{"href":"https:\/\/fedai.az\/index.php?rest_route=\/wp\/v2\/posts"}],"about":[{"href":"https:\/\/fedai.az\/index.php?rest_route=\/wp\/v2\/types\/post"}],"author":[{"embeddable":true,"href":"https:\/\/fedai.az\/index.php?rest_route=\/wp\/v2\/users\/2"}],"replies":[{"embeddable":true,"href":"https:\/\/fedai.az\/index.php?rest_route=%2Fwp%2Fv2%2Fcomments&post=102033"}],"version-history":[{"count":1,"href":"https:\/\/fedai.az\/index.php?rest_route=\/wp\/v2\/posts\/102033\/revisions"}],"predecessor-version":[{"id":102035,"href":"https:\/\/fedai.az\/index.php?rest_route=\/wp\/v2\/posts\/102033\/revisions\/102035"}],"wp:featuredmedia":[{"embeddable":true,"href":"https:\/\/fedai.az\/index.php?rest_route=\/wp\/v2\/media\/102034"}],"wp:attachment":[{"href":"https:\/\/fedai.az\/index.php?rest_route=%2Fwp%2Fv2%2Fmedia&parent=102033"}],"wp:term":[{"taxonomy":"category","embeddable":true,"href":"https:\/\/fedai.az\/index.php?rest_route=%2Fwp%2Fv2%2Fcategories&post=102033"},{"taxonomy":"post_tag","embeddable":true,"href":"https:\/\/fedai.az\/index.php?rest_route=%2Fwp%2Fv2%2Ftags&post=102033"}],"curies":[{"name":"wp","href":"https:\/\/api.w.org\/{rel}","templated":true}]}}