{"id":102036,"date":"2025-05-21T23:02:20","date_gmt":"2025-05-21T19:02:20","guid":{"rendered":"https:\/\/fedai.az\/?p=102036"},"modified":"2025-05-21T23:02:20","modified_gmt":"2025-05-21T19:02:20","slug":"prezidentin-isguzar-s%c9%99f%c9%99rinin-videosu","status":"publish","type":"post","link":"https:\/\/fedai.az\/?p=102036","title":{"rendered":"Prezidentin i\u015fg\u00fczar s\u0259f\u0259rinin\u00a0&#8212; Videosu"},"content":{"rendered":"\n<p><strong>Az\u0259rbaycan Prezidenti \u0130lham \u018fliyev Macar\u0131stan\u0131n Ba\u015f naziri Viktor Orban\u0131n d\u0259v\u0259ti il\u0259 bu \u00f6lk\u0259d\u0259 i\u015fg\u00fczar s\u0259f\u0259rd\u0259 olub.<\/strong><\/p>\n\n\n\n<p>\u201cQafqazinfo\u201dnun m\u0259lumat\u0131na g\u00f6r\u0259, Prezidentin s\u0259f\u0259rind\u0259n haz\u0131rlanm\u0131\u015f video\u00e7arx d\u00f6vl\u0259t ba\u015f\u00e7\u0131s\u0131n\u0131n&nbsp;<a href=\"https:\/\/www.youtube.com\/shorts\/Y_lAbJdkQKA\" target=\"_blank\" rel=\"noreferrer noopener\">sosial \u015f\u0259b\u0259k\u0259 hesablar\u0131nda<\/a>&nbsp;payla\u015f\u0131l\u0131b.<\/p>\n\n\n\n<p>H\u0259min videonu t\u0259qdim edirik:<\/p>\n\n\n\n<figure class=\"wp-block-embed is-type-video is-provider-youtube wp-block-embed-youtube wp-embed-aspect-16-9 wp-has-aspect-ratio\"><div class=\"wp-block-embed__wrapper\">\n<iframe loading=\"lazy\" title=\"Prezident \u0130lham \u018fliyevin Macar\u0131stana i\u015fg\u00fczar s\u0259f\u0259ri (20-21.05.2025)\" width=\"715\" height=\"402\" src=\"https:\/\/www.youtube.com\/embed\/Y_lAbJdkQKA?feature=oembed\" frameborder=\"0\" allow=\"accelerometer; autoplay; clipboard-write; encrypted-media; gyroscope; picture-in-picture; web-share\" referrerpolicy=\"strict-origin-when-cross-origin\" allowfullscreen><\/iframe>\n<\/div><\/figure>\n","protected":false},"excerpt":{"rendered":"<p>Az\u0259rbaycan Prezidenti \u0130lham \u018fliyev Macar\u0131stan\u0131n Ba\u015f naziri Viktor Orban\u0131n d\u0259v\u0259ti il\u0259 bu \u00f6lk\u0259d\u0259 i\u015fg\u00fczar s\u0259f\u0259rd\u0259 olub. \u201cQafqazinfo\u201dnun m\u0259lumat\u0131na g\u00f6r\u0259, Prezidentin s\u0259f\u0259rind\u0259n haz\u0131rlanm\u0131\u015f video\u00e7arx d\u00f6vl\u0259t<\/p>\n","protected":false},"author":2,"featured_media":102037,"comment_status":"closed","ping_status":"closed","sticky":false,"template":"","format":"standard","meta":{"footnotes":""},"categories":[3],"tags":[],"class_list":["post-102036","post","type-post","status-publish","format-standard","has-post-thumbnail","hentry","category-gundm"],"aioseo_notices":[],"_links":{"self":[{"href":"https:\/\/fedai.az\/index.php?rest_route=\/wp\/v2\/posts\/102036","targetHints":{"allow":["GET"]}}],"collection":[{"href":"https:\/\/fedai.az\/index.php?rest_route=\/wp\/v2\/posts"}],"about":[{"href":"https:\/\/fedai.az\/index.php?rest_route=\/wp\/v2\/types\/post"}],"author":[{"embeddable":true,"href":"https:\/\/fedai.az\/index.php?rest_route=\/wp\/v2\/users\/2"}],"replies":[{"embeddable":true,"href":"https:\/\/fedai.az\/index.php?rest_route=%2Fwp%2Fv2%2Fcomments&post=102036"}],"version-history":[{"count":1,"href":"https:\/\/fedai.az\/index.php?rest_route=\/wp\/v2\/posts\/102036\/revisions"}],"predecessor-version":[{"id":102038,"href":"https:\/\/fedai.az\/index.php?rest_route=\/wp\/v2\/posts\/102036\/revisions\/102038"}],"wp:featuredmedia":[{"embeddable":true,"href":"https:\/\/fedai.az\/index.php?rest_route=\/wp\/v2\/media\/102037"}],"wp:attachment":[{"href":"https:\/\/fedai.az\/index.php?rest_route=%2Fwp%2Fv2%2Fmedia&parent=102036"}],"wp:term":[{"taxonomy":"category","embeddable":true,"href":"https:\/\/fedai.az\/index.php?rest_route=%2Fwp%2Fv2%2Fcategories&post=102036"},{"taxonomy":"post_tag","embeddable":true,"href":"https:\/\/fedai.az\/index.php?rest_route=%2Fwp%2Fv2%2Ftags&post=102036"}],"curies":[{"name":"wp","href":"https:\/\/api.w.org\/{rel}","templated":true}]}}