{"id":10207,"date":"2020-07-16T23:11:47","date_gmt":"2020-07-16T19:11:47","guid":{"rendered":"http:\/\/fedai.az\/?p=10207"},"modified":"2020-07-16T23:11:55","modified_gmt":"2020-07-16T19:11:55","slug":"erm%c9%99nistanda-s%c9%99f%c9%99rb%c9%99rlik-basladi","status":"publish","type":"post","link":"https:\/\/fedai.az\/?p=10207","title":{"rendered":"Erm\u0259nistanda s\u0259f\u0259rb\u0259rlik ba\u015flad\u0131"},"content":{"rendered":"\n<p>Erm\u0259nistan ordusuna ke\u00e7mi\u015f \u00e7a\u011f\u0131r\u0131\u015f\u00e7\u0131lar\u0131n v\u0259 \u0259lill\u0259rin s\u0259f\u0259rb\u0259rliyi ba\u015flay\u0131b.<br>Bunu a\u00e7\u0131qlamas\u0131nda Az\u0259rbaycan M\u00fcdafi\u0259 Nazirliyinin M\u0259tbuat xidm\u0259tinin r\u0259isi polkovnik Vaqif D\u0259rgahl\u0131 deyib.<\/p>\n\n\n\n<p><br>&#171;Bu g\u00fcnl\u0259rd\u0259 Az\u0259rbaycanla s\u0259rh\u0259dd\u0259 apard\u0131\u011f\u0131 d\u00f6y\u00fc\u015fl\u0259rd\u0259 erm\u0259ni ordusunun canl\u0131 q\u00fcvv\u0259d\u0259 b\u00f6y\u00fck itkil\u0259r verm\u0259si Erm\u0259nistan M\u00fcdafi\u0259 Nazirliyini silahla azac\u0131q da olsa davrana bil\u0259n h\u0259r k\u0259si silah alt\u0131na qoyma\u011fa m\u0259cbur edir. <\/p>\n\n\n\n<p>\u018fld\u0259 olunan m\u0259lumata g\u00f6r\u0259, Erm\u0259nistan ordusunun r\u0259hb\u0259rliyi ke\u00e7mi\u015f h\u0259rbi qulluq\u00e7ular\u0131, \u00e7a\u011f\u0131r\u0131\u015f\u00e7\u0131lar\u0131, o c\u00fcml\u0259d\u0259n ikinci v\u0259 \u00fc\u00e7\u00fcnc\u00fc qrup \u0259lill\u0259ri, habel\u0259 h\u0259bsxana m\u0259hbuslar\u0131n\u0131 Tavu\u015f b\u00f6lg\u0259sin\u0259 g\u00f6nd\u0259rm\u0259k \u00fc\u00e7\u00fcn t\u0259l\u0259sik \u015f\u0259kild\u0259 s\u0259f\u0259rb\u0259r edir. <\/p>\n\n\n\n<p>Bu o dem\u0259kdir ki, s\u0259rh\u0259dd\u0259 d\u00fc\u015fm\u0259nin \u015f\u0259xsi hey\u0259ti s\u0131ras\u0131nda b\u00f6y\u00fck bo\u015fluqlar yaran\u0131b ki, h\u0259min bo\u015fluqlar\u0131 o, canl\u0131, lakin art\u0131q &#171;tullant\u0131\u201d material\u0131 il\u0259 yamaq etm\u0259y\u0259 \u00e7al\u0131\u015f\u0131r\u201d, \u2013 V. D\u0259rgahl\u0131 bildirib.<\/p>\n","protected":false},"excerpt":{"rendered":"<p>Erm\u0259nistan ordusuna ke\u00e7mi\u015f \u00e7a\u011f\u0131r\u0131\u015f\u00e7\u0131lar\u0131n v\u0259 \u0259lill\u0259rin s\u0259f\u0259rb\u0259rliyi ba\u015flay\u0131b.Bunu a\u00e7\u0131qlamas\u0131nda Az\u0259rbaycan M\u00fcdafi\u0259 Nazirliyinin M\u0259tbuat xidm\u0259tinin r\u0259isi polkovnik Vaqif D\u0259rgahl\u0131 deyib. &#171;Bu g\u00fcnl\u0259rd\u0259 Az\u0259rbaycanla s\u0259rh\u0259dd\u0259 apard\u0131\u011f\u0131<\/p>\n","protected":false},"author":2,"featured_media":10208,"comment_status":"closed","ping_status":"closed","sticky":false,"template":"","format":"standard","meta":{"footnotes":""},"categories":[1],"tags":[],"class_list":["post-10207","post","type-post","status-publish","format-standard","has-post-thumbnail","hentry","category-siyast"],"aioseo_notices":[],"_links":{"self":[{"href":"https:\/\/fedai.az\/index.php?rest_route=\/wp\/v2\/posts\/10207","targetHints":{"allow":["GET"]}}],"collection":[{"href":"https:\/\/fedai.az\/index.php?rest_route=\/wp\/v2\/posts"}],"about":[{"href":"https:\/\/fedai.az\/index.php?rest_route=\/wp\/v2\/types\/post"}],"author":[{"embeddable":true,"href":"https:\/\/fedai.az\/index.php?rest_route=\/wp\/v2\/users\/2"}],"replies":[{"embeddable":true,"href":"https:\/\/fedai.az\/index.php?rest_route=%2Fwp%2Fv2%2Fcomments&post=10207"}],"version-history":[{"count":1,"href":"https:\/\/fedai.az\/index.php?rest_route=\/wp\/v2\/posts\/10207\/revisions"}],"predecessor-version":[{"id":10209,"href":"https:\/\/fedai.az\/index.php?rest_route=\/wp\/v2\/posts\/10207\/revisions\/10209"}],"wp:featuredmedia":[{"embeddable":true,"href":"https:\/\/fedai.az\/index.php?rest_route=\/wp\/v2\/media\/10208"}],"wp:attachment":[{"href":"https:\/\/fedai.az\/index.php?rest_route=%2Fwp%2Fv2%2Fmedia&parent=10207"}],"wp:term":[{"taxonomy":"category","embeddable":true,"href":"https:\/\/fedai.az\/index.php?rest_route=%2Fwp%2Fv2%2Fcategories&post=10207"},{"taxonomy":"post_tag","embeddable":true,"href":"https:\/\/fedai.az\/index.php?rest_route=%2Fwp%2Fv2%2Ftags&post=10207"}],"curies":[{"name":"wp","href":"https:\/\/api.w.org\/{rel}","templated":true}]}}