{"id":102145,"date":"2025-06-15T12:49:47","date_gmt":"2025-06-15T08:49:47","guid":{"rendered":"https:\/\/fedai.az\/?p=102145"},"modified":"2025-06-15T12:50:04","modified_gmt":"2025-06-15T08:50:04","slug":"agcak%c9%99ndin-azad-olunmasinin-ildonumu-il%c9%99-%c9%99laq%c9%99dar-t%c9%99dbir-kecirildi","status":"publish","type":"post","link":"https:\/\/fedai.az\/?p=102145","title":{"rendered":"A\u011fcak\u0259ndin azad olunmas\u0131n\u0131n ild\u00f6n\u00fcm\u00fc il\u0259 \u0259laq\u0259dar t\u0259dbir ke\u00e7irildi"},"content":{"rendered":"\n<p>Goranboy rayonunun \u015fimal-q\u0259rbind\u0259, Murovda\u011f silsil\u0259sinin \u0259t\u0259kl\u0259rind\u0259 yerl\u0259\u015f\u0259n v\u0259 strateji \u0259h\u0259miyy\u0259t\u0259 malik olan A\u011fcak\u0259nd k\u0259ndinin erm\u0259ni separat\u00e7\u0131lar\u0131ndan azad olunmas\u0131n\u0131n ild\u00f6n\u00fcm\u00fc il\u0259 ba\u011fl\u0131 t\u0259dbir ke\u00e7irilmi\u015fdir. T\u0259dbird\u0259 Az\u0259rbaycan V\u0259t\u0259n M\u00fcharib\u0259si Veteranlar\u0131 \u0130ctimai Birliyinin (AVMV\u0130B) s\u0259dri F\u00fczuli Rzaquliyev, AVMV\u0130B s\u0259drinin I m\u00fcavini Vahid Abdur\u0259hmanov, AVMV\u0130B-in N\u0259rimanov \u015f\u00f6b\u0259sinin s\u0259dri Qurban Osmanov, AVMV\u0130B-in G\u0259nc\u0259 \u015f\u0259h\u0259r \u015f\u00f6b\u0259sinin s\u0259dri B\u0259yan\u0259t Qas\u0131mov i\u015ftirak etmi\u015fl\u0259r.<\/p>\n\n\n\n<p>AVMV\u0130B Goranboy rayon \u015f\u00f6b\u0259sinin s\u0259dri Elmar M\u0259mm\u0259dov, Goranboy batalyonunun komandiri olmu\u015f Rasim \u018fkb\u0259rovun t\u0259\u015fkilat\u00e7\u0131l\u0131\u011f\u0131 il\u0259 ba\u015f tutan t\u0259dbir\u0259 h\u0259min d\u00f6y\u00fc\u015fl\u0259rd\u0259 i\u015ftirak etmi\u015f \u0259sg\u0259r v\u0259 zabitl\u0259r, h\u0259m\u00e7inin bu hadis\u0259l\u0259rin canl\u0131 \u015fahidi v\u0259 i\u015ftirak\u015f\u0131s\u0131 olmu\u015f veteranlar da qat\u0131lm\u0131\u015flar.<\/p>\n\n\n\n<p>T\u0259dbir i\u015ftirak\u00e7\u0131lar\u0131 \u0259vv\u0259lc\u0259 \u015f\u0259hidl\u0259rin ruhlar\u0131na dualar oxumu\u015fdur. Sonra t\u0259dbir qonaqlar \u00fc\u00e7\u00fcn t\u0259\u015fkil olunmu\u015f v\u0259 z\u0259f\u0259r \u0259hval-ruhiyy\u0259si il\u0259 dolu ziyaf\u0259t salonunda davam etmi\u015fdir.<\/p>\n\n\n\n<p>AVMV\u0130B s\u0259dri F\u00fczuli Rzaquliyev \u00e7\u0131x\u0131\u015f ed\u0259r\u0259k \u0259fsan\u0259vi Goranboy batalyonunun ke\u00e7diyi \u015f\u0259r\u0259fli d\u00f6y\u00fc\u015f yolundan dan\u0131\u015fm\u0131\u015f, bu d\u00f6y\u00fc\u015fl\u0259rin Az\u0259rbaycan tarixind\u0259 nec\u0259 b\u00f6y\u00fck \u0259h\u0259miyy\u0259t k\u0259sb etdiyini vur\u011fulam\u0131\u015fd\u0131r. Onun s\u00f6zl\u0259rin\u0259 g\u00f6r\u0259, A\u011fcak\u0259ndin azad olunmas\u0131 t\u0259kc\u0259 bir k\u0259ndin azadl\u0131\u011f\u0131 deyil, h\u0259m d\u0259 xalq\u0131m\u0131z\u0131n g\u00fcc\u00fcn\u00fcn v\u0259 irad\u0259sinin t\u0259zah\u00fcr\u00fc olmu\u015fdur. &#171;Bu g\u00fcn biz h\u0259min d\u00f6y\u00fc\u015fl\u0259rin i\u015ftirak\u00e7\u0131lar\u0131 il\u0259 bir yerd\u0259yik, bu, bizim \u00fc\u00e7\u00fcn \u00e7ox d\u0259y\u0259rli bir and\u0131r. Onlar\u0131n igidliyi, f\u0259dakarl\u0131\u011f\u0131 say\u0259sind\u0259 bu torpaqlar azad olundu v\u0259 biz bu g\u00fcn, h\u0259r bir az\u0259rbaycanl\u0131 kimi ba\u015f\u0131m\u0131z dik ya\u015fama\u011fa davam edirik,&#187; \u2013 dey\u0259 F\u00fczuli Rzaquliyev bildirmi\u015fdir.<\/p>\n\n\n\n<p>AVMV\u0130B s\u0259drinin I m\u00fcavini Vahid Abdur\u0259hmanov is\u0259 \u00e7\u0131x\u0131\u015f\u0131nda A\u011fcak\u0259ndin azad olunmas\u0131n\u0131n \u0259h\u0259miyy\u0259tin\u0259 diqq\u0259t \u00e7\u0259k\u0259r\u0259k, d\u00f6y\u00fc\u015fl\u0259rin n\u0259 q\u0259d\u0259r \u00e7\u0259tin v\u0259 a\u011f\u0131r \u015f\u0259raitd\u0259 ke\u00e7diyini, lakin n\u0259tic\u0259 etibaril\u0259 bunun b\u00f6y\u00fck u\u011furla n\u0259tic\u0259l\u0259ndiyini qeyd etmi\u015fdir. O, \u015eu\u015fa v\u0259 La\u00e7\u0131n \u015f\u0259h\u0259rl\u0259rinin erm\u0259nil\u0259r t\u0259r\u0259find\u0259n i\u015f\u011fal edilm\u0259sind\u0259n sonra h\u0259yata ke\u00e7irilm\u0259sind\u0259n sonra h\u0259yata ke\u00e7iril\u0259n bu \u0259m\u0259liyyat\u0131n xalq\u0131m\u0131zda b\u00f6y\u00fck ruh y\u00fcks\u0259kliyi yaratd\u0131\u011f\u0131n\u0131 vur\u011fulam\u0131\u015fd\u0131r. &#171;Bu, yaln\u0131z h\u0259rbi u\u011fur deyil, h\u0259m d\u0259 Az\u0259rbaycan xalq\u0131n\u0131n q\u00fcdr\u0259tinin t\u0259c\u0259ss\u00fcm\u00fcd\u00fcr,&#187; \u2013 dey\u0259 Vahid Abdur\u0259hmanov \u0259lav\u0259 etmi\u015fdir.<\/p>\n\n\n\n<p>Qurban Osmanov v\u0259 B\u0259yan\u0259t Qas\u0131mov \u00e7\u0131x\u0131\u015flar\u0131nda bu d\u00f6y\u00fc\u015f\u00fcn h\u0259m h\u0259rbi, h\u0259m d\u0259 m\u0259n\u0259vi bax\u0131mdan b\u00f6y\u00fck \u0259h\u0259miyy\u0259t da\u015f\u0131d\u0131\u011f\u0131n\u0131 qeyd edibl\u0259r. Onlar, x\u00fcsusil\u0259, bu torpaqlar\u0131n azad edilm\u0259si u\u011frunda canlar\u0131n\u0131 f\u0259da ed\u0259n \u015f\u0259hidl\u0259rin xatir\u0259sinin he\u00e7 vaxt unudulmayaca\u011f\u0131n\u0131, onlar\u0131n m\u00fcbariz\u0259sinin Az\u0259rbaycan xalq\u0131n\u0131n g\u0259l\u0259c\u0259yin\u0259 yol a\u00e7d\u0131\u011f\u0131n\u0131 vur\u011fulam\u0131\u015flar.<\/p>\n\n\n\n<p>Elmar M\u0259mm\u0259dov v\u0259 Rasim \u018fkb\u0259rov is\u0259 \u00f6z nitql\u0259rind\u0259 A\u011fcak\u0259ndin azad olunmas\u0131nda i\u015ftirak ed\u0259n b\u00fct\u00fcn d\u00f6y\u00fc\u015f\u00e7\u00fcl\u0259rin v\u0259 k\u0259ndin sakinl\u0259rinin \u0259zmkarl\u0131\u011f\u0131n\u0131 y\u00fcks\u0259k qiym\u0259tl\u0259ndir\u0259r\u0259k, bu k\u0259ndin strateji \u0259h\u0259miyy\u0259tini v\u0259 m\u00fcharib\u0259nin gedi\u015fat\u0131nda oynad\u0131\u011f\u0131 rolu xat\u0131rlam\u0131\u015flar. Rasim \u018fkb\u0259rov bildirmi\u015fdir ki, A\u011fcak\u0259ndin azad olunmas\u0131 yaln\u0131z bu k\u0259ndin deyil, b\u00fct\u00f6vl\u00fckd\u0259 b\u00f6lg\u0259nin azadl\u0131\u011f\u0131na ged\u0259n yolda at\u0131lm\u0131\u015f m\u00fch\u00fcm bir add\u0131m olmu\u015fdur. &#171;Bu, sad\u0259c\u0259 bir d\u00f6y\u00fc\u015f deyil, xalq\u0131m\u0131z\u0131n q\u0259l\u0259b\u0259 \u0259zminin g\u00f6st\u0259ricisidir,&#187; \u2013 dey\u0259 o qeyd etmi\u015fdir.<\/p>\n\n\n\n<p>T\u0259dbir sonunda i\u015ftirak\u00e7\u0131lar xatir\u0259 \u015f\u0259kli \u00e7\u0259kdir\u0259r\u0259k, bu m\u00fch\u00fcm an\u0131 yadda\u015flar\u0131nda \u0259b\u0259dil\u0259\u015fdirmi\u015fl\u0259r.<\/p>\n\n\n\n<p><strong>AVMV\u0130B-in M\u0259tbuat xidm\u0259ti<\/strong><\/p>\n\n\n\n<img decoding=\"async\" src=\"https:\/\/iili.io\/FBVPXLv.jpg\" alt=\"WhatsApp Image 2025 06 15 at 10.34.00 (1)\" border=\"0\">\n<img decoding=\"async\" src=\"https:\/\/iili.io\/FBVPWhJ.jpg\" alt=\"WhatsApp Image 2025 06 15 at 10.34.00\" border=\"0\">\n<img decoding=\"async\" src=\"https:\/\/iili.io\/FBVPjBR.jpg\" alt=\"WhatsApp Image 2025 06 15 at 10.33.59\" border=\"0\">\n","protected":false},"excerpt":{"rendered":"<p>Goranboy rayonunun \u015fimal-q\u0259rbind\u0259, Murovda\u011f silsil\u0259sinin \u0259t\u0259kl\u0259rind\u0259 yerl\u0259\u015f\u0259n v\u0259 strateji \u0259h\u0259miyy\u0259t\u0259 malik olan A\u011fcak\u0259nd k\u0259ndinin erm\u0259ni separat\u00e7\u0131lar\u0131ndan azad olunmas\u0131n\u0131n ild\u00f6n\u00fcm\u00fc il\u0259 ba\u011fl\u0131 t\u0259dbir ke\u00e7irilmi\u015fdir. T\u0259dbird\u0259<\/p>\n","protected":false},"author":2,"featured_media":102146,"comment_status":"closed","ping_status":"closed","sticky":false,"template":"","format":"standard","meta":{"footnotes":""},"categories":[4],"tags":[],"class_list":["post-102145","post","type-post","status-publish","format-standard","has-post-thumbnail","hentry","category-qarabag"],"aioseo_notices":[],"_links":{"self":[{"href":"https:\/\/fedai.az\/index.php?rest_route=\/wp\/v2\/posts\/102145","targetHints":{"allow":["GET"]}}],"collection":[{"href":"https:\/\/fedai.az\/index.php?rest_route=\/wp\/v2\/posts"}],"about":[{"href":"https:\/\/fedai.az\/index.php?rest_route=\/wp\/v2\/types\/post"}],"author":[{"embeddable":true,"href":"https:\/\/fedai.az\/index.php?rest_route=\/wp\/v2\/users\/2"}],"replies":[{"embeddable":true,"href":"https:\/\/fedai.az\/index.php?rest_route=%2Fwp%2Fv2%2Fcomments&post=102145"}],"version-history":[{"count":2,"href":"https:\/\/fedai.az\/index.php?rest_route=\/wp\/v2\/posts\/102145\/revisions"}],"predecessor-version":[{"id":102148,"href":"https:\/\/fedai.az\/index.php?rest_route=\/wp\/v2\/posts\/102145\/revisions\/102148"}],"wp:featuredmedia":[{"embeddable":true,"href":"https:\/\/fedai.az\/index.php?rest_route=\/wp\/v2\/media\/102146"}],"wp:attachment":[{"href":"https:\/\/fedai.az\/index.php?rest_route=%2Fwp%2Fv2%2Fmedia&parent=102145"}],"wp:term":[{"taxonomy":"category","embeddable":true,"href":"https:\/\/fedai.az\/index.php?rest_route=%2Fwp%2Fv2%2Fcategories&post=102145"},{"taxonomy":"post_tag","embeddable":true,"href":"https:\/\/fedai.az\/index.php?rest_route=%2Fwp%2Fv2%2Ftags&post=102145"}],"curies":[{"name":"wp","href":"https:\/\/api.w.org\/{rel}","templated":true}]}}