{"id":102160,"date":"2025-06-16T15:31:21","date_gmt":"2025-06-16T11:31:21","guid":{"rendered":"https:\/\/fedai.az\/?p=102160"},"modified":"2025-06-16T15:51:57","modified_gmt":"2025-06-16T11:51:57","slug":"avmvib-t%c9%99rt%c9%99r-rayon-sob%c9%99sinin-novb%c9%99ti-iclasi-kecirilmisdir","status":"publish","type":"post","link":"https:\/\/fedai.az\/?p=102160","title":{"rendered":"AVMV\u0130B T\u0259rt\u0259r rayon \u015f\u00f6b\u0259sinin n\u00f6vb\u0259ti iclas\u0131 ke\u00e7irilmi\u015fdir"},"content":{"rendered":"\n<p>2025-ci il, 16 iyun tarixind\u0259 Az\u0259rbaycan V\u0259t\u0259n M\u00fcharib\u0259si Veteranlar\u0131 \u0130ctimai Birliyinin (AVMV\u0130B) T\u0259rt\u0259r rayon \u015f\u00f6b\u0259sinin n\u00f6vb\u0259ti iclas\u0131 ke\u00e7irilmi\u015fdir. \u0130clasda, AVMV\u0130B T\u0259rt\u0259r rayon \u015f\u00f6b\u0259sinin s\u0259dri \u00c7ingiz \u0130sayevin t\u0259qdimat\u0131 v\u0259 AVMV\u0130B \u0130dar\u0259 Hey\u0259tinin q\u0259rar\u0131 v\u0259 AVMV\u0130B-in s\u0259dri F\u00fczuli Rzaquliyevin \u0259mri \u0259sas\u0131nda, ehtiyatda olan mayor Xanlar \u015eahmal\u0131 o\u011flu M\u0259mm\u0259dov AVMV\u0130B T\u0259rt\u0259r rayon \u00dcmumi \u015f\u00f6b\u0259nin m\u00fcdiri v\u0259zif\u0259sin\u0259 t\u0259yin edilmi\u015fdir. Yeni t\u0259yinatla ba\u011fl\u0131 v\u0259siq\u0259 mayor Xanlar M\u0259mm\u0259dova t\u0259qdim edilmi\u015fdir.<\/p>\n\n\n\n<p>\u0130clasda, AVMV\u0130B s\u0259dri F\u00fczuli Rzaquliyev v\u0259 \u0130dar\u0259 Hey\u0259tinin t\u0259brikl\u0259ri mayor Xanlar M\u0259mm\u0259dova \u00e7atd\u0131r\u0131lm\u0131\u015fd\u0131r. T\u0259dbird\u0259 i\u015ftirak ed\u0259n T\u0259rt\u0259r rayon m\u00fcharib\u0259 veteranlar\u0131 c\u0259nab mayoru t\u0259brik ed\u0259r\u0259k, ona v\u0259zif\u0259sinin icras\u0131nda v\u0259 \u015f\u00f6b\u0259nin m\u0259suliyy\u0259tli i\u015fl\u0259rind\u0259 u\u011furlar arzulam\u0131\u015flar.<\/p>\n\n\n\n<p>AVMV\u0130B T\u0259rt\u0259r rayon \u015f\u00f6b\u0259sinin s\u0259dri \u00c7ingiz \u0130sayev d\u0259 yeni t\u0259yin olunmu\u015f m\u00fcdiri t\u0259brik ed\u0259r\u0259k, ona i\u015fl\u0259rind\u0259 u\u011furlar dil\u0259mi\u015fdir.<\/p>\n\n\n\n<p><strong>AVMV\u0130B-in M\u0259tbuxat xidm\u0259tinin<\/strong><br><strong>Qaraba\u011f \u00fczr\u0259 b\u00f6lg\u0259 m\u00fcxbiri El\u00e7in Q\u0259dirov<\/strong><\/p>\n","protected":false},"excerpt":{"rendered":"<p>2025-ci il, 16 iyun tarixind\u0259 Az\u0259rbaycan V\u0259t\u0259n M\u00fcharib\u0259si Veteranlar\u0131 \u0130ctimai Birliyinin (AVMV\u0130B) T\u0259rt\u0259r rayon \u015f\u00f6b\u0259sinin n\u00f6vb\u0259ti iclas\u0131 ke\u00e7irilmi\u015fdir. \u0130clasda, AVMV\u0130B T\u0259rt\u0259r rayon \u015f\u00f6b\u0259sinin s\u0259dri<\/p>\n","protected":false},"author":2,"featured_media":102161,"comment_status":"closed","ping_status":"closed","sticky":false,"template":"","format":"standard","meta":{"footnotes":""},"categories":[5],"tags":[],"class_list":["post-102160","post","type-post","status-publish","format-standard","has-post-thumbnail","hentry","category-veteran"],"aioseo_notices":[],"_links":{"self":[{"href":"https:\/\/fedai.az\/index.php?rest_route=\/wp\/v2\/posts\/102160","targetHints":{"allow":["GET"]}}],"collection":[{"href":"https:\/\/fedai.az\/index.php?rest_route=\/wp\/v2\/posts"}],"about":[{"href":"https:\/\/fedai.az\/index.php?rest_route=\/wp\/v2\/types\/post"}],"author":[{"embeddable":true,"href":"https:\/\/fedai.az\/index.php?rest_route=\/wp\/v2\/users\/2"}],"replies":[{"embeddable":true,"href":"https:\/\/fedai.az\/index.php?rest_route=%2Fwp%2Fv2%2Fcomments&post=102160"}],"version-history":[{"count":9,"href":"https:\/\/fedai.az\/index.php?rest_route=\/wp\/v2\/posts\/102160\/revisions"}],"predecessor-version":[{"id":102170,"href":"https:\/\/fedai.az\/index.php?rest_route=\/wp\/v2\/posts\/102160\/revisions\/102170"}],"wp:featuredmedia":[{"embeddable":true,"href":"https:\/\/fedai.az\/index.php?rest_route=\/wp\/v2\/media\/102161"}],"wp:attachment":[{"href":"https:\/\/fedai.az\/index.php?rest_route=%2Fwp%2Fv2%2Fmedia&parent=102160"}],"wp:term":[{"taxonomy":"category","embeddable":true,"href":"https:\/\/fedai.az\/index.php?rest_route=%2Fwp%2Fv2%2Fcategories&post=102160"},{"taxonomy":"post_tag","embeddable":true,"href":"https:\/\/fedai.az\/index.php?rest_route=%2Fwp%2Fv2%2Ftags&post=102160"}],"curies":[{"name":"wp","href":"https:\/\/api.w.org\/{rel}","templated":true}]}}