{"id":102318,"date":"2025-07-06T11:44:24","date_gmt":"2025-07-06T07:44:24","guid":{"rendered":"https:\/\/fedai.az\/?p=102318"},"modified":"2025-07-06T13:48:48","modified_gmt":"2025-07-06T09:48:48","slug":"avmvib-sumqayit-s%c9%99h%c9%99r-sob%c9%99si-s%c9%99hid-leytenant-ulvi-m%c9%99h%c9%99rr%c9%99movun-xatir%c9%99sini-ehtiramla-yad-etdi","status":"publish","type":"post","link":"https:\/\/fedai.az\/?p=102318","title":{"rendered":"AVMV\u0130B Sumqay\u0131t \u015f\u0259h\u0259r \u015f\u00f6b\u0259si \u015f\u0259hid leytenant \u00dclvi M\u0259h\u0259rr\u0259movun xatir\u0259sini ehtiramla yad etdi"},"content":{"rendered":"\n<p>\u0130yulun 5-d\u0259 \u015f\u0259hid leytenant <strong>M\u0259h\u0259rr\u0259mov \u00dclvi Tahir o\u011flunun<\/strong> an\u0131m m\u0259rasimi ke\u00e7irilmi\u015fdir. Ya\u015fasa idi onun 28 ya\u015f\u0131 tamam olacaqd\u0131. T\u0259dbird\u0259 AVMV\u0130B Sumqay\u0131t \u015f\u0259h\u0259r \u015f\u00f6b\u0259sinin r\u0259hb\u0259rliyi v\u0259 kollektivi d\u0259 i\u015ftirak etmi\u015f, Sumqay\u0131t \u015f\u0259h\u0259r \u015e\u0259hidl\u0259r xiyaban\u0131nda \u015f\u0259hidimizin m\u0259zar\u0131n\u0131 ziyar\u0259t etmi\u015fl\u0259r.<\/p>\n\n\n\n<p>An\u0131m m\u0259rasimind\u0259 \u015f\u0259hidin ail\u0259 \u00fczvl\u0259ri, yax\u0131n qohumlar\u0131, d\u00f6y\u00fc\u015f yolda\u015flar\u0131, Qubadl\u0131 Rayon \u0130cra Hakimiyy\u0259tinin n\u00fcmay\u0259nd\u0259l\u0259ri, ictimaiyy\u0259t t\u0259msil\u00e7il\u0259ri d\u0259 i\u015ftirak etmi\u015fl\u0259r. T\u0259dbir i\u015ftirak\u00e7\u0131lar\u0131 \u015f\u0259hidin m\u0259zar\u0131 \u00f6n\u00fcn\u0259 g\u00fcl d\u0259st\u0259l\u0259ri d\u00fczm\u00fc\u015f, ruhuna dualar oxunmu\u015f v\u0259 onun ke\u00e7diyi \u015f\u0259r\u0259fli d\u00f6y\u00fc\u015f yolu haqq\u0131nda xatir\u0259l\u0259r s\u0259sl\u0259ndirilmi\u015fdir.<\/p>\n\n\n\n<p>T\u0259dbird\u0259 \u00e7\u0131x\u0131\u015f ed\u0259n AVMV\u0130B s\u0259drinin s\u0259lahiyy\u0259tli n\u00fcmay\u0259nd\u0259si, AVMV\u0130B Sumqay\u0131t \u015f\u0259h\u0259r \u015f\u00f6b\u0259sinin s\u0259dr m\u00fcavini Z\u0259k\u0259riyy\u0259 R\u0259himov \u00e7\u0131x\u0131\u015f ed\u0259r\u0259k \u015f\u0259hid leytenant \u00dclvi M\u0259h\u0259rr\u0259movun V\u0259t\u0259n m\u00fcharib\u0259si zaman\u0131 g\u00f6st\u0259rdiyi \u015f\u00fcca\u0259td\u0259n dan\u0131\u015faraq qeyd etmi\u015fdir ki, \u201c\u015f\u0259hidl\u0259rimizin h\u0259r biri Az\u0259rbaycan torpaqlar\u0131n\u0131n azadl\u0131\u011f\u0131 v\u0259 \u0259razi b\u00fct\u00f6vl\u00fcy\u00fc u\u011frunda can\u0131ndan ke\u00e7\u0259r\u0259k \u0259b\u0259di q\u0259hr\u0259manl\u0131q salnam\u0259si yaz\u0131blar. Onlar\u0131n xatir\u0259si xalq\u0131m\u0131z\u0131n q\u0259lbind\u0259 daim ya\u015fayacaq\u201d.<\/p>\n\n\n\n<p>An\u0131m m\u0259rasimind\u0259, h\u0259m\u00e7inin \u015f\u0259hid \u00dclvinin itkin d\u00fc\u015fm\u00fc\u015f \u0259misi, Birinci Qaraba\u011f m\u00fcharib\u0259sinin i\u015ftirak\u00e7\u0131s\u0131 <strong>Mirz\u0259 M\u0259h\u0259rr\u0259movun<\/strong> da xatir\u0259si ehtiramla yad olunmu\u015f, ail\u0259sinin bu iki a\u011f\u0131r itki il\u0259 \u00fcz-\u00fcz\u0259 qald\u0131\u011f\u0131 qeyd edilmi\u015fdir.<\/p>\n\n\n\n<p>T\u0259dbirin sonunda \u015f\u0259hidin ail\u0259si t\u0259r\u0259find\u0259n t\u0259\u015fkil olunmu\u015f ehsan s\u00fcfr\u0259si a\u00e7\u0131lm\u0131\u015f, i\u015ftirak\u00e7\u0131lar b\u00fct\u00fcn \u015f\u0259hidl\u0259rimizin ruhuna dualar oxumu\u015f v\u0259 onlar\u0131n m\u00fcq\u0259dd\u0259s xatir\u0259sini bir daha anm\u0131\u015flar.<\/p>\n\n\n\n<p><strong>AVMV\u0130B-in M\u0259tbuat xidm\u0259ti<\/strong><\/p>\n\n\n\n<a href=\"https:\/\/postimg.cc\/mzKz0BxQ\" target=\"_blank\"><img decoding=\"async\" src=\"https:\/\/i.postimg.cc\/sxgYGgw0\/Whats-App-Image-2025-07-06-at-11-27-53.jpg\" alt=\"Whats-App-Image-2025-07-06-at-11-27-53\"\/><\/a><br\/><br\/>\n<a href=\"https:\/\/postimg.cc\/mcXFy78p\" target=\"_blank\"><img decoding=\"async\" src=\"https:\/\/i.postimg.cc\/qR0X0Lnr\/Whats-App-Image-2025-07-06-at-11-28-13.jpg\" alt=\"Whats-App-Image-2025-07-06-at-11-28-13\"\/><\/a><br\/><br\/>\n<a href=\"https:\/\/postimg.cc\/ftVS2kPz\" target=\"_blank\"><img decoding=\"async\" src=\"https:\/\/i.postimg.cc\/rmJGprCr\/Whats-App-Image-2025-07-06-at-11-29-13.jpg\" alt=\"Whats-App-Image-2025-07-06-at-11-29-13\"\/><\/a><br\/><br\/>\n<a href=\"https:\/\/postimg.cc\/Y4qWFdfm\" target=\"_blank\"><img decoding=\"async\" src=\"https:\/\/i.postimg.cc\/0N7dL3zZ\/Whats-App-Image-2025-07-06-at-11-29-42.jpg\" alt=\"Whats-App-Image-2025-07-06-at-11-29-42\"\/><\/a><br\/><br\/>\n<a href=\"https:\/\/postimg.cc\/ZWLN0G3S\" target=\"_blank\"><img decoding=\"async\" src=\"https:\/\/i.postimg.cc\/Qd2JYsdH\/Whats-App-Image-2025-07-06-at-11-30-03.jpg\" alt=\"Whats-App-Image-2025-07-06-at-11-30-03\"\/><\/a><br\/><br\/>\n","protected":false},"excerpt":{"rendered":"<p>\u0130yulun 5-d\u0259 \u015f\u0259hid leytenant M\u0259h\u0259rr\u0259mov \u00dclvi Tahir o\u011flunun an\u0131m m\u0259rasimi ke\u00e7irilmi\u015fdir. Ya\u015fasa idi onun 28 ya\u015f\u0131 tamam olacaqd\u0131. T\u0259dbird\u0259 AVMV\u0130B Sumqay\u0131t \u015f\u0259h\u0259r \u015f\u00f6b\u0259sinin r\u0259hb\u0259rliyi<\/p>\n","protected":false},"author":2,"featured_media":102319,"comment_status":"closed","ping_status":"closed","sticky":false,"template":"","format":"standard","meta":{"footnotes":""},"categories":[5],"tags":[],"class_list":["post-102318","post","type-post","status-publish","format-standard","has-post-thumbnail","hentry","category-veteran"],"aioseo_notices":[],"_links":{"self":[{"href":"https:\/\/fedai.az\/index.php?rest_route=\/wp\/v2\/posts\/102318","targetHints":{"allow":["GET"]}}],"collection":[{"href":"https:\/\/fedai.az\/index.php?rest_route=\/wp\/v2\/posts"}],"about":[{"href":"https:\/\/fedai.az\/index.php?rest_route=\/wp\/v2\/types\/post"}],"author":[{"embeddable":true,"href":"https:\/\/fedai.az\/index.php?rest_route=\/wp\/v2\/users\/2"}],"replies":[{"embeddable":true,"href":"https:\/\/fedai.az\/index.php?rest_route=%2Fwp%2Fv2%2Fcomments&post=102318"}],"version-history":[{"count":4,"href":"https:\/\/fedai.az\/index.php?rest_route=\/wp\/v2\/posts\/102318\/revisions"}],"predecessor-version":[{"id":102324,"href":"https:\/\/fedai.az\/index.php?rest_route=\/wp\/v2\/posts\/102318\/revisions\/102324"}],"wp:featuredmedia":[{"embeddable":true,"href":"https:\/\/fedai.az\/index.php?rest_route=\/wp\/v2\/media\/102319"}],"wp:attachment":[{"href":"https:\/\/fedai.az\/index.php?rest_route=%2Fwp%2Fv2%2Fmedia&parent=102318"}],"wp:term":[{"taxonomy":"category","embeddable":true,"href":"https:\/\/fedai.az\/index.php?rest_route=%2Fwp%2Fv2%2Fcategories&post=102318"},{"taxonomy":"post_tag","embeddable":true,"href":"https:\/\/fedai.az\/index.php?rest_route=%2Fwp%2Fv2%2Ftags&post=102318"}],"curies":[{"name":"wp","href":"https:\/\/api.w.org\/{rel}","templated":true}]}}