{"id":10234,"date":"2020-07-17T02:19:17","date_gmt":"2020-07-16T22:19:17","guid":{"rendered":"http:\/\/fedai.az\/?p=10234"},"modified":"2020-07-17T02:19:49","modified_gmt":"2020-07-16T22:19:49","slug":"s%c9%99rt-karantin-daha-2-h%c9%99ft%c9%99-uzadilacaq-prezidentin-kom%c9%99kcisi","status":"publish","type":"post","link":"https:\/\/fedai.az\/?p=10234","title":{"rendered":"S\u0259rt karantin daha 2 h\u0259ft\u0259 uzad\u0131lacaq &#8212; Prezidentin k\u00f6m\u0259k\u00e7isi"},"content":{"rendered":"\n<p><strong>Az\u0259rbaycanda s\u0259rt karantin rejiminin daha 2 h\u0259ft\u0259 uzad\u0131lmas\u0131 n\u0259z\u0259rd\u0259 tutulur.&nbsp;<\/strong><\/p>\n\n\n\n<p><a href=\"https:\/\/axeber.az\/\">Axeber.az<\/a>&nbsp;x\u0259b\u0259r verir ki, bu bar\u0259d\u0259 AzTV-d\u0259 Nazirl\u0259r Kabineti yan\u0131nda Operativ Q\u0259rargah\u0131n \u00fczv\u00fc \u015eahmar M\u00f6vs\u00fcmov bildirib.&nbsp;<\/p>\n\n\n\n<p>&#171;T\u0259\u0259ss\u00fcf hissi il\u0259 dem\u0259liy\u0259m ki, Operativ Q\u0259rargah bir \u00e7ox m\u00fczakir\u0259l\u0259rd\u0259n sonra karantin rejiminin uzad\u0131lmas\u0131 v\u0259 onun uzad\u0131lmas\u0131n\u0131n qa\u00e7\u0131lmaz oldu\u011fu haqq\u0131nda m\u00fc\u0259yy\u0259n q\u0259rarlar q\u0259bul edib. Biz karantin rejiminin \u0259lav\u0259 2 h\u0259ft\u0259 uzad\u0131lmas\u0131n\u0131 n\u0259z\u0259rd\u0259 tutmu\u015fuq. Buna m\u0259cburuq&#187;, &#8212; dey\u0259 M\u00f6vs\u00fcmov qeyd edib.&nbsp;<\/p>\n\n\n\n<figure class=\"wp-block-embed-youtube wp-block-embed is-type-video is-provider-youtube wp-embed-aspect-16-9 wp-has-aspect-ratio\"><div class=\"wp-block-embed__wrapper\">\n<iframe loading=\"lazy\" title=\"Prezidentin k\u00f6m\u0259k\u00e7isi: \u201cS\u0259rt karantin rejiminin daha iki h\u0259ft\u0259lik uzad\u0131lmas\u0131n\u0131 n\u0259z\u0259rd\u0259 tutmu\u015fuq\u201d\" width=\"715\" height=\"402\" src=\"https:\/\/www.youtube.com\/embed\/l2vErsomts8?feature=oembed\" frameborder=\"0\" allow=\"accelerometer; autoplay; encrypted-media; gyroscope; picture-in-picture\" allowfullscreen><\/iframe>\n<\/div><\/figure>\n","protected":false},"excerpt":{"rendered":"<p>Az\u0259rbaycanda s\u0259rt karantin rejiminin daha 2 h\u0259ft\u0259 uzad\u0131lmas\u0131 n\u0259z\u0259rd\u0259 tutulur.&nbsp; Axeber.az&nbsp;x\u0259b\u0259r verir ki, bu bar\u0259d\u0259 AzTV-d\u0259 Nazirl\u0259r Kabineti yan\u0131nda Operativ Q\u0259rargah\u0131n \u00fczv\u00fc \u015eahmar M\u00f6vs\u00fcmov<\/p>\n","protected":false},"author":2,"featured_media":10235,"comment_status":"closed","ping_status":"closed","sticky":false,"template":"","format":"standard","meta":{"footnotes":""},"categories":[3],"tags":[],"class_list":["post-10234","post","type-post","status-publish","format-standard","has-post-thumbnail","hentry","category-gundm"],"aioseo_notices":[],"_links":{"self":[{"href":"https:\/\/fedai.az\/index.php?rest_route=\/wp\/v2\/posts\/10234","targetHints":{"allow":["GET"]}}],"collection":[{"href":"https:\/\/fedai.az\/index.php?rest_route=\/wp\/v2\/posts"}],"about":[{"href":"https:\/\/fedai.az\/index.php?rest_route=\/wp\/v2\/types\/post"}],"author":[{"embeddable":true,"href":"https:\/\/fedai.az\/index.php?rest_route=\/wp\/v2\/users\/2"}],"replies":[{"embeddable":true,"href":"https:\/\/fedai.az\/index.php?rest_route=%2Fwp%2Fv2%2Fcomments&post=10234"}],"version-history":[{"count":1,"href":"https:\/\/fedai.az\/index.php?rest_route=\/wp\/v2\/posts\/10234\/revisions"}],"predecessor-version":[{"id":10236,"href":"https:\/\/fedai.az\/index.php?rest_route=\/wp\/v2\/posts\/10234\/revisions\/10236"}],"wp:featuredmedia":[{"embeddable":true,"href":"https:\/\/fedai.az\/index.php?rest_route=\/wp\/v2\/media\/10235"}],"wp:attachment":[{"href":"https:\/\/fedai.az\/index.php?rest_route=%2Fwp%2Fv2%2Fmedia&parent=10234"}],"wp:term":[{"taxonomy":"category","embeddable":true,"href":"https:\/\/fedai.az\/index.php?rest_route=%2Fwp%2Fv2%2Fcategories&post=10234"},{"taxonomy":"post_tag","embeddable":true,"href":"https:\/\/fedai.az\/index.php?rest_route=%2Fwp%2Fv2%2Ftags&post=10234"}],"curies":[{"name":"wp","href":"https:\/\/api.w.org\/{rel}","templated":true}]}}