{"id":102375,"date":"2025-07-16T16:23:16","date_gmt":"2025-07-16T12:23:16","guid":{"rendered":"https:\/\/fedai.az\/?p=102375"},"modified":"2025-07-16T16:23:17","modified_gmt":"2025-07-16T12:23:17","slug":"ilham-eliyev-az%c9%99rbaycanla-turkm%c9%99nistan-arasinda-tarixi-%c9%99laq%c9%99l%c9%99r-bugunku-%c9%99laq%c9%99l%c9%99r-ucun-%c9%99sas-z%c9%99mindir","status":"publish","type":"post","link":"https:\/\/fedai.az\/?p=102375","title":{"rendered":"\u0130lham \u018fliyev: Az\u0259rbaycanla T\u00fcrkm\u0259nistan aras\u0131nda tarixi \u0259laq\u0259l\u0259r bug\u00fcnk\u00fc \u0259laq\u0259l\u0259r \u00fc\u00e7\u00fcn \u0259sas z\u0259mindir"},"content":{"rendered":"\n<p class=\"wp-block-paragraph\">Az\u0259rbaycanla T\u00fcrkm\u0259nistan aras\u0131nda tarixi \u0259laq\u0259l\u0259r bug\u00fcnk\u00fc \u0259laq\u0259l\u0259r \u00fc\u00e7\u00fcn \u0259sas z\u0259mindir.<\/p>\n\n\n\n<p class=\"wp-block-paragraph\">Bunu Az\u0259rbaycan Prezidenti \u0130lham \u018fliyev Bak\u0131da T\u00fcrkm\u0259nistan Xalq M\u0259sl\u0259h\u0259tinin s\u0259dri Qurbanqulu Berdim\u0259h\u0259mm\u0259dov il\u0259 g\u00f6r\u00fc\u015f\u00fcnd\u0259 deyib.<\/p>\n\n\n\n<p class=\"wp-block-paragraph\">D\u00f6vl\u0259t ba\u015f\u00e7\u0131s\u0131 qeyd edib ki, bu s\u0259f\u0259r T\u00fcrkm\u0259nistan-Az\u0259rbaycan qarda\u015fl\u0131q \u0259laq\u0259l\u0259rinin inki\u015faf\u0131na \u00f6z t\u00f6hf\u0259sini ver\u0259c\u0259k:<\/p>\n\n\n\n<p class=\"wp-block-paragraph\">\u201cXalqlar\u0131m\u0131z\u0131 d\u0259rin qarda\u015fl\u0131q \u0259n\u0259n\u0259l\u0259ri birl\u0259\u015fdirir v\u0259 m\u00fcst\u0259qillik d\u00f6vr\u00fcnd\u0259 bu \u0259laq\u0259l\u0259r daha da g\u00fccl\u0259ndi. Biz bir \u00e7ox sah\u0259l\u0259rd\u0259 u\u011furla \u0259m\u0259kda\u015fl\u0131q edirik v\u0259 iki \u00f6lk\u0259 m\u00fcst\u0259qil siyas\u0259t apararaq g\u0259l\u0259c\u0259y\u0259 inamla bax\u0131r. Bizim aram\u0131zdak\u0131 tarixi \u0259laq\u0259l\u0259r bug\u00fcnk\u00fc \u0259laq\u0259l\u0259r \u00fc\u00e7\u00fcn \u0259sas z\u0259mindir v\u0259 \u0259min\u0259m ki, Sizin s\u0259f\u0259riniz bizim m\u00fcnasib\u0259tl\u0259rimiz\u0259 yeni t\u0259kan ver\u0259c\u0259k. Siyasi, iqtisadi, humanitar v\u0259 dig\u0259r sah\u0259l\u0259rd\u0259, o c\u00fcml\u0259d\u0259n n\u0259qliyyat, energetika sah\u0259l\u0259rind\u0259 bir \u00e7ox nailiyy\u0259tl\u0259rimiz var v\u0259 \u0259lb\u0259tt\u0259 ki, g\u0259l\u0259c\u0259k \u0259m\u0259kda\u015fl\u0131qla ba\u011fl\u0131 bu g\u00fcn fikir m\u00fcbadil\u0259si aparaca\u011f\u0131q\u201d.<\/p>\n","protected":false},"excerpt":{"rendered":"<p>Az\u0259rbaycanla T\u00fcrkm\u0259nistan aras\u0131nda tarixi \u0259laq\u0259l\u0259r bug\u00fcnk\u00fc \u0259laq\u0259l\u0259r \u00fc\u00e7\u00fcn \u0259sas z\u0259mindir. Bunu Az\u0259rbaycan Prezidenti \u0130lham \u018fliyev Bak\u0131da T\u00fcrkm\u0259nistan Xalq M\u0259sl\u0259h\u0259tinin s\u0259dri Qurbanqulu Berdim\u0259h\u0259mm\u0259dov il\u0259 g\u00f6r\u00fc\u015f\u00fcnd\u0259<\/p>\n","protected":false},"author":2,"featured_media":0,"comment_status":"closed","ping_status":"closed","sticky":false,"template":"","format":"standard","meta":{"footnotes":""},"categories":[3],"tags":[],"class_list":["post-102375","post","type-post","status-publish","format-standard","hentry","category-gundm"],"aioseo_notices":[],"aioseo_head":"\n\t\t<!-- All in One SEO 5.0.0.1 - aioseo.com -->\n\t<meta name=\"description\" content=\"Az\u0259rbaycanla T\u00fcrkm\u0259nistan aras\u0131nda tarixi \u0259laq\u0259l\u0259r bug\u00fcnk\u00fc \u0259laq\u0259l\u0259r \u00fc\u00e7\u00fcn \u0259sas z\u0259mindir. Bunu Az\u0259rbaycan Prezidenti \u0130lham \u018fliyev Bak\u0131da T\u00fcrkm\u0259nistan Xalq M\u0259sl\u0259h\u0259tinin s\u0259dri Qurbanqulu Berdim\u0259h\u0259mm\u0259dov il\u0259 g\u00f6r\u00fc\u015f\u00fcnd\u0259 deyib. D\u00f6vl\u0259t ba\u015f\u00e7\u0131s\u0131 qeyd edib ki, bu s\u0259f\u0259r T\u00fcrkm\u0259nistan-Az\u0259rbaycan qarda\u015fl\u0131q \u0259laq\u0259l\u0259rinin inki\u015faf\u0131na \u00f6z t\u00f6hf\u0259sini ver\u0259c\u0259k: \u201cXalqlar\u0131m\u0131z\u0131 d\u0259rin qarda\u015fl\u0131q \u0259n\u0259n\u0259l\u0259ri birl\u0259\u015fdirir v\u0259 m\u00fcst\u0259qillik d\u00f6vr\u00fcnd\u0259 bu \u0259laq\u0259l\u0259r daha da g\u00fccl\u0259ndi. Biz bir \u00e7ox\" \/>\n\t<meta name=\"robots\" content=\"max-image-preview:large\" \/>\n\t<meta name=\"author\" content=\"www.Fedai.az\"\/>\n\t<link rel=\"canonical\" href=\"https:\/\/fedai.az\/?p=102375\" \/>\n\t<meta name=\"generator\" content=\"All in One SEO (AIOSEO) 5.0.0.1\" \/>\n\t\t<meta property=\"og:locale\" content=\"ru_RU\" \/>\n\t\t<meta property=\"og:site_name\" content=\"&quot;F\u0259dai&quot; q\u0259zeti\" \/>\n\t\t<meta property=\"og:type\" content=\"article\" \/>\n\t\t<meta property=\"og:title\" content=\"\u0130lham \u018fliyev: Az\u0259rbaycanla T\u00fcrkm\u0259nistan aras\u0131nda tarixi \u0259laq\u0259l\u0259r bug\u00fcnk\u00fc \u0259laq\u0259l\u0259r \u00fc\u00e7\u00fcn \u0259sas z\u0259mindir | &quot;F\u0259dai&quot; q\u0259zeti\" \/>\n\t\t<meta property=\"og:description\" content=\"Az\u0259rbaycanla T\u00fcrkm\u0259nistan aras\u0131nda tarixi \u0259laq\u0259l\u0259r bug\u00fcnk\u00fc \u0259laq\u0259l\u0259r \u00fc\u00e7\u00fcn \u0259sas z\u0259mindir. Bunu Az\u0259rbaycan Prezidenti \u0130lham \u018fliyev Bak\u0131da T\u00fcrkm\u0259nistan Xalq M\u0259sl\u0259h\u0259tinin s\u0259dri Qurbanqulu Berdim\u0259h\u0259mm\u0259dov il\u0259 g\u00f6r\u00fc\u015f\u00fcnd\u0259 deyib. D\u00f6vl\u0259t ba\u015f\u00e7\u0131s\u0131 qeyd edib ki, bu s\u0259f\u0259r T\u00fcrkm\u0259nistan-Az\u0259rbaycan qarda\u015fl\u0131q \u0259laq\u0259l\u0259rinin inki\u015faf\u0131na \u00f6z t\u00f6hf\u0259sini ver\u0259c\u0259k: \u201cXalqlar\u0131m\u0131z\u0131 d\u0259rin qarda\u015fl\u0131q \u0259n\u0259n\u0259l\u0259ri birl\u0259\u015fdirir v\u0259 m\u00fcst\u0259qillik d\u00f6vr\u00fcnd\u0259 bu \u0259laq\u0259l\u0259r daha da g\u00fccl\u0259ndi. Biz bir \u00e7ox\" \/>\n\t\t<meta property=\"og:url\" content=\"https:\/\/fedai.az\/?p=102375\" \/>\n\t\t<meta property=\"fb:app_id\" content=\"696809432257740\" \/>\n\t\t<meta property=\"og:image\" content=\"https:\/\/fedai.az\/wp-content\/uploads\/2022\/09\/logo3.png\" \/>\n\t\t<meta property=\"og:image:secure_url\" content=\"https:\/\/fedai.az\/wp-content\/uploads\/2022\/09\/logo3.png\" \/>\n\t\t<meta property=\"article:published_time\" content=\"2025-07-16T12:23:16+00:00\" \/>\n\t\t<meta property=\"article:modified_time\" content=\"2025-07-16T12:23:17+00:00\" \/>\n\t\t<meta property=\"article:publisher\" content=\"https:\/\/facebook.com\/fedai.az\" \/>\n\t\t<meta name=\"twitter:card\" content=\"summary\" \/>\n\t\t<meta name=\"twitter:site\" content=\"@fedai.az\" \/>\n\t\t<meta name=\"twitter:title\" content=\"\u0130lham \u018fliyev: Az\u0259rbaycanla T\u00fcrkm\u0259nistan aras\u0131nda tarixi \u0259laq\u0259l\u0259r bug\u00fcnk\u00fc \u0259laq\u0259l\u0259r \u00fc\u00e7\u00fcn \u0259sas z\u0259mindir | &quot;F\u0259dai&quot; q\u0259zeti\" \/>\n\t\t<meta name=\"twitter:description\" content=\"Az\u0259rbaycanla T\u00fcrkm\u0259nistan aras\u0131nda tarixi \u0259laq\u0259l\u0259r bug\u00fcnk\u00fc \u0259laq\u0259l\u0259r \u00fc\u00e7\u00fcn \u0259sas z\u0259mindir. Bunu Az\u0259rbaycan Prezidenti \u0130lham \u018fliyev Bak\u0131da T\u00fcrkm\u0259nistan Xalq M\u0259sl\u0259h\u0259tinin s\u0259dri Qurbanqulu Berdim\u0259h\u0259mm\u0259dov il\u0259 g\u00f6r\u00fc\u015f\u00fcnd\u0259 deyib. D\u00f6vl\u0259t ba\u015f\u00e7\u0131s\u0131 qeyd edib ki, bu s\u0259f\u0259r T\u00fcrkm\u0259nistan-Az\u0259rbaycan qarda\u015fl\u0131q \u0259laq\u0259l\u0259rinin inki\u015faf\u0131na \u00f6z t\u00f6hf\u0259sini ver\u0259c\u0259k: \u201cXalqlar\u0131m\u0131z\u0131 d\u0259rin qarda\u015fl\u0131q \u0259n\u0259n\u0259l\u0259ri birl\u0259\u015fdirir v\u0259 m\u00fcst\u0259qillik d\u00f6vr\u00fcnd\u0259 bu \u0259laq\u0259l\u0259r daha da g\u00fccl\u0259ndi. Biz bir \u00e7ox\" \/>\n\t\t<meta name=\"twitter:image\" content=\"https:\/\/fedai.az\/wp-content\/uploads\/2022\/09\/logo3.png\" \/>\n\t\t<script type=\"application\/ld+json\" class=\"aioseo-schema\">\n\t\t\t{\"@context\":\"https:\\\/\\\/schema.org\",\"@graph\":[{\"@type\":\"Article\",\"@id\":\"https:\\\/\\\/fedai.az\\\/?p=102375#article\",\"name\":\"\\u0130lham \\u018fliyev: Az\\u0259rbaycanla T\\u00fcrkm\\u0259nistan aras\\u0131nda tarixi \\u0259laq\\u0259l\\u0259r bug\\u00fcnk\\u00fc \\u0259laq\\u0259l\\u0259r \\u00fc\\u00e7\\u00fcn \\u0259sas z\\u0259mindir | \\\"F\\u0259dai\\\" q\\u0259zeti\",\"headline\":\"\\u0130lham \\u018fliyev: Az\\u0259rbaycanla T\\u00fcrkm\\u0259nistan aras\\u0131nda tarixi \\u0259laq\\u0259l\\u0259r bug\\u00fcnk\\u00fc \\u0259laq\\u0259l\\u0259r \\u00fc\\u00e7\\u00fcn \\u0259sas z\\u0259mindir\",\"author\":{\"@id\":\"https:\\\/\\\/fedai.az\\\/?author=2#author\"},\"publisher\":{\"@id\":\"https:\\\/\\\/fedai.az\\\/#organization\"},\"image\":{\"@type\":\"ImageObject\",\"url\":\"https:\\\/\\\/fedai.az\\\/wp-content\\\/uploads\\\/2022\\\/09\\\/logo3.png\",\"@id\":\"https:\\\/\\\/fedai.az\\\/#articleImage\",\"width\":500,\"height\":100},\"datePublished\":\"2025-07-16T16:23:16+04:00\",\"dateModified\":\"2025-07-16T16:23:17+04:00\",\"inLanguage\":\"ru-RU\",\"mainEntityOfPage\":{\"@id\":\"https:\\\/\\\/fedai.az\\\/?p=102375#webpage\"},\"isPartOf\":{\"@id\":\"https:\\\/\\\/fedai.az\\\/?p=102375#webpage\"},\"articleSection\":\"G\\u00fcnd\\u0259m\"},{\"@type\":\"BreadcrumbList\",\"@id\":\"https:\\\/\\\/fedai.az\\\/?p=102375#breadcrumblist\",\"itemListElement\":[{\"@type\":\"ListItem\",\"@id\":\"https:\\\/\\\/fedai.az#listItem\",\"position\":1,\"name\":\"Home\",\"item\":\"https:\\\/\\\/fedai.az\",\"nextItem\":{\"@type\":\"ListItem\",\"@id\":\"https:\\\/\\\/fedai.az\\\/?cat=3#listItem\",\"name\":\"G\\u00fcnd\\u0259m\"}},{\"@type\":\"ListItem\",\"@id\":\"https:\\\/\\\/fedai.az\\\/?cat=3#listItem\",\"position\":2,\"name\":\"G\\u00fcnd\\u0259m\",\"item\":\"https:\\\/\\\/fedai.az\\\/?cat=3\",\"nextItem\":{\"@type\":\"ListItem\",\"@id\":\"https:\\\/\\\/fedai.az\\\/?p=102375#listItem\",\"name\":\"\\u0130lham \\u018fliyev: Az\\u0259rbaycanla T\\u00fcrkm\\u0259nistan aras\\u0131nda tarixi \\u0259laq\\u0259l\\u0259r bug\\u00fcnk\\u00fc \\u0259laq\\u0259l\\u0259r \\u00fc\\u00e7\\u00fcn \\u0259sas z\\u0259mindir\"},\"previousItem\":{\"@type\":\"ListItem\",\"@id\":\"https:\\\/\\\/fedai.az#listItem\",\"name\":\"Home\"}},{\"@type\":\"ListItem\",\"@id\":\"https:\\\/\\\/fedai.az\\\/?p=102375#listItem\",\"position\":3,\"name\":\"\\u0130lham \\u018fliyev: Az\\u0259rbaycanla T\\u00fcrkm\\u0259nistan aras\\u0131nda tarixi \\u0259laq\\u0259l\\u0259r bug\\u00fcnk\\u00fc \\u0259laq\\u0259l\\u0259r \\u00fc\\u00e7\\u00fcn \\u0259sas z\\u0259mindir\",\"previousItem\":{\"@type\":\"ListItem\",\"@id\":\"https:\\\/\\\/fedai.az\\\/?cat=3#listItem\",\"name\":\"G\\u00fcnd\\u0259m\"}}]},{\"@type\":\"Organization\",\"@id\":\"https:\\\/\\\/fedai.az\\\/#organization\",\"name\":\"\\\"F\\u0259dai\\\" q\\u0259zeti\",\"description\":\"Az\\u0259rbaycan V\\u0259t\\u0259n M\\u00fcharib\\u0259si Veteranlar\\u0131 \\u0130ctimai Birliyi\",\"url\":\"https:\\\/\\\/fedai.az\\\/\",\"logo\":{\"@type\":\"ImageObject\",\"url\":\"https:\\\/\\\/fedai.az\\\/wp-content\\\/uploads\\\/2022\\\/09\\\/logo3.png\",\"@id\":\"https:\\\/\\\/fedai.az\\\/?p=102375\\\/#organizationLogo\",\"width\":500,\"height\":100},\"image\":{\"@id\":\"https:\\\/\\\/fedai.az\\\/?p=102375\\\/#organizationLogo\"},\"sameAs\":[\"https:\\\/\\\/instagram.com\\\/fedai.az\",\"https:\\\/\\\/pinterest.com\\\/fedai.az\",\"https:\\\/\\\/youtube.com\\\/fedai.az\",\"https:\\\/\\\/linkedin.com\\\/in\\\/fedai.az\"]},{\"@type\":\"Person\",\"@id\":\"https:\\\/\\\/fedai.az\\\/?author=2#author\",\"url\":\"https:\\\/\\\/fedai.az\\\/?author=2\",\"name\":\"www.Fedai.az\",\"image\":{\"@type\":\"ImageObject\",\"@id\":\"https:\\\/\\\/fedai.az\\\/?p=102375#authorImage\",\"url\":\"https:\\\/\\\/secure.gravatar.com\\\/avatar\\\/d861e138a4bd3ce6812a7aa95e796aa05e165f28ecde9a972c6789a09fcd1daa?s=96&d=mm&r=g\",\"width\":96,\"height\":96,\"caption\":\"www.Fedai.az\"}},{\"@type\":\"WebPage\",\"@id\":\"https:\\\/\\\/fedai.az\\\/?p=102375#webpage\",\"url\":\"https:\\\/\\\/fedai.az\\\/?p=102375\",\"name\":\"\\u0130lham \\u018fliyev: Az\\u0259rbaycanla T\\u00fcrkm\\u0259nistan aras\\u0131nda tarixi \\u0259laq\\u0259l\\u0259r bug\\u00fcnk\\u00fc \\u0259laq\\u0259l\\u0259r \\u00fc\\u00e7\\u00fcn \\u0259sas z\\u0259mindir | \\\"F\\u0259dai\\\" q\\u0259zeti\",\"description\":\"Az\\u0259rbaycanla T\\u00fcrkm\\u0259nistan aras\\u0131nda tarixi \\u0259laq\\u0259l\\u0259r bug\\u00fcnk\\u00fc \\u0259laq\\u0259l\\u0259r \\u00fc\\u00e7\\u00fcn \\u0259sas z\\u0259mindir. Bunu Az\\u0259rbaycan Prezidenti \\u0130lham \\u018fliyev Bak\\u0131da T\\u00fcrkm\\u0259nistan Xalq M\\u0259sl\\u0259h\\u0259tinin s\\u0259dri Qurbanqulu Berdim\\u0259h\\u0259mm\\u0259dov il\\u0259 g\\u00f6r\\u00fc\\u015f\\u00fcnd\\u0259 deyib. D\\u00f6vl\\u0259t ba\\u015f\\u00e7\\u0131s\\u0131 qeyd edib ki, bu s\\u0259f\\u0259r T\\u00fcrkm\\u0259nistan-Az\\u0259rbaycan qarda\\u015fl\\u0131q \\u0259laq\\u0259l\\u0259rinin inki\\u015faf\\u0131na \\u00f6z t\\u00f6hf\\u0259sini ver\\u0259c\\u0259k: \\u201cXalqlar\\u0131m\\u0131z\\u0131 d\\u0259rin qarda\\u015fl\\u0131q \\u0259n\\u0259n\\u0259l\\u0259ri birl\\u0259\\u015fdirir v\\u0259 m\\u00fcst\\u0259qillik d\\u00f6vr\\u00fcnd\\u0259 bu \\u0259laq\\u0259l\\u0259r daha da g\\u00fccl\\u0259ndi. Biz bir \\u00e7ox\",\"inLanguage\":\"ru-RU\",\"isPartOf\":{\"@id\":\"https:\\\/\\\/fedai.az\\\/#website\"},\"breadcrumb\":{\"@id\":\"https:\\\/\\\/fedai.az\\\/?p=102375#breadcrumblist\"},\"author\":{\"@id\":\"https:\\\/\\\/fedai.az\\\/?author=2#author\"},\"creator\":{\"@id\":\"https:\\\/\\\/fedai.az\\\/?author=2#author\"},\"datePublished\":\"2025-07-16T16:23:16+04:00\",\"dateModified\":\"2025-07-16T16:23:17+04:00\"},{\"@type\":\"WebSite\",\"@id\":\"https:\\\/\\\/fedai.az\\\/#website\",\"url\":\"https:\\\/\\\/fedai.az\\\/\",\"name\":\"\\\"F\\u0259dai\\\" q\\u0259zeti\",\"description\":\"Az\\u0259rbaycan V\\u0259t\\u0259n M\\u00fcharib\\u0259si Veteranlar\\u0131 \\u0130ctimai Birliyi\",\"inLanguage\":\"ru-RU\",\"publisher\":{\"@id\":\"https:\\\/\\\/fedai.az\\\/#organization\"}}]}\n\t\t<\/script>\n\t\t<!-- All in One SEO -->\n\n","aioseo_head_json":{"title":"\u0130lham \u018fliyev: Az\u0259rbaycanla T\u00fcrkm\u0259nistan aras\u0131nda tarixi \u0259laq\u0259l\u0259r bug\u00fcnk\u00fc \u0259laq\u0259l\u0259r \u00fc\u00e7\u00fcn \u0259sas z\u0259mindir | \"F\u0259dai\" q\u0259zeti","description":"Az\u0259rbaycanla T\u00fcrkm\u0259nistan aras\u0131nda tarixi \u0259laq\u0259l\u0259r bug\u00fcnk\u00fc \u0259laq\u0259l\u0259r \u00fc\u00e7\u00fcn \u0259sas z\u0259mindir. Bunu Az\u0259rbaycan Prezidenti \u0130lham \u018fliyev Bak\u0131da T\u00fcrkm\u0259nistan Xalq M\u0259sl\u0259h\u0259tinin s\u0259dri Qurbanqulu Berdim\u0259h\u0259mm\u0259dov il\u0259 g\u00f6r\u00fc\u015f\u00fcnd\u0259 deyib. D\u00f6vl\u0259t ba\u015f\u00e7\u0131s\u0131 qeyd edib ki, bu s\u0259f\u0259r T\u00fcrkm\u0259nistan-Az\u0259rbaycan qarda\u015fl\u0131q \u0259laq\u0259l\u0259rinin inki\u015faf\u0131na \u00f6z t\u00f6hf\u0259sini ver\u0259c\u0259k: \u201cXalqlar\u0131m\u0131z\u0131 d\u0259rin qarda\u015fl\u0131q \u0259n\u0259n\u0259l\u0259ri birl\u0259\u015fdirir v\u0259 m\u00fcst\u0259qillik d\u00f6vr\u00fcnd\u0259 bu \u0259laq\u0259l\u0259r daha da g\u00fccl\u0259ndi. Biz bir \u00e7ox","canonical_url":"https:\/\/fedai.az\/?p=102375","robots":"max-image-preview:large","keywords":"","webmasterTools":{"miscellaneous":""},"schema":{"@context":"https:\/\/schema.org","@graph":[{"@type":"Article","@id":"https:\/\/fedai.az\/?p=102375#article","name":"\u0130lham \u018fliyev: Az\u0259rbaycanla T\u00fcrkm\u0259nistan aras\u0131nda tarixi \u0259laq\u0259l\u0259r bug\u00fcnk\u00fc \u0259laq\u0259l\u0259r \u00fc\u00e7\u00fcn \u0259sas z\u0259mindir | \"F\u0259dai\" q\u0259zeti","headline":"\u0130lham \u018fliyev: Az\u0259rbaycanla T\u00fcrkm\u0259nistan aras\u0131nda tarixi \u0259laq\u0259l\u0259r bug\u00fcnk\u00fc \u0259laq\u0259l\u0259r \u00fc\u00e7\u00fcn \u0259sas z\u0259mindir","author":{"@id":"https:\/\/fedai.az\/?author=2#author"},"publisher":{"@id":"https:\/\/fedai.az\/#organization"},"image":{"@type":"ImageObject","url":"https:\/\/fedai.az\/wp-content\/uploads\/2022\/09\/logo3.png","@id":"https:\/\/fedai.az\/#articleImage","width":500,"height":100},"datePublished":"2025-07-16T16:23:16+04:00","dateModified":"2025-07-16T16:23:17+04:00","inLanguage":"ru-RU","mainEntityOfPage":{"@id":"https:\/\/fedai.az\/?p=102375#webpage"},"isPartOf":{"@id":"https:\/\/fedai.az\/?p=102375#webpage"},"articleSection":"G\u00fcnd\u0259m"},{"@type":"BreadcrumbList","@id":"https:\/\/fedai.az\/?p=102375#breadcrumblist","itemListElement":[{"@type":"ListItem","@id":"https:\/\/fedai.az#listItem","position":1,"name":"Home","item":"https:\/\/fedai.az","nextItem":{"@type":"ListItem","@id":"https:\/\/fedai.az\/?cat=3#listItem","name":"G\u00fcnd\u0259m"}},{"@type":"ListItem","@id":"https:\/\/fedai.az\/?cat=3#listItem","position":2,"name":"G\u00fcnd\u0259m","item":"https:\/\/fedai.az\/?cat=3","nextItem":{"@type":"ListItem","@id":"https:\/\/fedai.az\/?p=102375#listItem","name":"\u0130lham \u018fliyev: Az\u0259rbaycanla T\u00fcrkm\u0259nistan aras\u0131nda tarixi \u0259laq\u0259l\u0259r bug\u00fcnk\u00fc \u0259laq\u0259l\u0259r \u00fc\u00e7\u00fcn \u0259sas z\u0259mindir"},"previousItem":{"@type":"ListItem","@id":"https:\/\/fedai.az#listItem","name":"Home"}},{"@type":"ListItem","@id":"https:\/\/fedai.az\/?p=102375#listItem","position":3,"name":"\u0130lham \u018fliyev: Az\u0259rbaycanla T\u00fcrkm\u0259nistan aras\u0131nda tarixi \u0259laq\u0259l\u0259r bug\u00fcnk\u00fc \u0259laq\u0259l\u0259r \u00fc\u00e7\u00fcn \u0259sas z\u0259mindir","previousItem":{"@type":"ListItem","@id":"https:\/\/fedai.az\/?cat=3#listItem","name":"G\u00fcnd\u0259m"}}]},{"@type":"Organization","@id":"https:\/\/fedai.az\/#organization","name":"\"F\u0259dai\" q\u0259zeti","description":"Az\u0259rbaycan V\u0259t\u0259n M\u00fcharib\u0259si Veteranlar\u0131 \u0130ctimai Birliyi","url":"https:\/\/fedai.az\/","logo":{"@type":"ImageObject","url":"https:\/\/fedai.az\/wp-content\/uploads\/2022\/09\/logo3.png","@id":"https:\/\/fedai.az\/?p=102375\/#organizationLogo","width":500,"height":100},"image":{"@id":"https:\/\/fedai.az\/?p=102375\/#organizationLogo"},"sameAs":["https:\/\/instagram.com\/fedai.az","https:\/\/pinterest.com\/fedai.az","https:\/\/youtube.com\/fedai.az","https:\/\/linkedin.com\/in\/fedai.az"]},{"@type":"Person","@id":"https:\/\/fedai.az\/?author=2#author","url":"https:\/\/fedai.az\/?author=2","name":"www.Fedai.az","image":{"@type":"ImageObject","@id":"https:\/\/fedai.az\/?p=102375#authorImage","url":"https:\/\/secure.gravatar.com\/avatar\/d861e138a4bd3ce6812a7aa95e796aa05e165f28ecde9a972c6789a09fcd1daa?s=96&d=mm&r=g","width":96,"height":96,"caption":"www.Fedai.az"}},{"@type":"WebPage","@id":"https:\/\/fedai.az\/?p=102375#webpage","url":"https:\/\/fedai.az\/?p=102375","name":"\u0130lham \u018fliyev: Az\u0259rbaycanla T\u00fcrkm\u0259nistan aras\u0131nda tarixi \u0259laq\u0259l\u0259r bug\u00fcnk\u00fc \u0259laq\u0259l\u0259r \u00fc\u00e7\u00fcn \u0259sas z\u0259mindir | \"F\u0259dai\" q\u0259zeti","description":"Az\u0259rbaycanla T\u00fcrkm\u0259nistan aras\u0131nda tarixi \u0259laq\u0259l\u0259r bug\u00fcnk\u00fc \u0259laq\u0259l\u0259r \u00fc\u00e7\u00fcn \u0259sas z\u0259mindir. Bunu Az\u0259rbaycan Prezidenti \u0130lham \u018fliyev Bak\u0131da T\u00fcrkm\u0259nistan Xalq M\u0259sl\u0259h\u0259tinin s\u0259dri Qurbanqulu Berdim\u0259h\u0259mm\u0259dov il\u0259 g\u00f6r\u00fc\u015f\u00fcnd\u0259 deyib. D\u00f6vl\u0259t ba\u015f\u00e7\u0131s\u0131 qeyd edib ki, bu s\u0259f\u0259r T\u00fcrkm\u0259nistan-Az\u0259rbaycan qarda\u015fl\u0131q \u0259laq\u0259l\u0259rinin inki\u015faf\u0131na \u00f6z t\u00f6hf\u0259sini ver\u0259c\u0259k: \u201cXalqlar\u0131m\u0131z\u0131 d\u0259rin qarda\u015fl\u0131q \u0259n\u0259n\u0259l\u0259ri birl\u0259\u015fdirir v\u0259 m\u00fcst\u0259qillik d\u00f6vr\u00fcnd\u0259 bu \u0259laq\u0259l\u0259r daha da g\u00fccl\u0259ndi. Biz bir \u00e7ox","inLanguage":"ru-RU","isPartOf":{"@id":"https:\/\/fedai.az\/#website"},"breadcrumb":{"@id":"https:\/\/fedai.az\/?p=102375#breadcrumblist"},"author":{"@id":"https:\/\/fedai.az\/?author=2#author"},"creator":{"@id":"https:\/\/fedai.az\/?author=2#author"},"datePublished":"2025-07-16T16:23:16+04:00","dateModified":"2025-07-16T16:23:17+04:00"},{"@type":"WebSite","@id":"https:\/\/fedai.az\/#website","url":"https:\/\/fedai.az\/","name":"\"F\u0259dai\" q\u0259zeti","description":"Az\u0259rbaycan V\u0259t\u0259n M\u00fcharib\u0259si Veteranlar\u0131 \u0130ctimai Birliyi","inLanguage":"ru-RU","publisher":{"@id":"https:\/\/fedai.az\/#organization"}}]},"og:locale":"ru_RU","og:site_name":"&quot;F\u0259dai&quot; q\u0259zeti","og:type":"article","og:title":"\u0130lham \u018fliyev: Az\u0259rbaycanla T\u00fcrkm\u0259nistan aras\u0131nda tarixi \u0259laq\u0259l\u0259r bug\u00fcnk\u00fc \u0259laq\u0259l\u0259r \u00fc\u00e7\u00fcn \u0259sas z\u0259mindir | &quot;F\u0259dai&quot; q\u0259zeti","og:description":"Az\u0259rbaycanla T\u00fcrkm\u0259nistan aras\u0131nda tarixi \u0259laq\u0259l\u0259r bug\u00fcnk\u00fc \u0259laq\u0259l\u0259r \u00fc\u00e7\u00fcn \u0259sas z\u0259mindir. Bunu Az\u0259rbaycan Prezidenti \u0130lham \u018fliyev Bak\u0131da T\u00fcrkm\u0259nistan Xalq M\u0259sl\u0259h\u0259tinin s\u0259dri Qurbanqulu Berdim\u0259h\u0259mm\u0259dov il\u0259 g\u00f6r\u00fc\u015f\u00fcnd\u0259 deyib. D\u00f6vl\u0259t ba\u015f\u00e7\u0131s\u0131 qeyd edib ki, bu s\u0259f\u0259r T\u00fcrkm\u0259nistan-Az\u0259rbaycan qarda\u015fl\u0131q \u0259laq\u0259l\u0259rinin inki\u015faf\u0131na \u00f6z t\u00f6hf\u0259sini ver\u0259c\u0259k: \u201cXalqlar\u0131m\u0131z\u0131 d\u0259rin qarda\u015fl\u0131q \u0259n\u0259n\u0259l\u0259ri birl\u0259\u015fdirir v\u0259 m\u00fcst\u0259qillik d\u00f6vr\u00fcnd\u0259 bu \u0259laq\u0259l\u0259r daha da g\u00fccl\u0259ndi. Biz bir \u00e7ox","og:url":"https:\/\/fedai.az\/?p=102375","fb:app_id":"696809432257740","og:image":"https:\/\/fedai.az\/wp-content\/uploads\/2022\/09\/logo3.png","og:image:secure_url":"https:\/\/fedai.az\/wp-content\/uploads\/2022\/09\/logo3.png","article:published_time":"2025-07-16T12:23:16+00:00","article:modified_time":"2025-07-16T12:23:17+00:00","article:publisher":"https:\/\/facebook.com\/fedai.az","twitter:card":"summary","twitter:site":"@fedai.az","twitter:title":"\u0130lham \u018fliyev: Az\u0259rbaycanla T\u00fcrkm\u0259nistan aras\u0131nda tarixi \u0259laq\u0259l\u0259r bug\u00fcnk\u00fc \u0259laq\u0259l\u0259r \u00fc\u00e7\u00fcn \u0259sas z\u0259mindir | &quot;F\u0259dai&quot; q\u0259zeti","twitter:description":"Az\u0259rbaycanla T\u00fcrkm\u0259nistan aras\u0131nda tarixi \u0259laq\u0259l\u0259r bug\u00fcnk\u00fc \u0259laq\u0259l\u0259r \u00fc\u00e7\u00fcn \u0259sas z\u0259mindir. Bunu Az\u0259rbaycan Prezidenti \u0130lham \u018fliyev Bak\u0131da T\u00fcrkm\u0259nistan Xalq M\u0259sl\u0259h\u0259tinin s\u0259dri Qurbanqulu Berdim\u0259h\u0259mm\u0259dov il\u0259 g\u00f6r\u00fc\u015f\u00fcnd\u0259 deyib. D\u00f6vl\u0259t ba\u015f\u00e7\u0131s\u0131 qeyd edib ki, bu s\u0259f\u0259r T\u00fcrkm\u0259nistan-Az\u0259rbaycan qarda\u015fl\u0131q \u0259laq\u0259l\u0259rinin inki\u015faf\u0131na \u00f6z t\u00f6hf\u0259sini ver\u0259c\u0259k: \u201cXalqlar\u0131m\u0131z\u0131 d\u0259rin qarda\u015fl\u0131q \u0259n\u0259n\u0259l\u0259ri birl\u0259\u015fdirir v\u0259 m\u00fcst\u0259qillik d\u00f6vr\u00fcnd\u0259 bu \u0259laq\u0259l\u0259r daha da g\u00fccl\u0259ndi. Biz bir \u00e7ox","twitter:image":"https:\/\/fedai.az\/wp-content\/uploads\/2022\/09\/logo3.png"},"aioseo_meta_data":{"post_id":"102375","title":null,"description":null,"keywords":null,"keyphrases":{"focus":{"keyphrase":"","score":0,"analysis":{"keyphraseInTitle":{"score":0,"maxScore":9,"error":1}}},"additional":[]},"primary_term":null,"canonical_url":null,"og_title":null,"og_description":null,"og_object_type":"default","og_image_type":"default","og_image_url":null,"og_image_width":null,"og_image_height":null,"og_image_custom_url":null,"og_image_custom_fields":null,"og_video":"","og_custom_url":null,"og_article_section":null,"og_article_tags":null,"twitter_use_og":false,"twitter_card":"default","twitter_image_type":"default","twitter_image_url":null,"twitter_image_custom_url":null,"twitter_image_custom_fields":null,"twitter_title":null,"twitter_description":null,"schema":{"blockGraphs":[],"customGraphs":[],"default":{"data":{"Article":[],"Course":[],"Dataset":[],"FAQPage":[],"Movie":[],"Person":[],"Product":[],"ProductReview":[],"Car":[],"Recipe":[],"Service":[],"SoftwareApplication":[],"WebPage":[]},"graphName":"Article","isEnabled":true},"graphs":[]},"schema_type":"default","schema_type_options":null,"pillar_content":false,"robots_default":true,"robots_noindex":false,"robots_noarchive":false,"robots_nosnippet":false,"robots_nofollow":false,"robots_noimageindex":false,"robots_noodp":false,"robots_notranslate":false,"robots_max_snippet":"-1","robots_max_videopreview":"-1","robots_max_imagepreview":"large","priority":null,"frequency":"default","local_seo":null,"breadcrumb_settings":null,"limit_modified_date":false,"ai":{"faqs":[],"keyPoints":[],"titles":[],"descriptions":[],"socialPosts":{"email":[],"linkedin":[],"twitter":[],"facebook":[],"instagram":[]}},"created":"2025-07-16 12:22:08","updated":"2025-07-16 12:32:39","seo_analyzer_scan_date":null,"focus_keyword":null,"additional_keywords":null,"truseo_locale":null},"aioseo_breadcrumb":"<div class=\"aioseo-breadcrumbs\"><span class=\"aioseo-breadcrumb\">\n\t\t\t<a href=\"https:\/\/fedai.az\" title=\"Home\">Home<\/a>\n\t\t<\/span><span class=\"aioseo-breadcrumb-separator\">\u00bb<\/span><span class=\"aioseo-breadcrumb\">\n\t\t\t<a href=\"https:\/\/fedai.az\/?cat=3\" title=\"G\u00fcnd\u0259m\">G\u00fcnd\u0259m<\/a>\n\t\t<\/span><span class=\"aioseo-breadcrumb-separator\">\u00bb<\/span><span class=\"aioseo-breadcrumb\">\n\t\t\t\u0130lham \u018fliyev: Az\u0259rbaycanla T\u00fcrkm\u0259nistan aras\u0131nda tarixi \u0259laq\u0259l\u0259r bug\u00fcnk\u00fc \u0259laq\u0259l\u0259r \u00fc\u00e7\u00fcn \u0259sas z\u0259mindir\n\t\t<\/span><\/div>","aioseo_breadcrumb_json":[{"label":"Home","link":"https:\/\/fedai.az"},{"label":"G\u00fcnd\u0259m","link":"https:\/\/fedai.az\/?cat=3"},{"label":"\u0130lham \u018fliyev: Az\u0259rbaycanla T\u00fcrkm\u0259nistan aras\u0131nda tarixi \u0259laq\u0259l\u0259r bug\u00fcnk\u00fc \u0259laq\u0259l\u0259r \u00fc\u00e7\u00fcn \u0259sas z\u0259mindir","link":"https:\/\/fedai.az\/?p=102375"}],"_links":{"self":[{"href":"https:\/\/fedai.az\/index.php?rest_route=\/wp\/v2\/posts\/102375","targetHints":{"allow":["GET"]}}],"collection":[{"href":"https:\/\/fedai.az\/index.php?rest_route=\/wp\/v2\/posts"}],"about":[{"href":"https:\/\/fedai.az\/index.php?rest_route=\/wp\/v2\/types\/post"}],"author":[{"embeddable":true,"href":"https:\/\/fedai.az\/index.php?rest_route=\/wp\/v2\/users\/2"}],"replies":[{"embeddable":true,"href":"https:\/\/fedai.az\/index.php?rest_route=%2Fwp%2Fv2%2Fcomments&post=102375"}],"version-history":[{"count":1,"href":"https:\/\/fedai.az\/index.php?rest_route=\/wp\/v2\/posts\/102375\/revisions"}],"predecessor-version":[{"id":102376,"href":"https:\/\/fedai.az\/index.php?rest_route=\/wp\/v2\/posts\/102375\/revisions\/102376"}],"wp:attachment":[{"href":"https:\/\/fedai.az\/index.php?rest_route=%2Fwp%2Fv2%2Fmedia&parent=102375"}],"wp:term":[{"taxonomy":"category","embeddable":true,"href":"https:\/\/fedai.az\/index.php?rest_route=%2Fwp%2Fv2%2Fcategories&post=102375"},{"taxonomy":"post_tag","embeddable":true,"href":"https:\/\/fedai.az\/index.php?rest_route=%2Fwp%2Fv2%2Ftags&post=102375"}],"curies":[{"name":"wp","href":"https:\/\/api.w.org\/{rel}","templated":true}]}}