{"id":10244,"date":"2020-07-17T03:16:00","date_gmt":"2020-07-16T23:16:00","guid":{"rendered":"http:\/\/fedai.az\/?p=10244"},"modified":"2020-07-17T03:16:06","modified_gmt":"2020-07-16T23:16:06","slug":"avmvib-z%c9%99ngilan-rayon-sob%c9%99si-doyus%c9%99-haziriq-komandanim","status":"publish","type":"post","link":"https:\/\/fedai.az\/?p=10244","title":{"rendered":"AVMV\u0130B Z\u0259ngilan rayon \u015f\u00f6b\u0259si: &#171;D\u00f6y\u00fc\u015f\u0259 haz\u0131r\u0131q, Komandan\u0131m!&#187;"},"content":{"rendered":"\n<p><strong>Bu g\u00fcn AVMV\u0130B Z\u0259ngilan rayon \u015f\u00f6b\u0259sinin s\u0259dri, m\u00fcavinl\u0259ri v\u0259 bir qrup \u00fczvl\u0259r S\u0259f\u0259rb\u0259rlik v\u0259 H\u0259rbi Xidm\u0259t\u0259 \u00c7a\u011f\u0131r\u0131\u015f \u00fczr\u0259 D\u00f6vl\u0259t Xidm\u0259tinin Z\u0259ngilan rayon \u015f\u00f6b\u0259sind\u0259 oldular v\u0259 k\u00f6n\u00fcll\u00fc d\u00f6y\u00fc\u015fm\u0259k \u00fc\u00e7\u00fcn qeydiyyatdan ke\u00e7dil\u0259r. <\/strong><\/p>\n\n\n\n<figure class=\"wp-block-image size-large\"><img loading=\"lazy\" decoding=\"async\" width=\"960\" height=\"720\" src=\"http:\/\/fedai.az\/wp-content\/uploads\/2020\/07\/109936440_3321056294622979_4967309841395240451_n.jpg\" alt=\"\" class=\"wp-image-10247\" srcset=\"https:\/\/fedai.az\/wp-content\/uploads\/2020\/07\/109936440_3321056294622979_4967309841395240451_n.jpg 960w, https:\/\/fedai.az\/wp-content\/uploads\/2020\/07\/109936440_3321056294622979_4967309841395240451_n-300x225.jpg 300w, https:\/\/fedai.az\/wp-content\/uploads\/2020\/07\/109936440_3321056294622979_4967309841395240451_n-150x113.jpg 150w, https:\/\/fedai.az\/wp-content\/uploads\/2020\/07\/109936440_3321056294622979_4967309841395240451_n-768x576.jpg 768w\" sizes=\"auto, (max-width: 960px) 100vw, 960px\" \/><\/figure>\n\n\n\n<p>\u018fvv\u0259lc\u0259 AVMV\u0130B Z\u0259ngilan rayon \u015f\u00f6b\u0259sinin s\u0259dri Azad Musayev SHX\u00c7DX-nin Z\u0259ngilan rayon \u015f\u00f6b\u0259sinin r\u0259isi mayor Adil H\u00fcseynovla g\u00f6r\u00fc\u015f\u00fcb \u015f\u00f6b\u0259nin f\u0259aliyy\u0259ti, g\u00f6rd\u00fcy\u00fc i\u015fl\u0259r bar\u0259d\u0259 m\u0259lumat verdi v\u0259 h\u0259r an Ali Ba\u015f Komandan\u0131n \u018fmrin\u0259 haz\u0131r olduqlar\u0131n\u0131 bildirdi. <\/p>\n\n\n\n<p>Sonra mayor Adil H\u00fcseynov Qazi v\u0259 veteranlarla g\u00f6r\u00fc\u015fdb i\u015fl\u0259rind\u0259 u\u011furlar arzulad\u0131. Biz orda olan zaman bu g\u00fcn 34 n\u0259f\u0259r z\u0259ngilanl\u0131 qeydiyyatdan ke\u00e7mi\u015fdi. <\/p>\n\n\n\n<p>Sonda xatir\u0259 \u015f\u0259kili \u00e7\u0259kildi.<\/p>\n\n\n\n<p><strong>AVMV\u0130B Z\u0259ngilan rayon \u015f\u00f6b\u0259si<\/strong><\/p>\n\n\n\n<figure class=\"wp-block-image size-large\"><img loading=\"lazy\" decoding=\"async\" width=\"960\" height=\"720\" src=\"http:\/\/fedai.az\/wp-content\/uploads\/2020\/07\/110069594_3321056681289607_514233574015836241_n.jpg\" alt=\"\" class=\"wp-image-10245\" srcset=\"https:\/\/fedai.az\/wp-content\/uploads\/2020\/07\/110069594_3321056681289607_514233574015836241_n.jpg 960w, https:\/\/fedai.az\/wp-content\/uploads\/2020\/07\/110069594_3321056681289607_514233574015836241_n-300x225.jpg 300w, https:\/\/fedai.az\/wp-content\/uploads\/2020\/07\/110069594_3321056681289607_514233574015836241_n-150x113.jpg 150w, https:\/\/fedai.az\/wp-content\/uploads\/2020\/07\/110069594_3321056681289607_514233574015836241_n-768x576.jpg 768w\" sizes=\"auto, (max-width: 960px) 100vw, 960px\" \/><\/figure>\n\n\n\n<figure class=\"wp-block-embed-facebook wp-block-embed is-type-video is-provider-facebook\"><div class=\"wp-block-embed__wrapper\">\n<div id=\"fb-root\"><\/div><script async=\"1\" defer=\"1\" crossorigin=\"anonymous\" src=\"https:\/\/connect.facebook.net\/az_AZ\/sdk.js#xfbml=1&amp;version=v7.0\" nonce=\"Tm6zyFUz\"><\/script><div class=\"fb-video\" data-href=\"https:\/\/www.facebook.com\/azad.musayev.9\/videos\/3321379724590636\/?t=7\" data-width=\"715\"><blockquote cite=\"https:\/\/www.facebook.com\/azad.musayev.9\/videos\/3321379724590636\/\" class=\"fb-xfbml-parse-ignore\"><a href=\"https:\/\/www.facebook.com\/azad.musayev.9\/videos\/3321379724590636\/\"><\/a><p>AVMV\u0130B Z\u0259ngilan rayon \u015f\u00f6b\u0259si  S\u0259f\u0259rb\u0259rlik v\u0259 H\u0259rbi Xidm\u0259t\u0259 \u00c7a\u011f\u0131r\u0131\u015f \u00fczr\u0259 D\u00f6vl\u0259t Xidm\u0259tinin Z\u0259ngilan rayon \u015f\u00f6b\u0259sinin r\u0259isi Mayor  Adil H\u00fcseynovla g\u00f6r\u00fc\u015f\u00fcb k\u00f6n\u00fcll\u00fc kimi qeydiyyatdan ke\u00e7di. Bu h\u0259l\u0259 g\u00f6r\u00fcn\u0259n hiss\u0259di  yaz\u0131lmaq \u00fc\u00e7\u00fcn m\u0259n\u0259 m\u00fcraci\u0259tl\u0259r \u00e7oxdur<\/p>Posted by <a href=\"https:\/\/www.facebook.com\/azad.musayev.9\">Azad Musayev<\/a> on 16 \u0130yul 2020, C\u00fcm\u0259 ax\u015fam\u0131<\/blockquote><\/div>\n<\/div><\/figure>\n","protected":false},"excerpt":{"rendered":"<p>Bu g\u00fcn AVMV\u0130B Z\u0259ngilan rayon \u015f\u00f6b\u0259sinin s\u0259dri, m\u00fcavinl\u0259ri v\u0259 bir qrup \u00fczvl\u0259r S\u0259f\u0259rb\u0259rlik v\u0259 H\u0259rbi Xidm\u0259t\u0259 \u00c7a\u011f\u0131r\u0131\u015f \u00fczr\u0259 D\u00f6vl\u0259t Xidm\u0259tinin Z\u0259ngilan rayon \u015f\u00f6b\u0259sind\u0259 oldular<\/p>\n","protected":false},"author":2,"featured_media":10246,"comment_status":"closed","ping_status":"closed","sticky":false,"template":"","format":"standard","meta":{"footnotes":""},"categories":[5],"tags":[],"class_list":["post-10244","post","type-post","status-publish","format-standard","has-post-thumbnail","hentry","category-veteran"],"aioseo_notices":[],"_links":{"self":[{"href":"https:\/\/fedai.az\/index.php?rest_route=\/wp\/v2\/posts\/10244","targetHints":{"allow":["GET"]}}],"collection":[{"href":"https:\/\/fedai.az\/index.php?rest_route=\/wp\/v2\/posts"}],"about":[{"href":"https:\/\/fedai.az\/index.php?rest_route=\/wp\/v2\/types\/post"}],"author":[{"embeddable":true,"href":"https:\/\/fedai.az\/index.php?rest_route=\/wp\/v2\/users\/2"}],"replies":[{"embeddable":true,"href":"https:\/\/fedai.az\/index.php?rest_route=%2Fwp%2Fv2%2Fcomments&post=10244"}],"version-history":[{"count":1,"href":"https:\/\/fedai.az\/index.php?rest_route=\/wp\/v2\/posts\/10244\/revisions"}],"predecessor-version":[{"id":10248,"href":"https:\/\/fedai.az\/index.php?rest_route=\/wp\/v2\/posts\/10244\/revisions\/10248"}],"wp:featuredmedia":[{"embeddable":true,"href":"https:\/\/fedai.az\/index.php?rest_route=\/wp\/v2\/media\/10246"}],"wp:attachment":[{"href":"https:\/\/fedai.az\/index.php?rest_route=%2Fwp%2Fv2%2Fmedia&parent=10244"}],"wp:term":[{"taxonomy":"category","embeddable":true,"href":"https:\/\/fedai.az\/index.php?rest_route=%2Fwp%2Fv2%2Fcategories&post=10244"},{"taxonomy":"post_tag","embeddable":true,"href":"https:\/\/fedai.az\/index.php?rest_route=%2Fwp%2Fv2%2Ftags&post=10244"}],"curies":[{"name":"wp","href":"https:\/\/api.w.org\/{rel}","templated":true}]}}