{"id":10249,"date":"2020-07-17T03:47:23","date_gmt":"2020-07-16T23:47:23","guid":{"rendered":"http:\/\/fedai.az\/?p=10249"},"modified":"2020-07-17T03:47:30","modified_gmt":"2020-07-16T23:47:30","slug":"erm%c9%99nistanin-abs-daki-s%c9%99firliyi-qasisinda-etiraz-aksiyasi-kecirilib","status":"publish","type":"post","link":"https:\/\/fedai.az\/?p=10249","title":{"rendered":"Erm\u0259nistan\u0131n AB\u015e-dak\u0131 s\u0259firliyi qa\u015f\u0131s\u0131nda etiraz aksiyas\u0131 ke\u00e7irilib"},"content":{"rendered":"\n<p>Erm\u0259nistan\u0131n AB\u015e-\u0131n paytaxt\u0131 Va\u015finqton \u015f\u0259h\u0259rind\u0259ki s\u0259firliyinin binas\u0131 qar\u015f\u0131s\u0131nda etiraz aksiyas\u0131 t\u0259\u015fkil olunub. &nbsp;<\/p>\n\n\n\n<p>\u201cReport\u201dun yerli b\u00fcrosu x\u0259b\u0259r verir ki, aksiyada Az\u0259rbaycan icmalar\u0131n\u0131n Va\u015finqtonda v\u0259 onun \u0259traf\u0131nda ya\u015fayan \u00fczvl\u0259ri i\u015ftirak edibl\u0259r.<\/p>\n\n\n\n<p>Aksiya\u00e7\u0131lar \u0259ll\u0259rind\u0259 Az\u0259rbaycan v\u0259 T\u00fcrkiy\u0259nin&nbsp;bayraqlar\u0131 il\u0259 s\u0259firlik binas\u0131n\u0131n \u00f6n\u00fcn\u0259 do\u011fru y\u00fcr\u00fc\u015f edibl\u0259r. \u201c\u0130\u015f\u011fal\u0131 dayand\u0131r\u201d, \u201cAr olsun Erm\u0259nistana\u201d, &#171;Qaraba\u011fa \u018fdal\u0259t&#187;, \u201cQaraba\u011f Az\u0259rbaycan\u0131nd\u0131r\u201d \u015f\u00fcarlar\u0131n\u0131 yaz\u0131ld\u0131\u011f\u0131 plakatlarla s\u0259firlik binas\u0131n\u0131n \u00f6n\u00fcnd\u0259 topla\u015fan y\u00fczl\u0259rl\u0259 h\u0259myerlimiz Amerika ictimaiyy\u0259tini ba\u015f ver\u0259n \u0259dal\u0259tsizliy\u0259 susmama\u011fa \u00e7a\u011f\u0131r\u0131b.<\/p>\n\n\n\n<p>Erm\u0259nistan\u0131n Tovuz rayonu istiqam\u0259tind\u0259 t\u00f6r\u0259tdiyi n\u00f6vb\u0259ti t\u0259xribatlar\u0131 bar\u0259d\u0259 AB\u015e ictimayy\u0259tin\u0259 m\u0259lumat verilib.<\/p>\n\n\n\n<p>Etiraz\u00e7\u0131lar q\u0259sbkar Erm\u0259nistan\u0131n davam etdirdiyi t\u0259xribatlar\u0131 d\u0259rhal dayand\u0131rmas\u0131n\u0131, Az\u0259rbaycan torpaqlar\u0131nda i\u015f\u011fala son qoymas\u0131n\u0131 t\u0259l\u0259b edibl\u0259r.<\/p>\n\n\n\n<p>Aksiyan\u0131n sonunda b\u0259yanat oxunub v\u0259 s\u0259n\u0259din bir n\u00fcsx\u0259si i\u015f\u011fal\u00e7\u0131 \u00f6lk\u0259nin s\u0259firliyinin binas\u0131n\u0131n qap\u0131s\u0131na vurulub.<\/p>\n\n\n\n<p><strong>V\u00fcsal\u0259 Abbasova<\/strong><\/p>\n\n\n\n<figure class=\"wp-block-image\"><img decoding=\"async\" src=\"https:\/\/static.report.az\/photo\/8c8185cb-add9-30a2-bed3-0a8b1d6fa8c8_290.jpg\" alt=\"\" title=\"\"\/><\/figure>\n\n\n\n<figure class=\"wp-block-image\"><img decoding=\"async\" src=\"https:\/\/static.report.az\/photo\/1ce9eae3-da9b-3d00-b37c-03d5bdc8da71_290.jpg\" alt=\"\" title=\"\"\/><\/figure>\n\n\n\n<figure class=\"wp-block-image\"><img decoding=\"async\" src=\"https:\/\/static.report.az\/photo\/4ed4da0d-9690-3c0d-bb84-47f23eea636f_290.jpg\" alt=\"\" title=\"\"\/><\/figure>\n\n\n\n<figure class=\"wp-block-image\"><img decoding=\"async\" src=\"https:\/\/static.report.az\/photo\/b205bc3c-4a27-3471-9a5b-f71714d419c9_290.jpg\" alt=\"\" title=\"\"\/><\/figure>\n","protected":false},"excerpt":{"rendered":"<p>Erm\u0259nistan\u0131n AB\u015e-\u0131n paytaxt\u0131 Va\u015finqton \u015f\u0259h\u0259rind\u0259ki s\u0259firliyinin binas\u0131 qar\u015f\u0131s\u0131nda etiraz aksiyas\u0131 t\u0259\u015fkil olunub. &nbsp; \u201cReport\u201dun yerli b\u00fcrosu x\u0259b\u0259r verir ki, aksiyada Az\u0259rbaycan icmalar\u0131n\u0131n Va\u015finqtonda v\u0259<\/p>\n","protected":false},"author":2,"featured_media":10250,"comment_status":"closed","ping_status":"closed","sticky":false,"template":"","format":"standard","meta":{"footnotes":""},"categories":[13],"tags":[],"class_list":["post-10249","post","type-post","status-publish","format-standard","has-post-thumbnail","hentry","category-xarici"],"aioseo_notices":[],"_links":{"self":[{"href":"https:\/\/fedai.az\/index.php?rest_route=\/wp\/v2\/posts\/10249","targetHints":{"allow":["GET"]}}],"collection":[{"href":"https:\/\/fedai.az\/index.php?rest_route=\/wp\/v2\/posts"}],"about":[{"href":"https:\/\/fedai.az\/index.php?rest_route=\/wp\/v2\/types\/post"}],"author":[{"embeddable":true,"href":"https:\/\/fedai.az\/index.php?rest_route=\/wp\/v2\/users\/2"}],"replies":[{"embeddable":true,"href":"https:\/\/fedai.az\/index.php?rest_route=%2Fwp%2Fv2%2Fcomments&post=10249"}],"version-history":[{"count":1,"href":"https:\/\/fedai.az\/index.php?rest_route=\/wp\/v2\/posts\/10249\/revisions"}],"predecessor-version":[{"id":10251,"href":"https:\/\/fedai.az\/index.php?rest_route=\/wp\/v2\/posts\/10249\/revisions\/10251"}],"wp:featuredmedia":[{"embeddable":true,"href":"https:\/\/fedai.az\/index.php?rest_route=\/wp\/v2\/media\/10250"}],"wp:attachment":[{"href":"https:\/\/fedai.az\/index.php?rest_route=%2Fwp%2Fv2%2Fmedia&parent=10249"}],"wp:term":[{"taxonomy":"category","embeddable":true,"href":"https:\/\/fedai.az\/index.php?rest_route=%2Fwp%2Fv2%2Fcategories&post=10249"},{"taxonomy":"post_tag","embeddable":true,"href":"https:\/\/fedai.az\/index.php?rest_route=%2Fwp%2Fv2%2Ftags&post=10249"}],"curies":[{"name":"wp","href":"https:\/\/api.w.org\/{rel}","templated":true}]}}