{"id":10252,"date":"2020-07-17T04:11:39","date_gmt":"2020-07-17T00:11:39","guid":{"rendered":"http:\/\/fedai.az\/?p=10252"},"modified":"2020-07-17T04:11:44","modified_gmt":"2020-07-17T00:11:44","slug":"avmvib-agstafa-rayon-sob%c9%99si-s%c9%99hidimizin-d%c9%99fnind%c9%99-istirak-edib","status":"publish","type":"post","link":"https:\/\/fedai.az\/?p=10252","title":{"rendered":"AVMV\u0130B A\u011fstafa rayon \u015f\u00f6b\u0259si \u015f\u0259hidimizin d\u0259fnind\u0259 i\u015ftirak edib"},"content":{"rendered":"\n<p><strong>\u0130yulun 16-da s\u0259h\u0259r saatlar\u0131nda Az\u0259rbaycan-Erm\u0259nistan d\u00f6vl\u0259t s\u0259rh\u0259dinin Tovuz rayonu istiqam\u0259tind\u0259 ged\u0259n d\u00f6y\u00fc\u015fl\u0259rd\u0259 d\u00fc\u015fm\u0259n t\u0259xribat\u0131n\u0131n qar\u015f\u0131s\u0131n\u0131 alark\u0259n q\u0259hr\u0259mancas\u0131na \u015f\u0259hid olan \u0130smay\u0131lov Nazim \u018ffqan o\u011flu bu g\u00fcn A\u011fstafa rayonunda d\u0259fn edilib.<\/strong><\/p>\n\n\n\n<figure class=\"wp-block-image size-large\"><img loading=\"lazy\" decoding=\"async\" width=\"700\" height=\"460\" src=\"http:\/\/fedai.az\/wp-content\/uploads\/2020\/07\/nazim-ismayilov-sehid.jpg\" alt=\"\" class=\"wp-image-10257\" srcset=\"https:\/\/fedai.az\/wp-content\/uploads\/2020\/07\/nazim-ismayilov-sehid.jpg 700w, https:\/\/fedai.az\/wp-content\/uploads\/2020\/07\/nazim-ismayilov-sehid-300x197.jpg 300w, https:\/\/fedai.az\/wp-content\/uploads\/2020\/07\/nazim-ismayilov-sehid-150x99.jpg 150w\" sizes=\"auto, (max-width: 700px) 100vw, 700px\" \/><\/figure>\n\n\n\n<p>AVMV\u0130B A\u011fstafa rayon \u015f\u00f6b\u0259sinin verdiyi m\u0259lumata g\u00f6r\u0259, \u015f\u0259hid h\u0259rb\u00e7imizin n\u0259\u015fi do\u011fulub boya-ba\u015fa \u00e7atd\u0131\u011f\u0131 A\u011fstafa rayonun Kol X\u0259lif\u0259li k\u0259ndin\u0259 g\u0259tirilib. \u015e\u0259hidimizin c\u0259naz\u0259si b\u00f6y\u00fck izdihamla qar\u015f\u0131lan\u0131b. D\u0259fn m\u0259rasimind\u0259 AVMV\u0130B A\u011fstafa rayon \u015f\u00f6b\u0259sinin s\u0259dri \u018flm\u0259mm\u0259d Babaxanov v\u0259 \u015f\u00f6b\u0259 \u00fczvl\u0259ri yax\u0131ndan i\u015ftirak edib.<\/p>\n\n\n\n<figure class=\"wp-block-image size-large\"><img loading=\"lazy\" decoding=\"async\" width=\"1000\" height=\"668\" src=\"http:\/\/fedai.az\/wp-content\/uploads\/2020\/07\/31654_5f10807ba86d1.jpg\" alt=\"\" class=\"wp-image-10254\" srcset=\"https:\/\/fedai.az\/wp-content\/uploads\/2020\/07\/31654_5f10807ba86d1.jpg 1000w, https:\/\/fedai.az\/wp-content\/uploads\/2020\/07\/31654_5f10807ba86d1-300x200.jpg 300w, https:\/\/fedai.az\/wp-content\/uploads\/2020\/07\/31654_5f10807ba86d1-150x100.jpg 150w, https:\/\/fedai.az\/wp-content\/uploads\/2020\/07\/31654_5f10807ba86d1-768x513.jpg 768w\" sizes=\"auto, (max-width: 1000px) 100vw, 1000px\" \/><\/figure>\n\n\n\n<p>Vida m\u0259rasimind\u0259 M\u00fcdafi\u0259 Nazirliyinin, S\u0259f\u0259rb\u0259rlik v\u0259 H\u0259rbi Xidm\u0259t\u0259 \u00c7a\u011f\u0131r\u0131\u015f \u00fczr\u0259 D\u00f6vl\u0259t Xidm\u0259tinin, rayon icra hakimiyy\u0259tinin, h\u00fcquq-m\u00fchafiz\u0259 orqanlar\u0131n\u0131n n\u00fcmay\u0259nd\u0259l\u0259ri, Milli M\u0259clisin deputatlar\u0131, k\u0259nd sakinl\u0259ri, rayon ictimaiyy\u0259tinin t\u0259msil\u00e7il\u0259ri v\u0259 \u015f\u0259hidin ail\u0259 \u00fczvl\u0259ri i\u015ftirak edibl\u0259r.<\/p>\n\n\n\n<p>Sonra \u015f\u0259hidimiz Kol X\u0259lif\u0259li k\u0259nd q\u0259biristanl\u0131\u011f\u0131nda torpa\u011fa tap\u015f\u0131r\u0131l\u0131b. D\u0259fin m\u0259rasimind\u0259 izdiham ya\u015fan\u0131b. \u015e\u0259hidimizin m\u0259zar\u0131 \u00fcst\u00fcn\u0259 t\u0259r q\u0259r\u0259nfil v\u0259 q\u0131z\u0131l g\u00fcll\u0259r d\u00fcz\u00fcl\u00fcb.<\/p>\n\n\n\n<figure class=\"wp-block-image size-large\"><img loading=\"lazy\" decoding=\"async\" width=\"1000\" height=\"668\" src=\"http:\/\/fedai.az\/wp-content\/uploads\/2020\/07\/31654_5f10807ba870a.jpg\" alt=\"\" class=\"wp-image-10256\" srcset=\"https:\/\/fedai.az\/wp-content\/uploads\/2020\/07\/31654_5f10807ba870a.jpg 1000w, https:\/\/fedai.az\/wp-content\/uploads\/2020\/07\/31654_5f10807ba870a-300x200.jpg 300w, https:\/\/fedai.az\/wp-content\/uploads\/2020\/07\/31654_5f10807ba870a-150x100.jpg 150w, https:\/\/fedai.az\/wp-content\/uploads\/2020\/07\/31654_5f10807ba870a-768x513.jpg 768w\" sizes=\"auto, (max-width: 1000px) 100vw, 1000px\" \/><\/figure>\n\n\n\n<p>\u015e\u0259hidin tabutu \u00fcz\u0259rind\u0259 Az\u0259rbaycan\u0131n \u00fc\u00e7r\u0259ngli bayra\u011f\u0131 qarda\u015f\u0131 \u0130smay\u0131l \u0130smay\u0131lzad\u0259y\u0259 t\u0259qdim edilib.<\/p>\n\n\n\n<p>\u015e\u0259hidin ki\u00e7ik qarda\u015f\u0131 \u0130smay\u0131l \u0130smay\u0131lzad\u0259 haz\u0131rda ordu s\u0131ralar\u0131nda \u0259sg\u0259r kimi xidm\u0259t edir.<\/p>\n\n\n\n<p>B\u00f6lm\u0259l\u0259rimiz d\u00fc\u015fm\u0259nin d\u00f6y\u00fc\u015f aktivliyinin qar\u015f\u0131s\u0131n\u0131 almaq m\u0259qs\u0259di il\u0259 cavab t\u0259dbirl\u0259ri g\u00f6r\u00fcr.<\/p>\n\n\n\n<figure class=\"wp-block-image size-large is-resized\"><img loading=\"lazy\" decoding=\"async\" src=\"http:\/\/fedai.az\/wp-content\/uploads\/2020\/07\/109124229_841525256376320_7590015731660700562_n.jpg\" alt=\"\" class=\"wp-image-10253\" width=\"180\" height=\"240\" srcset=\"https:\/\/fedai.az\/wp-content\/uploads\/2020\/07\/109124229_841525256376320_7590015731660700562_n.jpg 720w, https:\/\/fedai.az\/wp-content\/uploads\/2020\/07\/109124229_841525256376320_7590015731660700562_n-225x300.jpg 225w, https:\/\/fedai.az\/wp-content\/uploads\/2020\/07\/109124229_841525256376320_7590015731660700562_n-113x150.jpg 113w\" sizes=\"auto, (max-width: 180px) 100vw, 180px\" \/><\/figure>\n\n\n\n<p><strong>\u018fdal\u0259t \u015e\u00fck\u00fcrov<br>AVMV\u0130B A\u011fstafa rayon \u015f\u00f6b\u0259si s\u0259drinin m\u00fcavini<\/strong><\/p>\n","protected":false},"excerpt":{"rendered":"<p>\u0130yulun 16-da s\u0259h\u0259r saatlar\u0131nda Az\u0259rbaycan-Erm\u0259nistan d\u00f6vl\u0259t s\u0259rh\u0259dinin Tovuz rayonu istiqam\u0259tind\u0259 ged\u0259n d\u00f6y\u00fc\u015fl\u0259rd\u0259 d\u00fc\u015fm\u0259n t\u0259xribat\u0131n\u0131n qar\u015f\u0131s\u0131n\u0131 alark\u0259n q\u0259hr\u0259mancas\u0131na \u015f\u0259hid olan \u0130smay\u0131lov Nazim \u018ffqan o\u011flu bu<\/p>\n","protected":false},"author":2,"featured_media":10255,"comment_status":"closed","ping_status":"closed","sticky":false,"template":"","format":"standard","meta":{"footnotes":""},"categories":[5],"tags":[],"class_list":["post-10252","post","type-post","status-publish","format-standard","has-post-thumbnail","hentry","category-veteran"],"aioseo_notices":[],"_links":{"self":[{"href":"https:\/\/fedai.az\/index.php?rest_route=\/wp\/v2\/posts\/10252","targetHints":{"allow":["GET"]}}],"collection":[{"href":"https:\/\/fedai.az\/index.php?rest_route=\/wp\/v2\/posts"}],"about":[{"href":"https:\/\/fedai.az\/index.php?rest_route=\/wp\/v2\/types\/post"}],"author":[{"embeddable":true,"href":"https:\/\/fedai.az\/index.php?rest_route=\/wp\/v2\/users\/2"}],"replies":[{"embeddable":true,"href":"https:\/\/fedai.az\/index.php?rest_route=%2Fwp%2Fv2%2Fcomments&post=10252"}],"version-history":[{"count":1,"href":"https:\/\/fedai.az\/index.php?rest_route=\/wp\/v2\/posts\/10252\/revisions"}],"predecessor-version":[{"id":10258,"href":"https:\/\/fedai.az\/index.php?rest_route=\/wp\/v2\/posts\/10252\/revisions\/10258"}],"wp:featuredmedia":[{"embeddable":true,"href":"https:\/\/fedai.az\/index.php?rest_route=\/wp\/v2\/media\/10255"}],"wp:attachment":[{"href":"https:\/\/fedai.az\/index.php?rest_route=%2Fwp%2Fv2%2Fmedia&parent=10252"}],"wp:term":[{"taxonomy":"category","embeddable":true,"href":"https:\/\/fedai.az\/index.php?rest_route=%2Fwp%2Fv2%2Fcategories&post=10252"},{"taxonomy":"post_tag","embeddable":true,"href":"https:\/\/fedai.az\/index.php?rest_route=%2Fwp%2Fv2%2Ftags&post=10252"}],"curies":[{"name":"wp","href":"https:\/\/api.w.org\/{rel}","templated":true}]}}