{"id":10259,"date":"2020-07-17T04:46:46","date_gmt":"2020-07-17T00:46:46","guid":{"rendered":"http:\/\/fedai.az\/?p=10259"},"modified":"2020-07-17T04:46:51","modified_gmt":"2020-07-17T00:46:51","slug":"lacinli-g%c9%99ncl%c9%99r-doyus%c9%99-getm%c9%99k-ucun-kutl%c9%99vi-s%c9%99kild%c9%99-qeydiyyatdan-kecibl%c9%99r","status":"publish","type":"post","link":"https:\/\/fedai.az\/?p=10259","title":{"rendered":"La\u00e7\u0131nl\u0131 g\u0259ncl\u0259r d\u00f6y\u00fc\u015f\u0259 getm\u0259k \u00fc\u00e7\u00fcn k\u00fctl\u0259vi \u015f\u0259kild\u0259 qeydiyyatdan ke\u00e7ibl\u0259r"},"content":{"rendered":"\n<p><strong>La\u00e7\u0131nl\u0131 g\u0259ncl\u0259r Az\u0259rbaycan Silahl\u0131 Q\u00fcvv\u0259l\u0259rinin Ali Ba\u015f Komandan\u0131 \u0130lham \u018fliyevin d\u00f6y\u00fc\u015f \u0259mrini s\u0259birsizlikl\u0259 g\u00f6zl\u0259yirl\u0259r.<\/strong><\/p>\n\n\n\n<p>&#171;Report&#187;un m\u0259lumat\u0131na g\u00f6r\u0259, iyulun 12-d\u0259n ba\u015flayaraq Az\u0259rbaycan-Erm\u0259nistan d\u00f6vl\u0259t s\u0259rh\u0259dinin Tovuz rayonu istiqam\u0259tind\u0259 Erm\u0259nistan silahl\u0131 q\u00fcvv\u0259l\u0259rinin m\u00f6vqel\u0259rimizi \u0259l\u0259 ke\u00e7irm\u0259k m\u0259qs\u0259dil\u0259 t\u00f6r\u0259tdiyi n\u00f6vb\u0259ti t\u0259xribat\u0131n qar\u015f\u0131s\u0131 odumuzun \u015f\u00fcca\u0259ti say\u0259sind\u0259 q\u0259tiyy\u0259tl\u0259 al\u0131n\u0131b, igid d\u00f6y\u00fc\u015f\u00e7\u00fcl\u0259rimizin h\u0259yata ke\u00e7irdiyi adekvat xarakterli \u0259ks t\u0259dbirl\u0259r n\u0259tic\u0259sind\u0259 d\u00fc\u015fm\u0259n geri oturdurularaq canl\u0131 q\u00fcvv\u0259sin\u0259 v\u0259 h\u0259rbi texnikas\u0131na ciddi z\u0259r\u0259r yetirilib.&nbsp;<\/p>\n\n\n\n<p>\u0130yulun 15-d\u0259 Az\u0259rbaycan Respublikas\u0131n\u0131n Nazirl\u0259r Kabinetinin 2020-ci ilin birinci yar\u0131s\u0131n\u0131n sosial-iqtisadi inki\u015faf\u0131n\u0131n yekunlar\u0131na v\u0259 qar\u015f\u0131da duran v\u0259zif\u0259l\u0259r\u0259 h\u0259sr olunan iclas\u0131nda Prezident&nbsp;\u0130lham \u018fliyevin \u00e7\u0131x\u0131\u015f\u0131ndan sonra \u00f6lk\u0259mizin ayr\u0131-ayr\u0131 \u015f\u0259h\u0259r v\u0259 rayonlar\u0131nda m\u00fcv\u0259qq\u0259ti m\u0259skunla\u015fm\u0131\u015f 200-d\u0259n \u00e7ox la\u00e7\u0131nl\u0131 g\u0259nc&nbsp;d\u0259 d\u00f6y\u00fc\u015fd\u0259 k\u00f6n\u00fcll\u00fc \u015f\u0259kild\u0259 i\u015ftirak etm\u0259k \u00fc\u00e7\u00fcn S\u0259f\u0259rb\u0259rlik v\u0259 H\u0259rbi Xidm\u0259t\u0259 \u00c7a\u011f\u0131r\u0131\u015f \u00fczr\u0259 D\u00f6vl\u0259t Xidm\u0259tinin La\u00e7\u0131n rayon b\u00f6lm\u0259sin\u0259 m\u00fcraci\u0259t ed\u0259r\u0259k h\u0259rbi qeydiyyata al\u0131n\u0131b.<\/p>\n\n\n\n<p>M\u0259nfur d\u00fc\u015fm\u0259n\u0259 qar\u015f\u0131 d\u00f6y\u00fc\u015fl\u0259rd\u0259 k\u00f6n\u00fcll\u00fc \u015f\u0259kild\u0259 i\u015ftirak etm\u0259k \u00fc\u00e7\u00fcn m\u00fcraci\u0259t ed\u0259n la\u00e7\u0131nl\u0131 g\u0259ncl\u0259r\u0259 rayon r\u0259hb\u0259rliyinin t\u0259\u015f\u0259kk\u00fcr\u00fc \u00e7atd\u0131r\u0131l\u0131b, m\u00fcraci\u0259tl\u0259ri il\u0259 ba\u011fl\u0131 onlara m\u00fcvafiq qanunvericiliyin t\u0259l\u0259bl\u0259ri \u0259trafl\u0131 izah olunaraq&nbsp;atd\u0131qlar\u0131 bu add\u0131m y\u00fcks\u0259k qiym\u0259tl\u0259ndirilib.<\/p>\n\n\n\n<p>La\u00e7\u0131nl\u0131lar Az\u0259rbaycan Ordusuna d\u0259st\u0259k verm\u0259k \u00fc\u00e7\u00fcn ham\u0131l\u0131qla Silahl\u0131 Q\u00fcvv\u0259l\u0259rimizin Ali Ba\u015f Komandan\u0131 \u0130lham \u018fliyevin \u0259mri il\u0259 qar\u015f\u0131ya qoyulan ist\u0259nil\u0259n v\u0259zif\u0259ni yerin\u0259 yetirm\u0259y\u0259, torpaqlar\u0131m\u0131z\u0131 i\u015f\u011faldan azad etm\u0259y\u0259 tam haz\u0131r olduqlar\u0131n\u0131 b\u0259yan edibl\u0259r.<\/p>\n\n\n\n<p>Haz\u0131rda da la\u00e7\u0131nl\u0131 g\u0259ncl\u0259rin d\u00fc\u015fm\u0259n\u0259 qar\u015f\u0131 d\u00f6y\u00fc\u015fl\u0259rd\u0259 k\u00f6n\u00fcll\u00fc \u015f\u0259kild\u0259 i\u015ftiraklar\u0131 il\u0259 ba\u011fl\u0131 S\u0259f\u0259rb\u0259rlik v\u0259 H\u0259rbi Xidm\u0259t\u0259 \u00c7a\u011f\u0131r\u0131\u015f \u00fczr\u0259 D\u00f6vl\u0259t Xidm\u0259tinin La\u00e7\u0131n rayon b\u00f6lm\u0259sin\u0259 m\u00fcraci\u0259tl\u0259ri davam etm\u0259kd\u0259dir.<\/p>\n","protected":false},"excerpt":{"rendered":"<p>La\u00e7\u0131nl\u0131 g\u0259ncl\u0259r Az\u0259rbaycan Silahl\u0131 Q\u00fcvv\u0259l\u0259rinin Ali Ba\u015f Komandan\u0131 \u0130lham \u018fliyevin d\u00f6y\u00fc\u015f \u0259mrini s\u0259birsizlikl\u0259 g\u00f6zl\u0259yirl\u0259r. &#171;Report&#187;un m\u0259lumat\u0131na g\u00f6r\u0259, iyulun 12-d\u0259n ba\u015flayaraq Az\u0259rbaycan-Erm\u0259nistan d\u00f6vl\u0259t s\u0259rh\u0259dinin Tovuz<\/p>\n","protected":false},"author":2,"featured_media":10260,"comment_status":"closed","ping_status":"closed","sticky":false,"template":"","format":"standard","meta":{"footnotes":""},"categories":[3],"tags":[],"class_list":["post-10259","post","type-post","status-publish","format-standard","has-post-thumbnail","hentry","category-gundm"],"aioseo_notices":[],"_links":{"self":[{"href":"https:\/\/fedai.az\/index.php?rest_route=\/wp\/v2\/posts\/10259","targetHints":{"allow":["GET"]}}],"collection":[{"href":"https:\/\/fedai.az\/index.php?rest_route=\/wp\/v2\/posts"}],"about":[{"href":"https:\/\/fedai.az\/index.php?rest_route=\/wp\/v2\/types\/post"}],"author":[{"embeddable":true,"href":"https:\/\/fedai.az\/index.php?rest_route=\/wp\/v2\/users\/2"}],"replies":[{"embeddable":true,"href":"https:\/\/fedai.az\/index.php?rest_route=%2Fwp%2Fv2%2Fcomments&post=10259"}],"version-history":[{"count":1,"href":"https:\/\/fedai.az\/index.php?rest_route=\/wp\/v2\/posts\/10259\/revisions"}],"predecessor-version":[{"id":10261,"href":"https:\/\/fedai.az\/index.php?rest_route=\/wp\/v2\/posts\/10259\/revisions\/10261"}],"wp:featuredmedia":[{"embeddable":true,"href":"https:\/\/fedai.az\/index.php?rest_route=\/wp\/v2\/media\/10260"}],"wp:attachment":[{"href":"https:\/\/fedai.az\/index.php?rest_route=%2Fwp%2Fv2%2Fmedia&parent=10259"}],"wp:term":[{"taxonomy":"category","embeddable":true,"href":"https:\/\/fedai.az\/index.php?rest_route=%2Fwp%2Fv2%2Fcategories&post=10259"},{"taxonomy":"post_tag","embeddable":true,"href":"https:\/\/fedai.az\/index.php?rest_route=%2Fwp%2Fv2%2Ftags&post=10259"}],"curies":[{"name":"wp","href":"https:\/\/api.w.org\/{rel}","templated":true}]}}