{"id":10263,"date":"2020-07-17T04:56:40","date_gmt":"2020-07-17T00:56:40","guid":{"rendered":"http:\/\/fedai.az\/?p=10263"},"modified":"2020-07-17T04:56:45","modified_gmt":"2020-07-17T00:56:45","slug":"avmvib-nizami-rayon-sob%c9%99sinin-s%c9%99dri-r%c9%99c%c9%99b-baxsiyev-biz-ali-bas-komandanin-%c9%99sg%c9%99rl%c9%99riyik","status":"publish","type":"post","link":"https:\/\/fedai.az\/?p=10263","title":{"rendered":"AVMV\u0130B Nizami rayon \u015f\u00f6b\u0259sinin s\u0259dri R\u0259c\u0259b Bax\u015f\u0131yev: &#171;Biz Ali Ba\u015f Komandan\u0131n \u0259sg\u0259rl\u0259riyik&#187;"},"content":{"rendered":"\n<p><strong>\u00d6nc\u0259 Az\u0259rbaycan\u0131n Tovuz rayonu istiqam\u0259tind\u0259 ged\u0259n t\u0259xribatlarda \u015f\u0259hid olan igidl\u0259rimiz\u0259 Allahdan r\u0259hm\u0259t, yaral\u0131 \u0259sg\u0259rl\u0259rimiz\u0259 is\u0259 \u015f\u0259fa dil\u0259yir\u0259m.<\/strong><\/p>\n\n\n\n<p>M\u00fcdafi\u0259nin \u00f6n x\u0259ttind\u0259 yer alan general-mayor Polad H\u0259\u015fimov, polkovnik \u0130lqar Mirz\u0259yev, mayor Namiq \u018fhm\u0259dov, mayor Anar Novruzov, ba\u015f leytenant R\u0259\u015fad Mahmudov, m\u00fcdd\u0259td\u0259n art\u0131q h\u0259qiqi h\u0259rbi xidm\u0259t h\u0259rbi qulluq\u00e7ular\u0131 \u00e7avu\u015f V\u00fcqar Sad\u0131qov, ba\u015f \u0259sg\u0259r El\u015fad M\u0259mm\u0259dov v\u0259 \u0259sg\u0259rl\u0259r X\u0259yyam Da\u015fd\u0259mirov, \u018ffqan \u0130smay\u0131lov \u015f\u0259hidlik zirv\u0259sin\u0259 y\u00fcks\u0259ldil\u0259r. Az\u0259rbaycan\u0131n \u0259razi b\u00fct\u00f6vl\u00fcy\u00fc u\u011frunda, torpaqlar\u0131m\u0131z\u0131n qorunmas\u0131nda canlar\u0131ndan ke\u00e7\u0259n \u015f\u0259hidl\u0259rimiz bizim f\u0259xrimiz \u2013 q\u00fcrur m\u0259nb\u0259yimizdir.<\/p>\n\n\n\n<p>Nazirl\u0259r Kabinetinin 2020-ci ilin birinci yar\u0131s\u0131n\u0131n sosial-iqtisadi inki\u015faf\u0131n\u0131n yekunlar\u0131na v\u0259 qar\u015f\u0131da duran v\u0259zif\u0259l\u0259r\u0259 h\u0259sr olunan iclas\u0131nda bu bar\u0259d\u0259 dan\u0131\u015fan Prezident \u0130lham \u018fliyev deyib: \u201cBu add\u0131m onlar\u0131n acizliyini, qorxaql\u0131\u011f\u0131n\u0131 g\u00f6st\u0259rir. Onu g\u00f6st\u0259rir ki, Az\u0259rbaycan qar\u015f\u0131s\u0131nda t\u0259kba\u015f\u0131na duru\u015f g\u0259tir\u0259 bilm\u0259y\u0259c\u0259kl\u0259r v\u0259 onu bilirl\u0259r. Biz d\u0259 bunu bilirik. KTMT-ya m\u00fcraci\u0259t etm\u0259k onlar\u0131n qorxaql\u0131\u011f\u0131n\u0131n n\u00f6vb\u0259ti t\u0259zah\u00fcr\u00fcd\u00fcr. Onlar \u00f6z qorxaql\u0131\u011f\u0131n\u0131, r\u0259hb\u0259rliyin qorxaql\u0131\u011f\u0131n\u0131 bir daha g\u00f6st\u0259rdil\u0259r. Yax\u015f\u0131, q\u0259l\u0259t el\u0259mis\u0259n, t\u0259xribat t\u00f6r\u0259tmis\u0259n, cinay\u0259t t\u00f6r\u0259tmis\u0259n, &#8212; cavab ver buna\u201d. D\u00f6vl\u0259timizin ba\u015f\u00e7\u0131s\u0131 \u0259lav\u0259 edib bildirdi ki, erm\u0259nil\u0259r Aprel d\u00f6y\u00fc\u015fl\u0259rind\u0259 oldu\u011fu kimi, bu d\u0259f\u0259 d\u0259 \u00f6l\u0259nl\u0259rin say\u0131n\u0131 gizl\u0259dirl\u0259r. Az\u0259rbaycan \u00f6l\u0259n erm\u0259ni h\u0259rb\u00e7il\u0259r haqq\u0131nda m\u0259lumat ver\u0259nd\u0259n sonra onlar bunu etiraf etdil\u0259r. Bu bir daha onlar\u0131n acizliyini, riyakar siyas\u0259tini g\u00f6st\u0259rir.<\/p>\n\n\n\n<p>C\u0259nab Prezidentin q\u0259tiyy\u0259ti, y\u00fcr\u00fctd\u00fcy\u00fc siyas\u0259tin n\u0259tic\u0259sidir ki, bu g\u00fcn erm\u0259nil\u0259r k\u00fcnc\u0259 s\u0131x\u0131lm\u0131\u015f v\u0259ziyy\u0259td\u0259dir. Bak\u0131da ordumuza v\u0259 Ali Ba\u015f Komandana \u0259halinin g\u00f6st\u0259rdiyi d\u0259st\u0259k v\u0259 onun \u0259mriyl\u0259 c\u0259bh\u0259y\u0259 getm\u0259y\u0259 h\u0259r bir \u015f\u0259xsin haz\u0131r olmas\u0131 d\u00fc\u015fm\u0259ni t\u0259\u015fvi\u015f\u0259 sal\u0131b. Az\u0259rbaycan xalq\u0131 g\u00f6st\u0259rdi ki, c\u0259sur, g\u00fccl\u00fc v\u0259 m\u00fct\u0259\u015f\u0259kkil xalqd\u0131r, torpaqlar\u0131n\u0131, V\u0259t\u0259nini, tarixini qoruma\u011fa v\u0259 onlar\u0131n u\u011frunda can\u0131ndan ke\u00e7m\u0259y\u0259 haz\u0131rd\u0131r.<\/p>\n\n\n\n<p>Son g\u00fcnl\u0259r Milli Ordumuzun erm\u0259ni t\u0259xribatlar\u0131na tutarl\u0131 cavab verm\u0259si ham\u0131m\u0131z\u0131 q\u00fcrurland\u0131rd\u0131. Biz bu u\u011furlara \u00fcr\u0259kd\u0259n sevinirik. \u0130nan\u0131r\u0131q ki, yax\u0131n vaxtlarda i\u015f\u011fal alt\u0131ndak\u0131 b\u00fct\u00fcn rayonlar\u0131m\u0131z Ali Ba\u015f Komandan\u0131n r\u0259hb\u0259rliyi v\u0259 q\u0259tiyy\u0259ti il\u0259 azad edil\u0259c\u0259k. Biz &#8212; m\u00fcharib\u0259 veteranlar\u0131n\u0131n \u0259n \u00fcmd\u0259 arzusu c\u0259nab \u0130lham \u018fliyevin r\u0259hb\u0259rliyi altda V\u0259t\u0259nimizin h\u0259r qar\u0131\u015f\u0131n\u0131 d\u00fc\u015fm\u0259n tapda\u011f\u0131ndan azad etm\u0259kdir. H\u0259r an veril\u0259c\u0259k \u0259mr\u0259 haz\u0131r\u0131q v\u0259 bu yolda D\u00f6vl\u0259timizin, Ali Ba\u015f Komandan\u0131m\u0131z\u0131n yan\u0131nday\u0131q. D\u00fc\u015fmn\u0259, h\u0259m iqtisadi, h\u0259m siyasi, h\u0259m d\u0259 h\u0259rbi sah\u0259d\u0259 ciddi z\u0259rb\u0259l\u0259r vurmu\u015f Komandan\u0131m\u0131z\u0131n ver\u0259c\u0259yi \u0259mri g\u00f6zl\u0259yirik!<\/p>\n\n\n\n<p><strong>\u00d6lk\u0259mizin inki\u015faf\u0131nda v\u0259 h\u0259rbi q\u00fcdr\u0259timizin art\u0131r\u0131lmas\u0131nda misilsiz xidm\u0259tl\u0259ri olan liderimiz b\u0259lli v\u0259 h\u0259d\u0259fl\u0259rimiz b\u0259llidir. Biz Ali Ba\u015f Komandan\u0131n \u0259sg\u0259rl\u0259riyik v\u0259 &#171;Biz h\u0259qiq\u0259t\u0259n d\u0259 birlikd\u0259 g\u00fccl\u00fcy\u00fck!&#187;<\/strong><\/p>\n\n\n\n<p>Bunu \u00f6lk\u0259 r\u0259hb\u0259rinin bir \u00e7a\u011fr\u0131\u015f\u0131yla minl\u0259rl\u0259 adam s\u0259f\u0259rb\u0259rlik idar\u0259l\u0259rin\u0259 ax\u0131\u015fd\u0131. \u00c7\u00fcnki \u00f6z liderl\u0259rin\u0259 inan\u0131r v\u0259 c\u0259nab prezidentin bu yolda d\u00f6nm\u0259z siyas\u0259tinin \u015fahidl\u0259ridirl\u0259r. <\/p>\n\n\n\n<p>Prezident \u0130lham \u018fliyev Nazirl\u0259r Kabinetinin 2020-ci ilin birinci yar\u0131s\u0131n\u0131n sosial-iqtisadi inki\u015faf\u0131n\u0131n yekunlar\u0131na v\u0259 qar\u015f\u0131da duran v\u0259zif\u0259l\u0259r\u0259 h\u0259sr olunan iclas\u0131nda s\u00f6y\u0259diyi fikirl\u0259ri t\u0259krarlamaq ist\u0259yir\u0259m: <strong>\u201cBu g\u00fcn biz g\u00fccl\u00fc ordu yaratm\u0131\u015f\u0131q. Bu g\u00fcn xalq-iqtidar birliyi Az\u0259rbaycanda sabitliyin inki\u015faf\u0131n\u0131n \u0259sas \u015f\u0259rtidir. Ona g\u00f6r\u0259 Erm\u0259nistan-Az\u0259rbaycan Da\u011fl\u0131q Qaraba\u011f m\u00fcnaqi\u015f\u0259si il\u0259 ba\u011fl\u0131 bir add\u0131m geri atmayaca\u011f\u0131q. Az\u0259rbaycan\u0131n \u0259razi b\u00fct\u00f6vl\u00fcy\u00fc b\u0259rpa edilm\u0259lidir v\u0259 bizim bu m\u0259s\u0259l\u0259 il\u0259 ba\u011fl\u0131 fikrimiz q\u0259tidir!<\/strong>\u201d<\/p>\n\n\n\n<figure class=\"wp-block-image size-large is-resized\"><img loading=\"lazy\" decoding=\"async\" src=\"http:\/\/fedai.az\/wp-content\/uploads\/2020\/07\/rec.jpg\" alt=\"\" class=\"wp-image-10264\" width=\"217\" height=\"307\" srcset=\"https:\/\/fedai.az\/wp-content\/uploads\/2020\/07\/rec.jpg 433w, https:\/\/fedai.az\/wp-content\/uploads\/2020\/07\/rec-212x300.jpg 212w, https:\/\/fedai.az\/wp-content\/uploads\/2020\/07\/rec-106x150.jpg 106w\" sizes=\"auto, (max-width: 217px) 100vw, 217px\" \/><\/figure>\n\n\n\n<p><strong>R\u0259c\u0259b Bax\u015f\u0131yev<br>AVMV\u0130B Nizami rayon \u015f\u00f6b\u0259sinin s\u0259dri, AVMV\u0130B s\u0259drinin s\u0259lahiyy\u0259tli n\u00fcmay\u0259nd\u0259si<\/strong><\/p>\n","protected":false},"excerpt":{"rendered":"<p>\u00d6nc\u0259 Az\u0259rbaycan\u0131n Tovuz rayonu istiqam\u0259tind\u0259 ged\u0259n t\u0259xribatlarda \u015f\u0259hid olan igidl\u0259rimiz\u0259 Allahdan r\u0259hm\u0259t, yaral\u0131 \u0259sg\u0259rl\u0259rimiz\u0259 is\u0259 \u015f\u0259fa dil\u0259yir\u0259m. M\u00fcdafi\u0259nin \u00f6n x\u0259ttind\u0259 yer alan general-mayor Polad<\/p>\n","protected":false},"author":2,"featured_media":0,"comment_status":"closed","ping_status":"closed","sticky":false,"template":"","format":"standard","meta":{"footnotes":""},"categories":[5],"tags":[],"class_list":["post-10263","post","type-post","status-publish","format-standard","hentry","category-veteran"],"aioseo_notices":[],"_links":{"self":[{"href":"https:\/\/fedai.az\/index.php?rest_route=\/wp\/v2\/posts\/10263","targetHints":{"allow":["GET"]}}],"collection":[{"href":"https:\/\/fedai.az\/index.php?rest_route=\/wp\/v2\/posts"}],"about":[{"href":"https:\/\/fedai.az\/index.php?rest_route=\/wp\/v2\/types\/post"}],"author":[{"embeddable":true,"href":"https:\/\/fedai.az\/index.php?rest_route=\/wp\/v2\/users\/2"}],"replies":[{"embeddable":true,"href":"https:\/\/fedai.az\/index.php?rest_route=%2Fwp%2Fv2%2Fcomments&post=10263"}],"version-history":[{"count":1,"href":"https:\/\/fedai.az\/index.php?rest_route=\/wp\/v2\/posts\/10263\/revisions"}],"predecessor-version":[{"id":10265,"href":"https:\/\/fedai.az\/index.php?rest_route=\/wp\/v2\/posts\/10263\/revisions\/10265"}],"wp:attachment":[{"href":"https:\/\/fedai.az\/index.php?rest_route=%2Fwp%2Fv2%2Fmedia&parent=10263"}],"wp:term":[{"taxonomy":"category","embeddable":true,"href":"https:\/\/fedai.az\/index.php?rest_route=%2Fwp%2Fv2%2Fcategories&post=10263"},{"taxonomy":"post_tag","embeddable":true,"href":"https:\/\/fedai.az\/index.php?rest_route=%2Fwp%2Fv2%2Ftags&post=10263"}],"curies":[{"name":"wp","href":"https:\/\/api.w.org\/{rel}","templated":true}]}}